{"id":9980,"date":"2018-07-21T22:25:56","date_gmt":"2018-07-21T20:25:56","guid":{"rendered":"https:\/\/kodmalopolska.pl\/?p=9980"},"modified":"2018-07-21T22:25:56","modified_gmt":"2018-07-21T20:25:56","slug":"manifestacje-w-malopolsce-20-lipca-2018","status":"publish","type":"post","link":"https:\/\/kodmalopolska.pl\/?p=9980","title":{"rendered":"Manifestacje w Ma\u0142opolsce 20 lipca 2018"},"content":{"rendered":"<p>20 lipca 2018 w wielu miastach Ma\u0142opolski zorganizowano manifestacje w obronie S\u0105downictwa. Mi\u0119dzy innymi w Tarnowie, Olkuszu, Chrzanowie, Gorlicach, D\u0105browie Tarnowskiej,\u00a0 Wadowicach i Suchej Bespiskiej (tak teraz manifestuj\u0105cy nazywaj\u0105\u00a0 Such\u0105 Beskidzk\u0105).<\/p>\n<p>Odczytano poni\u017cszy tekst:<\/p>\n<p>Ko\u0144czy si\u0119 historyczny tydzie\u0144, kt\u00f3ry mo\u017ce si\u0119 okaza\u0107 jednym ze smutniejszych tygodni w polskiej historii. Chyba jeszcze nie do ko\u0144ca rozumiemy, co PiS wyrz\u0105dzi\u0142o Polsce. By\u0142o w naszych dziejach wielu rz\u0105dz\u0105cych, kt\u00f3rzy podejmowali z\u0142e lub tragiczne decyzje. Zawsze jednak nast\u0119powa\u0142o to w bardzo trudnych warunkach, w kt\u00f3rych \u0142atwo o b\u0142\u0105d. Dzisiaj po raz pierwszy niszczenie pa\u0144stwa dokonuje si\u0119 w sytuacji, gdy mimo wszystkich niedomaga\u0144 Polska odnosi\u0142a najwi\u0119kszy w swoich dziejach sukces. To, co PiS robi z Polsk\u0105, mo\u017ce si\u0119 okaza\u0107 jedn\u0105 z najwi\u0119kszych zbrodni wyrz\u0105dzonych naszej ojczy\u017anie przez jej obywateli. Nie jeste\u015bmy jednak bezradni. Musimy dzia\u0142a\u0107, organizowa\u0107 si\u0119, rozumiej\u0105c, \u017ce nasze wewn\u0119trzne spory i s\u0142abo\u015bci s\u0105 si\u0142\u0105 PiS-u, podobnie jak nasze lenistwo i wiara, \u017ce jako\u015b to b\u0119dzie. Ot\u00f3\u017c nie b\u0119dzie. Dlatego czas na program pozytywny. Musimy u\u015bwiadamia\u0107 osobom, kt\u00f3re korzystaj\u0105c z obni\u017conych do poziomu \u015bmieszno\u015bci kryteri\u00f3w, chcia\u0142yby teraz zosta\u0107 s\u0119dziami, \u017ce ich wyb\u00f3r wobec braku konstytucyjnej Krajowej Rady S\u0105downictwa b\u0119dzie niewa\u017cny. Konieczne jest wdro\u017cenie przez partie opozycyjne programu Ludwika Dorna, to jest argumentowanie jasno, \u017ce ten, kto da si\u0119 uwie\u015b\u0107 PiS-owi i zechce wzi\u0105\u0107 udzia\u0142 w zamachu na s\u0105dy, nie tylko nie b\u0119dzie s\u0119dzi\u0105, ale te\u017c straci prawo do wykonywania zawod\u00f3w prawniczych, nie m\u00f3wi\u0105c ju\u017c o jakimkolwiek stanie spoczynku. W obecnej sytuacji nikt zgodnie z prawem nie mo\u017ce zosta\u0107 s\u0119dzi\u0105 ani jako s\u0119dzia by\u0107 awansowany. Musimy aktywnie uczestniczy\u0107 w obywatelskiej kontroli wybor\u00f3w. PiS, obsadzaj\u0105c nowe izby S\u0105du Najwy\u017cszego swoimi s\u0142u\u017calcami, zyska faktyczn\u0105 w\u0142adz\u0119 nad procesem wyborczym. Musimy zrobi\u0107 wszystko, by wybory nie zosta\u0142y sfa\u0142szowane. Musimy by\u0107 gotowi do masowego protestu w przypadku zamachu PiS-u na wolno\u015b\u0107 wybor\u00f3w. Musimy t\u0142umaczy\u0107 naszym bliskim i s\u0105siadom, \u017ce popieraj\u0105c PiS, niszcz\u0105 Polsk\u0119. Musimy bra\u0107 udzia\u0142 w zebraniach z kandydatami, zw\u0142aszcza kandydatami PiS-u, pytaj\u0105c ich o praworz\u0105dno\u015b\u0107, s\u0105dy i samorz\u0105d. Nie pozwalajmy im na k\u0142amstwa. Musz\u0105 czu\u0107 kontrol\u0119 opozycji. Reagujmy na wypadki agitacji w Ko\u015bcio\u0142ach, bo taka agitacja niszczy i demokracj\u0119, i Ko\u015bci\u00f3\u0142. B\u0105d\u017amy solidarni i tolerancyjni wobec wszystkich, kt\u00f3rzy pragn\u0105 demokracji i wolno\u015bci. Teraz chodzi o Polsk\u0119. Nie dajmy si\u0119 zwie\u015b\u0107 opowie\u015bciom o z\u0142ych s\u0119dziach. Wiele rzeczy jest do naprawy, ale naprawa wymaga przywr\u00f3cenia pa\u0144stwa prawa i demokracji. \u017byjemy w dyktaturze z podporz\u0105dkowan\u0105 jej celom prokuratur\u0105. Notujmy nazwiska tych wszystkich, kt\u00f3rzy na rzecz dyktatury dzia\u0142aj\u0105. Ludzie ci musz\u0105 wiedzie\u0107, \u017ce w pa\u0144stwie prawa trzeba b\u0119dzie kiedy\u015b zda\u0107 rachunek ze swoich czyn\u00f3w. P\u00f3ki my \u017cyjemy, a to znaczy: p\u00f3ki nam zale\u017cy, p\u00f3ki nie pogodzili\u015bmy si\u0119 z dyktatur\u0105, Polska nie umar\u0142a.<\/p>\n","protected":false},"excerpt":{"rendered":"<p>20 lipca 2018 w wielu miastach Ma\u0142opolski zorganizowano manifestacje w obronie S\u0105downictwa. Mi\u0119dzy innymi w Tarnowie, Olkuszu, Chrzanowie, Gorlicach, D\u0105browie [&#8230;]<\/p>\n","protected":false},"author":31,"featured_media":8947,"comment_status":"closed","ping_status":"open","sticky":false,"template":"","format":"standard","meta":{"_EventAllDay":false,"_EventTimezone":"","_EventStartDate":"","_EventEndDate":"","_EventStartDateUTC":"","_EventEndDateUTC":"","_EventShowMap":false,"_EventShowMapLink":false,"_EventURL":"","_EventCost":"","_EventCostDescription":"","_EventCurrencySymbol":"","_EventCurrencyCode":"","_EventCurrencyPosition":"","_EventDateTimeSeparator":"","_EventTimeRangeSeparator":"","_EventOrganizerID":[],"_EventVenueID":[],"_OrganizerEmail":"","_OrganizerPhone":"","_OrganizerWebsite":"","_VenueAddress":"","_VenueCity":"","_VenueCountry":"","_VenueProvince":"","_VenueState":"","_VenueZip":"","_VenuePhone":"","_VenueURL":"","_VenueStateProvince":"","_VenueLat":"","_VenueLng":"","_VenueShowMap":false,"_VenueShowMapLink":false,"footnotes":""},"categories":[28],"tags":[217,297,169,346],"class_list":["post-9980","post","type-post","status-publish","format-standard","has-post-thumbnail","hentry","category-malopolskie-news","tag-demonstracja","tag-kod-malopolska","tag-manifestacja","tag-wolne-sady","malopolskie-news"],"_links":{"self":[{"href":"https:\/\/kodmalopolska.pl\/index.php?rest_route=\/wp\/v2\/posts\/9980","targetHints":{"allow":["GET"]}}],"collection":[{"href":"https:\/\/kodmalopolska.pl\/index.php?rest_route=\/wp\/v2\/posts"}],"about":[{"href":"https:\/\/kodmalopolska.pl\/index.php?rest_route=\/wp\/v2\/types\/post"}],"author":[{"embeddable":true,"href":"https:\/\/kodmalopolska.pl\/index.php?rest_route=\/wp\/v2\/users\/31"}],"replies":[{"embeddable":true,"href":"https:\/\/kodmalopolska.pl\/index.php?rest_route=%2Fwp%2Fv2%2Fcomments&post=9980"}],"version-history":[{"count":0,"href":"https:\/\/kodmalopolska.pl\/index.php?rest_route=\/wp\/v2\/posts\/9980\/revisions"}],"wp:featuredmedia":[{"embeddable":true,"href":"https:\/\/kodmalopolska.pl\/index.php?rest_route=\/wp\/v2\/media\/8947"}],"wp:attachment":[{"href":"https:\/\/kodmalopolska.pl\/index.php?rest_route=%2Fwp%2Fv2%2Fmedia&parent=9980"}],"wp:term":[{"taxonomy":"category","embeddable":true,"href":"https:\/\/kodmalopolska.pl\/index.php?rest_route=%2Fwp%2Fv2%2Fcategories&post=9980"},{"taxonomy":"post_tag","embeddable":true,"href":"https:\/\/kodmalopolska.pl\/index.php?rest_route=%2Fwp%2Fv2%2Ftags&post=9980"}],"curies":[{"name":"wp","href":"https:\/\/api.w.org\/{rel}","templated":true}]}}