{"id":9858,"date":"2018-07-05T09:35:15","date_gmt":"2018-07-05T07:35:15","guid":{"rendered":"https:\/\/kodmalopolska.pl\/?p=9858"},"modified":"2018-07-05T10:52:41","modified_gmt":"2018-07-05T08:52:41","slug":"relacja-z-manifestacji-przed-sadem-w-krakowie-4-lipca-2018","status":"publish","type":"post","link":"https:\/\/kodmalopolska.pl\/?p=9858","title":{"rendered":"Relacja z manifestacji przed S\u0105dem w Krakowie 4 lipca 2018"},"content":{"rendered":"<p>Protesty nie ust\u0119puj\u0105. Drugi dzie\u0144 z rz\u0119du Polacy wyra\u017caj\u0105 sw\u00f3j sprzeciw przed budynkami s\u0105d\u00f3w w ca\u0142ej Polsce. Dzisiaj w Warszawie setki os\u00f3b towarzyszy\u0142y Ma\u0142gorzacie Gersdorf, I prezes S\u0105du Najwy\u017cszego, i innym s\u0119dziom w drodze do pracy. I prezes SN nie zrezygnowa\u0142a z urz\u0119du i nie przechodzi w stan spoczynku. Poniewa\u017c jednak nie mo\u017cna wykluczy\u0107, \u017ce pe\u0142nienie funkcji zostanie jej uniemo\u017cliwione, powo\u0142a\u0142a zast\u0119pc\u0119 na wypadek swojej nieobecno\u015bci.<\/p>\n<p>Op\u00f3r s\u0119dzi\u00f3w wsparty przez tysi\u0105ce ludzi w ca\u0142ej Polsce \u015bwiadczy, \u017ce obywatele nie chc\u0105 by\u0107 bierni wobec destrukcji demokracji w naszym kraju. W Parlamencie Europejskim premier Mateusz Morawiecki twierdzi\u0142 wczoraj, \u017ce partia rz\u0105dz\u0105ca wzmacnia niezale\u017cno\u015b\u0107 s\u0119dziowsk\u0105. Prawo i Sprawiedliwo\u015b\u0107 jednak notorycznie ingeruje w funkcjonowanie s\u0105downictwa, pr\u00f3buj\u0105c zastraszy\u0107 s\u0119dzi\u00f3w, kt\u00f3rzy nie s\u0105 sk\u0142onni ulega\u0107 decyzjom partii politycznej, \u0142ami\u0105cej Konstytucj\u0119.<\/p>\n<p>Solidarno\u015b\u0107 z s\u0119dziami okazali wczoraj tak\u017ce mieszka\u0144cy Krakowa, kt\u00f3rzy o godzinie 20 zgromadzili si\u0119 licznie na ulicy Przy Rondzie przed gmachem S\u0105du Okr\u0119gowego. Manifestacji przygl\u0105dali si\u0119 policjanci, kt\u00f3rzy tego wieczora pilnowali wej\u015bcia do budynku. Zwr\u00f3ci\u0142 si\u0119 do nich s\u0119dzia S\u0105du Okr\u0119gowego w Krakowie Waldemar \u017burek:<\/p>\n<p>\u2013 je\u017celi kiedykolwiek wasi prze\u0142o\u017ceni wydadz\u0105 wam rozkaz, kt\u00f3ry \u0142amie zasady moralne i Konstytucj\u0119, mam nadziej\u0119, \u017ce staniecie po naszej stronie!<\/p>\n<p>Wskazywa\u0142, \u017ce pa\u0144stwo autorytarne buduje si\u0119 metod\u0105 ma\u0142ych krok\u00f3w, a \u015bwie\u017co wydany zakaz wst\u0119pu na schody budynku jest w\u0142a\u015bnie takim krokiem.<\/p>\n<p>Beata Morawiec, by\u0142a prezes S\u0105du Okr\u0119gowego w Krakowie, apelowa\u0142a do Komisji Europejskiej, by jak najszybciej skierowa\u0142a ustaw\u0119 o S\u0105dzie Najwy\u017cszym do Trybuna\u0142u Sprawiedliwo\u015bci UE. S\u0119dzia S\u0105du Apelacyjnego w Krakowie Pawe\u0142 Rygiel zach\u0119ca\u0142, by s\u0119dziowie dla wygody nie rezygnowali z walki o praworz\u0105dno\u015b\u0107, by opowiedzieli si\u0119 za demokratycznym pa\u0144stwem prawa. Przed krakowskim s\u0105dem przemawia\u0142 tak\u017ce adwokat Tomasz Cyrol, kt\u00f3ry przypomina\u0142 zgormadzonym:<\/p>\n<p>\u2013 Skutki zmian, skutki likwidacji niezale\u017cnego s\u0105downictwa mo\u017ce odczu\u0107 ka\u017cdy z nas. Istnieje ryzyko, \u017ce do spraw w sferze zainteresowania partii rz\u0105dz\u0105cej lub jej funkcjonariuszy b\u0119d\u0105 wyznaczani okre\u015bleni s\u0119dziowie, a orzeczenia niekorzystne dla partii zmieniane w drugiej instancji.<\/p>\n<p>Ewelina Pytel, katoliczka i feministka, apelowa\u0142a:<\/p>\n<p>\u2013 Niezale\u017cnie od tego, jakie s\u0105 nasze wybory religijne czy \u015bwiatopogl\u0105dowe, dzia\u0142ajmy razem na rzecz pa\u0144stwa opartego na prawie i gwarancjach wolno\u015bci jednostki!<\/p>\n<p>Ci\u0119\u017cko by\u0142o utrzyma\u0107 emocje na wodzy. Zebrani skandowali has\u0142a \u201eWolno\u015b\u0107 \u2013 r\u00f3wno\u015b\u0107 \u2013 solidarno\u015b\u0107\u201d, \u201eEuropo, nie odpuszczaj!\u201d, \u201eWolne s\u0105dy, wolni ludzie, wolna Polska\u201d. Zwr\u00f3cili si\u0119 te\u017c do policjant\u00f3w z propozycj\u0105 \u201eChod\u017acie z nami!\u201d<\/p>\n<p>Na zako\u0144czenie protestu od\u015bpiewano Mazurka D\u0105browskiego. Z zapalonymi \u015bwiecami i nadziej\u0105 na lepsze jutro dla Polski uczestnicy rozeszli si\u0119 do dom\u00f3w, tworz\u0105c widoczny z daleka \u0142a\u0144cuch \u015bwiat\u0142a mi\u0119dzy Rondem Mogilskim i Grzeg\u00f3rzeckim. Mo\u017cna by\u0142o us\u0142ysze\u0107 stanowcze zapewnienia \u201eNie odpu\u015bcimy!\u201d<\/p>\n<p><a href=\"http:\/\/krakow.wyborcza.pl\/krakow\/7,44425,23636441,drugi-dzien-protestow-w-obronie-sadu-najwyzszego-sn-ostatnia.html#BoxLokKrakLink\">http:\/\/krakow.wyborcza.pl\/krakow\/7,44425,23636441,drugi-dzien-protestow-w-obronie-sadu-najwyzszego-sn-ostatnia.html#BoxLokKrakLink<\/a><\/p>\n","protected":false},"excerpt":{"rendered":"<p>Protesty nie ust\u0119puj\u0105. Drugi dzie\u0144 z rz\u0119du Polacy wyra\u017caj\u0105 sw\u00f3j sprzeciw przed budynkami s\u0105d\u00f3w w ca\u0142ej Polsce. Dzisiaj w Warszawie [&#8230;]<\/p>\n","protected":false},"author":31,"featured_media":9859,"comment_status":"closed","ping_status":"open","sticky":false,"template":"","format":"standard","meta":{"_EventAllDay":false,"_EventTimezone":"","_EventStartDate":"","_EventEndDate":"","_EventStartDateUTC":"","_EventEndDateUTC":"","_EventShowMap":false,"_EventShowMapLink":false,"_EventURL":"","_EventCost":"","_EventCostDescription":"","_EventCurrencySymbol":"","_EventCurrencyCode":"","_EventCurrencyPosition":"","_EventDateTimeSeparator":"","_EventTimeRangeSeparator":"","_EventOrganizerID":[],"_EventVenueID":[],"_OrganizerEmail":"","_OrganizerPhone":"","_OrganizerWebsite":"","_VenueAddress":"","_VenueCity":"","_VenueCountry":"","_VenueProvince":"","_VenueState":"","_VenueZip":"","_VenuePhone":"","_VenueURL":"","_VenueStateProvince":"","_VenueLat":"","_VenueLng":"","_VenueShowMap":false,"_VenueShowMapLink":false,"footnotes":""},"categories":[28,354,31],"tags":[217,297,201,208,169,347,384,443],"class_list":["post-9858","post","type-post","status-publish","format-standard","has-post-thumbnail","hentry","category-malopolskie-news","category-dzialania-wspierane-przez-kod-mlp","category-relacje-krakow","tag-demonstracja","tag-kod-malopolska","tag-konstytucja","tag-krakow","tag-manifestacja","tag-sad","tag-sadownictwo","tag-sady","malopolskie-news","dzialania-wspierane-przez-kod-mlp","relacje-krakow"],"_links":{"self":[{"href":"https:\/\/kodmalopolska.pl\/index.php?rest_route=\/wp\/v2\/posts\/9858","targetHints":{"allow":["GET"]}}],"collection":[{"href":"https:\/\/kodmalopolska.pl\/index.php?rest_route=\/wp\/v2\/posts"}],"about":[{"href":"https:\/\/kodmalopolska.pl\/index.php?rest_route=\/wp\/v2\/types\/post"}],"author":[{"embeddable":true,"href":"https:\/\/kodmalopolska.pl\/index.php?rest_route=\/wp\/v2\/users\/31"}],"replies":[{"embeddable":true,"href":"https:\/\/kodmalopolska.pl\/index.php?rest_route=%2Fwp%2Fv2%2Fcomments&post=9858"}],"version-history":[{"count":0,"href":"https:\/\/kodmalopolska.pl\/index.php?rest_route=\/wp\/v2\/posts\/9858\/revisions"}],"wp:featuredmedia":[{"embeddable":true,"href":"https:\/\/kodmalopolska.pl\/index.php?rest_route=\/wp\/v2\/media\/9859"}],"wp:attachment":[{"href":"https:\/\/kodmalopolska.pl\/index.php?rest_route=%2Fwp%2Fv2%2Fmedia&parent=9858"}],"wp:term":[{"taxonomy":"category","embeddable":true,"href":"https:\/\/kodmalopolska.pl\/index.php?rest_route=%2Fwp%2Fv2%2Fcategories&post=9858"},{"taxonomy":"post_tag","embeddable":true,"href":"https:\/\/kodmalopolska.pl\/index.php?rest_route=%2Fwp%2Fv2%2Ftags&post=9858"}],"curies":[{"name":"wp","href":"https:\/\/api.w.org\/{rel}","templated":true}]}}