{"id":9826,"date":"2018-07-01T23:16:31","date_gmt":"2018-07-01T21:16:31","guid":{"rendered":"https:\/\/kodmalopolska.pl\/?p=9826"},"modified":"2018-07-01T23:24:58","modified_gmt":"2018-07-01T21:24:58","slug":"sedziowie-i-prokuratorzy-apeluja-o-obecnosc-3-i-4-lipca-2018r-pod-sadem-najwyzszym","status":"publish","type":"post","link":"https:\/\/kodmalopolska.pl\/?p=9826","title":{"rendered":"S\u0119dziowie i Prokuratorzy apeluj\u0105 o obecno\u015b\u0107 3 i 4 lipca 2018r. pod S\u0105dem Najwy\u017cszym"},"content":{"rendered":"<p><a href=\"https:\/\/www.iustitia.pl\/dzialalnosc\/informacje-oswiadczenia\/informacje\/2390-sedziowie-i-prokuratorzy-apeluja-o-obecnosc-3-i-4-lipca-2018r-pod-sadem-najwyzszym\">www.iustitia.pl<\/a><\/p>\n<p><a href=\"https:\/\/kodmalopolska.pl\/sedziowie-i-prokuratorzy-apeluja-o-obecnosc-3-i-4-lipca-2018r-pod-sadem-najwyzszym\/apel_sn_3_4_lipca_2018\/\" rel=\"attachment wp-att-9827\"><img loading=\"lazy\" decoding=\"async\" class=\"alignnone size-full wp-image-9827\" src=\"https:\/\/kodmalopolska.pl\/wp-content\/uploads\/2018\/07\/Apel_SN_3_4_lipca_2018.jpg\" alt=\"\" width=\"2483\" height=\"3513\" \/><\/a><\/p>\n","protected":false},"excerpt":{"rendered":"<p>www.iustitia.pl<\/p>\n","protected":false},"author":31,"featured_media":9839,"comment_status":"closed","ping_status":"open","sticky":false,"template":"","format":"standard","meta":{"_EventAllDay":false,"_EventTimezone":"","_EventStartDate":"","_EventEndDate":"","_EventStartDateUTC":"","_EventEndDateUTC":"","_EventShowMap":false,"_EventShowMapLink":false,"_EventURL":"","_EventCost":"","_EventCostDescription":"","_EventCurrencySymbol":"","_EventCurrencyCode":"","_EventCurrencyPosition":"","_EventDateTimeSeparator":"","_EventTimeRangeSeparator":"","_EventOrganizerID":[],"_EventVenueID":[],"_OrganizerEmail":"","_OrganizerPhone":"","_OrganizerWebsite":"","_VenueAddress":"","_VenueCity":"","_VenueCountry":"","_VenueProvince":"","_VenueState":"","_VenueZip":"","_VenuePhone":"","_VenueURL":"","_VenueStateProvince":"","_VenueLat":"","_VenueLng":"","_VenueShowMap":false,"_VenueShowMapLink":false,"footnotes":""},"categories":[1],"tags":[169,347],"class_list":["post-9826","post","type-post","status-publish","format-standard","has-post-thumbnail","hentry","category-bez-kategorii","tag-manifestacja","tag-sad","bez-kategorii"],"_links":{"self":[{"href":"https:\/\/kodmalopolska.pl\/index.php?rest_route=\/wp\/v2\/posts\/9826","targetHints":{"allow":["GET"]}}],"collection":[{"href":"https:\/\/kodmalopolska.pl\/index.php?rest_route=\/wp\/v2\/posts"}],"about":[{"href":"https:\/\/kodmalopolska.pl\/index.php?rest_route=\/wp\/v2\/types\/post"}],"author":[{"embeddable":true,"href":"https:\/\/kodmalopolska.pl\/index.php?rest_route=\/wp\/v2\/users\/31"}],"replies":[{"embeddable":true,"href":"https:\/\/kodmalopolska.pl\/index.php?rest_route=%2Fwp%2Fv2%2Fcomments&post=9826"}],"version-history":[{"count":0,"href":"https:\/\/kodmalopolska.pl\/index.php?rest_route=\/wp\/v2\/posts\/9826\/revisions"}],"wp:featuredmedia":[{"embeddable":true,"href":"https:\/\/kodmalopolska.pl\/index.php?rest_route=\/wp\/v2\/media\/9839"}],"wp:attachment":[{"href":"https:\/\/kodmalopolska.pl\/index.php?rest_route=%2Fwp%2Fv2%2Fmedia&parent=9826"}],"wp:term":[{"taxonomy":"category","embeddable":true,"href":"https:\/\/kodmalopolska.pl\/index.php?rest_route=%2Fwp%2Fv2%2Fcategories&post=9826"},{"taxonomy":"post_tag","embeddable":true,"href":"https:\/\/kodmalopolska.pl\/index.php?rest_route=%2Fwp%2Fv2%2Ftags&post=9826"}],"curies":[{"name":"wp","href":"https:\/\/api.w.org\/{rel}","templated":true}]}}