{"id":9710,"date":"2018-06-13T00:59:10","date_gmt":"2018-06-12T22:59:10","guid":{"rendered":"https:\/\/kodmalopolska.pl\/?p=9710"},"modified":"2018-06-16T19:40:03","modified_gmt":"2018-06-16T17:40:03","slug":"manifestacje-przed-sadami-w-malopolsce-w-dniu-12-06-2018","status":"publish","type":"post","link":"https:\/\/kodmalopolska.pl\/?p=9710","title":{"rendered":"Manifestacje przed s\u0105dami w Ma\u0142opolsce w dniu 12.06.2018"},"content":{"rendered":"<p>12 czerwca po raz kolejny w miastach Ma\u0142opolski odby\u0142y si\u0119 protesty przed s\u0105dami.<\/p>\n<p>Relacja wideo z Krakowa:\u00a0<a href=\"https:\/\/www.facebook.com\/VidKOD\/videos\/1848555732115122\/\">https:\/\/www.facebook.com\/VidKOD\/videos\/1848555732115122\/<\/a><\/p>\n<p>W Krakowie przemawiali m. in. Piotr \u015aroda, dr hab. nauk prawych Bart\u0142omiej Swaczyna, Edward Nowak, Nina Gabry\u015b i prof. Adam Grobler.<\/p>\n<p>W pozosta\u0142ych miastach Ma\u0142opolski w kt\u00f3rych odbywa\u0142y si\u0119 protesty odczytano nast\u0119puj\u0105ce o\u015bwiadczenie:<\/p>\n<p>Protest trwa. Wzywamy Komisj\u0119 Europejsk\u0105 do zaskar\u017cenia ustawy o S\u0105dzie Najwy\u017cszym do Trybuna\u0142u Sprawiedliwo\u015bci. Unia Europejska to wsp\u00f3lnota prawa. Bez niezale\u017cnych s\u0105d\u00f3w nie b\u0119dzie dzia\u0142a\u0107. W\u0142adza w Polsce chce z\u0142ama\u0107 S\u0105d Najwy\u017cszy. Chce pokaza\u0107, \u017ce mo\u017ce d\u0142awi\u0107 s\u0105dy bezkarnie. Na to nie mo\u017cemy pozwoli\u0107. Ta w\u0142adza d\u0105\u017cy do pe\u0142nej mo\u017cliwo\u015bci kontrolowania obywateli, do ca\u0142kowitego podporz\u0105dkowania ich sobie, a niezale\u017cne s\u0105dy stanowi\u0105 dla niej przeszkod\u0119. Bo c\u00f3\u017c z tego, je\u015bli upolityczniona prokuratura postawi komu\u015b zarzuty i skieruje akt oskar\u017cenia do s\u0105du, skoro niezawis\u0142y s\u0105d nie odpowie na polityczne zapotrzebowanie? Tego PiS-owska w\u0142adza nie mo\u017ce zdzier\u017cy\u0107, st\u0105d jej zamach na s\u0105dy. Komisja powinna w to ingerowa\u0107, je\u017celi stoi na stra\u017cy unijnych traktat\u00f3w, a tak\u017ce na stra\u017cy naszych praw. Je\u015bli dopu\u015bcimy, by z\u0142amano S\u0105d Najwy\u017cszy, czeka go los Trybuna\u0142u Konstytucyjnego, jednej z najwa\u017cniejszych instytucji pa\u0144stwa, kt\u00f3ra sta\u0142a si\u0119 pozbawion\u0105 autorytetu atrap\u0105. Konsekwencje w przypadku S\u0105du Najwy\u017cszego b\u0119d\u0105 jednak o wiele powa\u017cniejsze. Dotkn\u0105 nas bezpo\u015brednio i wp\u0142yn\u0105 na nasze zwykle sprawy. Z obywateli staniemy si\u0119 poddanymi bez praw. Dlatego przychodzimy broni\u0107 s\u0105d\u00f3w, bo bronimy naszych praw podstawowych \u2013 r\u00f3wnie\u017c w imieniu tych, kt\u00f3rzy pod s\u0105dy nie o\u015bmielaj\u0105 si\u0119 przyj\u015b\u0107. Wspieramy s\u0119dzi\u00f3w Rzeczypospolitej. Musimy ich strzec. Je\u017celi spadn\u0105 na nich represje, musimy ich broni\u0107. Ka\u017cdego z nich.<\/p>\n<p>My musimy przychodzi\u0107 pod s\u0105dy.<\/p>\n<p>Minister Ziobro musi odej\u015b\u0107.<\/p>\n<p>W Krakowie dr hab. nauk prawnych Bart\u0142omiej Swaczyna powiedzia\u0142:<\/p>\n<p><strong>W dniu 24 maja 2018 r. Zebranie S\u0119dzi\u00f3w S\u0105du Okr\u0119gowego w Krakowie podj\u0119\u0142o uchwa\u0142\u0119, w kt\u00f3rej wyrazi\u0142o wotum nieufno\u015bci wobec prezes tego s\u0105du Dagmary-Pawe\u0142czyk Woickiej. Echo tej uchwa\u0142y odnajdujemy w nast\u0119puj\u0105cym cytacie:<\/strong><\/p>\n<p><strong>\u201e(\u2026) szczeg\u00f3lnie znamienny jest przyk\u0142ad s\u0105du z Krakowa. B\u0119d\u0119 zach\u0119ca\u0142 pana przewodnicz\u0105cego Timmermansa, aby si\u0119 przyjrza\u0142 temu przyk\u0142adowi bardzo uwa\u017cnie. Wszystko wskazuje bowiem na to, \u017ce dzia\u0142a\u0142a tam zorganizowana grupa przest\u0119pcza.<\/strong>\u00a0A na pytanie o bunt odpowiem tak: ja widz\u0119 ogromne pole do wsp\u00f3\u0142pracy, do dialogu ze \u015brodowiskiem s\u0119dziowskim. Mamy 10 tysi\u0119cy s\u0119dzi\u00f3w i\u00a0ogromna cz\u0119\u015b\u0107 z nich nie chce \u017cadnego buntu, nie widzi zagro\u017cenia. Je\u015bli nawet w tej dominuj\u0105cej grupie s\u0105 jakie\u015b zastrze\u017cenia, postulaty zmian \u2013 jestem otwarty na debat\u0119. Ale jest te\u017c taka grupa s\u0119dzi\u00f3w, kt\u00f3rzy nie chc\u0105 si\u0119 pogodzi\u0107 z now\u0105 rzeczywisto\u015bci\u0105, z losowym przydzielaniem spraw s\u0105dowych, z brakiem mo\u017cliwo\u015bci przesuwania s\u0119dzi\u00f3w pomi\u0119dzy wydzia\u0142ami. A przecie\u017c te i wiele innych naszych dzia\u0142a\u0144 diametralnie zwi\u0119kszy\u0142y niezawis\u0142o\u015b\u0107 s\u0119dzi\u00f3w i jako\u015b\u0107 wyrok\u00f3w.\u201d<\/p>\n<p>Kto jest autorem tych s\u0142\u00f3w? Jaki\u015b sfrustrowany fanatyk wy\u017cywaj\u0105cy si\u0119 w Internecie pod przykrywk\u0105 pozornej anonimowo\u015bci? Nie. To s\u0105 s\u0142owa Premiera Rz\u0105du RP Mateusza Morawickiego pochodz\u0105ce z zapowiedzi wywiadu, kt\u00f3ry uka\u017ce si\u0119 jutro w Gazecie Polskiej.<\/p>\n<p><strong>By\u0142 ju\u017c gorszy sort, deratyzacja, zagro\u017cenie epidemiologiczne. Teraz w pisowskim s\u0142owniku pogardy jest nowy wynalazek: \u201ezorganizowana grupa przest\u0119pcza\u201d. I nie jest to wk\u0142ad jakiego\u015b sejmowego harcownika. To s\u0105 s\u0142owa jednego z najwa\u017cniejszych przedstawicieli w\u0142adzy wykonawczej w Polsce, kt\u00f3ry z gorliwo\u015bci\u0105 pisowskiego neofity wzbija si\u0119 na szczyty (a raczej schodzi g\u0142\u0119boko poni\u017cej poziomu ziemi) partyjnej propagandy.<\/strong><\/p>\n<p><strong>Ta nied\u0142uga wypowied\u017a premiera jest jednym wielkim k\u0142amstwem, manipulacj\u0105 i insynuacj\u0105, a zawiera w sobie tak\u017ce niemal bezpo\u015brednio wyra\u017con\u0105 gro\u017ab\u0119 wobec krakowskich s\u0119dzi\u00f3w.<\/strong>\u00a0Premier sugeruje, \u017ce wotum nieufno\u015bci wobec prezes Paw\u0142czyk-Woickiej jest wynikiem sprzeciwu s\u0119dzi\u00f3w wobec takich rozwi\u0105za\u0144 jak losowe przydzielanie spraw czy brak mo\u017cliwo\u015bci przesuwania s\u0119dzi\u00f3w miedzy wydzia\u0142ami. Insynuuje tym samym, \u017ce s\u0119dziowie buntuj\u0105 si\u0119 przeciwko rozwi\u0105zaniom sprzyjaj\u0105cym transparentno\u015bci wymiaru sprawiedliwo\u015bci, czyli zapewne maj\u0105 na koncie jakie\u015b w\u0105tpliwe z tego punktu widzenia czyny. Na marginesie mo\u017cna zauwa\u017cy\u0107, \u017ce nikt poza wtajemniczonymi nie zna algorytmu owego losowego przydzia\u0142u spraw, kt\u00f3ry w praktyce w sprawach istotnych dla w\u0142adzy daje czasem rezultaty trudne do pogodzenia z rachunkiem prawdopodobie\u0144stwa.<\/p>\n<p>Jak to si\u0119 ma do tre\u015bci uchwa\u0142y z 24 maja?\u00a0<strong>Ot\u00f3\u017c w uchwale krakowskich s\u0119dzi\u00f3w nie ma ani s\u0142owa o\u00a0kwestiach wymienionych przez premiera. Jest tam za to litania dziesi\u0119ciu zarzut\u00f3w, kt\u00f3re s\u0119dziowie stawiaj\u0105 pani prezes.<\/strong>\u00a0W\u015br\u00f3d nich m.in. nast\u0119puj\u0105ce:<\/p>\n<p>&#8211; przeprowadzenie motywowanej wzgl\u0119dami pozamerytorycznymi czystki w\u015br\u00f3d przewodnicz\u0105cych wydzia\u0142\u00f3w S\u0105du Okr\u0119gowego i s\u0105d\u00f3w rejonowych;<\/p>\n<p>&#8211; podejmowanie pr\u00f3b wywierania nacisku na s\u0119dzi\u00f3w m.in. poprzez gro\u017cenie im post\u0119powaniami dyscyplinarnymi, w celu zmuszenia ich do rezygnacji z pe\u0142nionych funkcji, b\u0105d\u017a wr\u0119cz przeciwnie &#8211; zmuszenia ich w ten spos\u00f3b do obejmowania wskazanych stanowisk;<\/p>\n<p>&#8211; obstrukcja dzia\u0142a\u0144 Zgromadzenia Przedstawicieli S\u0119dzi\u00f3w Okr\u0119gu Krakowskiego i Kolegium S\u0105du Okr\u0119gowego w Krakowie;<\/p>\n<p>&#8211; przedstawianie w mediach nieprawdziwych informacji rzutuj\u0105cych na dobre imi\u0119 ca\u0142ego s\u0105du;<\/p>\n<p>&#8211; wprowadzenie na teren s\u0105du w dniu obj\u0119cia przez siebie stanowiska funkcjonariuszy nieustalonej s\u0142u\u017cby, kt\u00f3rzy bez podstawy prawnej dokonali przeszukania gabinetu, w kt\u00f3rym znajdowa\u0142y si\u0119 m.in. akta spraw, oraz odmowy udzielenia informacji na temat przyczyn przeprowadzenia takiej czynno\u015bci.<\/p>\n<p>Wyliczenie to ko\u0144czy si\u0119 nast\u0119puj\u0105cym stwierdzeniem: \u201ewszystkie opisane zachowania, kt\u00f3re postrzegamy jako dzia\u0142ania wbrew interesowi wymiaru sprawiedliwo\u015bci, dobrym obyczajom, a niekiedy r\u00f3wnie\u017c wbrew prawu sprawiaj\u0105, \u017ce nie widzimy mo\u017cliwo\u015bci dalszej wsp\u00f3\u0142pracy z Prezes Dagmar\u0105 Pawe\u0142czyk-Woick\u0105\u201d.<\/p>\n<p>Cytowana tutaj\u00a0<strong>uchwa\u0142a krakowskich s\u0119dzi\u00f3w, kt\u00f3ra porusza w r\u00f3wnie bezkompromisowy spos\u00f3b tak\u017ce inne problemy dotycz\u0105ce wymiaru sprawiedliwo\u015bci, przejdzie do historii jako \u015bwiadectwo ich uczciwo\u015bci i wierno\u015bci s\u0119dziowskiemu \u015blubowaniu, kt\u00f3re wczoraj tutaj us\u0142yszeli\u015bmy z ust s\u0119dziego \u017burka. Dla premiera jest ona jednak dowodem dzia\u0142ania zorganizowanej grupy przest\u0119pczej. Na czym ma polega\u0107 owa przest\u0119pcza dzia\u0142alno\u015b\u0107? Na tym, \u017ce interes wymiaru sprawiedliwo\u015bci, dobre obyczaje i prawo stawia wy\u017cej ni\u017c wol\u0119 prezesa. W pisowskiej rzeczywisto\u015bci jest to zaiste zbrodnia.<\/strong><\/p>\n<p>&nbsp;<\/p>\n<p>Przem\u00f3wienie Niny Gabry\u015b:<\/p>\n<p>Przej\u0119cie polskiego systemu sprawiedliwo\u015bci przez ludzi, kt\u00f3rzy nie rozumiej\u0105 znaczenia s\u0142\u00f3w sprawiedliwo\u015b\u0107, r\u00f3wno\u015b\u0107, tolerancja i szacunek oznacza, \u017ce ju\u017c nied\u0142ugo przyjdzie nam \u017cy\u0107 w rzeczywisto\u015bci, gdzie pozbawia nas si\u0119 podstawowych praw i elementarnego poczucia bezpiecze\u0144stwa. Tak w\u0142a\u015bnie buduje si\u0119 pa\u0144stwo, gdzie g\u0142os tych, kt\u00f3rzy do\u015bwiadczaj\u0105 przemocy i dyskryminacji, tych, kt\u00f3rzy wierz\u0105 w wy\u017cszo\u015b\u0107 wolno\u015bci nad opresj\u0105 zostanie wyt\u0142umiony zupe\u0142nie. Je\u015bli w\u0142adza przyzwala, a wr\u0119cz pochwala dzia\u0142alno\u015b\u0107 organizacji takich jak ONR, dlaczego naznaczeni przez t\u0105 w\u0142adz\u0119 s\u0119dziowie mieliby nie uniewinnia\u0107 winnych rasistowskich atak\u00f3w. Je\u015bli krzy\u017c celtycki z dum\u0105 prezentowany jest na piersiach tych stoj\u0105cych w drugim za w\u0142adz\u0105 szeregu, przemoc w prosty spos\u00f3b staje si\u0119 j\u0119zykiem fa\u0142szywego patriotyzmu. Skoro telewizja PiS dopuszcza, z u\u015bmiechem na twarzy swoich prezenter\u00f3w, homofobiczny j\u0119zyk nienawi\u015bci, jak wierzy\u0107, \u017ce pisowskie s\u0105dy stan\u0105 po stronie mniejszo\u015bci. Ju\u017c teraz prokuratura \u015bciga kobiety, kt\u00f3rych jedynym przewinieniem by\u0142o stani\u0119cie w obronie w\u0142asnych praw i godno\u015bci. S\u0105dy PiS jak m\u00f3wi s\u0142ynna maksyma b\u0119d\u0105 szuka\u0107 ludzi w pierwszej kolejno\u015bci, paragraf\u00f3w w drugiej. Ka\u017cdy z nas mo\u017ce sta\u0107 si\u0119 J\u00f3zefem K, je\u015bli dzi\u015b nie staniemy razem, by g\u0142o\u015bno wyrazi\u0107 sw\u00f3j sprzeciw, nawet nie zorientujemy si\u0119 kiedy &#8222;z k\u0142amstw zrobi si\u0119 istot\u0119 porz\u0105dku \u015bwiata&#8221;.<\/p>\n","protected":false},"excerpt":{"rendered":"<p>12 czerwca po raz kolejny w miastach Ma\u0142opolski odby\u0142y si\u0119 protesty przed s\u0105dami. Relacja wideo z Krakowa:\u00a0https:\/\/www.facebook.com\/VidKOD\/videos\/1848555732115122\/ W Krakowie przemawiali [&#8230;]<\/p>\n","protected":false},"author":31,"featured_media":9711,"comment_status":"closed","ping_status":"open","sticky":false,"template":"","format":"standard","meta":{"_EventAllDay":false,"_EventTimezone":"","_EventStartDate":"","_EventEndDate":"","_EventStartDateUTC":"","_EventEndDateUTC":"","_EventShowMap":false,"_EventShowMapLink":false,"_EventURL":"","_EventCost":"","_EventCostDescription":"","_EventCurrencySymbol":"","_EventCurrencyCode":"","_EventCurrencyPosition":"","_EventDateTimeSeparator":"","_EventTimeRangeSeparator":"","_EventOrganizerID":[],"_EventVenueID":[],"_OrganizerEmail":"","_OrganizerPhone":"","_OrganizerWebsite":"","_VenueAddress":"","_VenueCity":"","_VenueCountry":"","_VenueProvince":"","_VenueState":"","_VenueZip":"","_VenuePhone":"","_VenueURL":"","_VenueStateProvince":"","_VenueLat":"","_VenueLng":"","_VenueShowMap":false,"_VenueShowMapLink":false,"footnotes":""},"categories":[31],"tags":[],"class_list":["post-9710","post","type-post","status-publish","format-standard","has-post-thumbnail","hentry","category-relacje-krakow","relacje-krakow"],"_links":{"self":[{"href":"https:\/\/kodmalopolska.pl\/index.php?rest_route=\/wp\/v2\/posts\/9710","targetHints":{"allow":["GET"]}}],"collection":[{"href":"https:\/\/kodmalopolska.pl\/index.php?rest_route=\/wp\/v2\/posts"}],"about":[{"href":"https:\/\/kodmalopolska.pl\/index.php?rest_route=\/wp\/v2\/types\/post"}],"author":[{"embeddable":true,"href":"https:\/\/kodmalopolska.pl\/index.php?rest_route=\/wp\/v2\/users\/31"}],"replies":[{"embeddable":true,"href":"https:\/\/kodmalopolska.pl\/index.php?rest_route=%2Fwp%2Fv2%2Fcomments&post=9710"}],"version-history":[{"count":0,"href":"https:\/\/kodmalopolska.pl\/index.php?rest_route=\/wp\/v2\/posts\/9710\/revisions"}],"wp:featuredmedia":[{"embeddable":true,"href":"https:\/\/kodmalopolska.pl\/index.php?rest_route=\/wp\/v2\/media\/9711"}],"wp:attachment":[{"href":"https:\/\/kodmalopolska.pl\/index.php?rest_route=%2Fwp%2Fv2%2Fmedia&parent=9710"}],"wp:term":[{"taxonomy":"category","embeddable":true,"href":"https:\/\/kodmalopolska.pl\/index.php?rest_route=%2Fwp%2Fv2%2Fcategories&post=9710"},{"taxonomy":"post_tag","embeddable":true,"href":"https:\/\/kodmalopolska.pl\/index.php?rest_route=%2Fwp%2Fv2%2Ftags&post=9710"}],"curies":[{"name":"wp","href":"https:\/\/api.w.org\/{rel}","templated":true}]}}