{"id":9472,"date":"2018-05-06T10:06:55","date_gmt":"2018-05-06T08:06:55","guid":{"rendered":"https:\/\/kodmalopolska.pl\/?p=9472"},"modified":"2018-05-06T10:06:55","modified_gmt":"2018-05-06T08:06:55","slug":"myslenickie-swieto-flagi","status":"publish","type":"post","link":"https:\/\/kodmalopolska.pl\/?p=9472","title":{"rendered":"My\u015blenickie \u015awi\u0119to Flagi"},"content":{"rendered":"<p>Jak co roku, 2 maja na my\u015blenickim Rynku odby\u0142y si\u0119 obchody \u015awi\u0119ta Flagi organizowane przez Platform\u0119 Obywatelsk\u0105, Nowoczesn\u0105 oraz KOD My\u015blenice. Tradycyjnie rozdawali\u015bmy mieszka\u0144com flagi, kotyliony oraz konstytucje. Odwiedzili nas r\u00f3wnie\u017c go\u015bcie z Krakowa i Tarnowa.<\/p>\n<p>W tym roku na zako\u0144czenie odby\u0142 si\u0119 przemarsz wok\u00f3\u0142 Rynku z naszymi barwami narodowymi. Uczestnicy nie\u015bli flagi oraz jedn\u0105 du\u017ca wsp\u00f3ln\u0105.<\/p>\n<p>To radosne \u015bwi\u0119to ma podkre\u015bla\u0107 i umacnia\u0107 patriotyzm oraz szacunek dla symboli narodowych, kt\u00f3rym r\u00f3wnie\u017c jest flaga w kolorze bia\u0142ym i czerwonym.<\/p>\n<p>Link do zdj\u0119\u0107 i film\u00f3w: <a href=\"https:\/\/kmy.pl\/swieto-flagi-w-myslenicach\/\">https:\/\/kmy.pl\/swieto-flagi-w-myslenicach\/<\/a><\/p>\n<p>&nbsp;<\/p>\n","protected":false},"excerpt":{"rendered":"<p>Jak co roku, 2 maja na my\u015blenickim Rynku odby\u0142y si\u0119 obchody \u015awi\u0119ta Flagi organizowane przez Platform\u0119 Obywatelsk\u0105, Nowoczesn\u0105 oraz KOD [&#8230;]<\/p>\n","protected":false},"author":24,"featured_media":9473,"comment_status":"closed","ping_status":"open","sticky":false,"template":"","format":"standard","meta":{"_EventAllDay":false,"_EventTimezone":"","_EventStartDate":"","_EventEndDate":"","_EventStartDateUTC":"","_EventEndDateUTC":"","_EventShowMap":false,"_EventShowMapLink":false,"_EventURL":"","_EventCost":"","_EventCostDescription":"","_EventCurrencySymbol":"","_EventCurrencyCode":"","_EventCurrencyPosition":"","_EventDateTimeSeparator":"","_EventTimeRangeSeparator":"","_EventOrganizerID":[],"_EventVenueID":[],"_OrganizerEmail":"","_OrganizerPhone":"","_OrganizerWebsite":"","_VenueAddress":"","_VenueCity":"","_VenueCountry":"","_VenueProvince":"","_VenueState":"","_VenueZip":"","_VenuePhone":"","_VenueURL":"","_VenueStateProvince":"","_VenueLat":"","_VenueLng":"","_VenueShowMap":false,"_VenueShowMapLink":false,"footnotes":""},"categories":[238],"tags":[246,261,251,189],"class_list":["post-9472","post","type-post","status-publish","format-standard","has-post-thumbnail","hentry","category-relacje-msle","tag-akcja-namiotowa","tag-myslenice","tag-namiot","tag-spacer-z-flagami","relacje-msle"],"_links":{"self":[{"href":"https:\/\/kodmalopolska.pl\/index.php?rest_route=\/wp\/v2\/posts\/9472","targetHints":{"allow":["GET"]}}],"collection":[{"href":"https:\/\/kodmalopolska.pl\/index.php?rest_route=\/wp\/v2\/posts"}],"about":[{"href":"https:\/\/kodmalopolska.pl\/index.php?rest_route=\/wp\/v2\/types\/post"}],"author":[{"embeddable":true,"href":"https:\/\/kodmalopolska.pl\/index.php?rest_route=\/wp\/v2\/users\/24"}],"replies":[{"embeddable":true,"href":"https:\/\/kodmalopolska.pl\/index.php?rest_route=%2Fwp%2Fv2%2Fcomments&post=9472"}],"version-history":[{"count":0,"href":"https:\/\/kodmalopolska.pl\/index.php?rest_route=\/wp\/v2\/posts\/9472\/revisions"}],"wp:featuredmedia":[{"embeddable":true,"href":"https:\/\/kodmalopolska.pl\/index.php?rest_route=\/wp\/v2\/media\/9473"}],"wp:attachment":[{"href":"https:\/\/kodmalopolska.pl\/index.php?rest_route=%2Fwp%2Fv2%2Fmedia&parent=9472"}],"wp:term":[{"taxonomy":"category","embeddable":true,"href":"https:\/\/kodmalopolska.pl\/index.php?rest_route=%2Fwp%2Fv2%2Fcategories&post=9472"},{"taxonomy":"post_tag","embeddable":true,"href":"https:\/\/kodmalopolska.pl\/index.php?rest_route=%2Fwp%2Fv2%2Ftags&post=9472"}],"curies":[{"name":"wp","href":"https:\/\/api.w.org\/{rel}","templated":true}]}}