{"id":9350,"date":"2018-04-21T07:23:31","date_gmt":"2018-04-21T05:23:31","guid":{"rendered":"https:\/\/kodmalopolska.pl\/?p=9350"},"modified":"2018-04-21T07:27:23","modified_gmt":"2018-04-21T05:27:23","slug":"namiot-samorzadowy-w-tarnowie","status":"publish","type":"post","link":"https:\/\/kodmalopolska.pl\/?p=9350","title":{"rendered":"Namiot samorz\u0105dowy w Tarnowie"},"content":{"rendered":"<p>Po zimowej przerwie zn\u00f3w wyszli\u015bmy na ulice .<br \/>\n14 kwietnia o godzinie 10:00 obok Domu Handlowego \u015awit rozpocz\u0119li\u015bmy\u00a0 cykl spotka\u0144 &#8221; Wybory Samorz\u0105dowe 2018&#8243; . To pierwsza akcja namiotowa KOD w okr\u0119gu.<br \/>\nW rozmowach z mieszka\u0144cami\u00a0 poznawali\u015bmy z jakimi najwa\u017cniejszymi sprawami i problemami powinni zmierzy\u0107 si\u0119 przyszli w\u0142odarze Tarnowa a w kolejnych ods\u0142onach w\u0142adze innych miast i gmin w naszym regionie .Mobilizowali\u015bmy mieszka\u0144c\u00f3w Tarnowa do udzia\u0142u w jesiennych wyborach .Przypominali\u015bmy o tym , \u017ce samorz\u0105d z najlepsz\u0105 wiedz\u0105 o naszych potrzebach ma wp\u0142yw na najbli\u017csze otoczenie i decyduje o jako\u015bci naszego \u017cycia . Nasi rozm\u00f3wcy na kartkach spisywali swoje opinie ,potrzeby i uwagi dotycz\u0105ce funkcjonowania obecnych w\u0142adz oraz sugestie dla nowych. Wszystkie te uwagi przeka\u017cemy komitetom wyborczym ,kt\u00f3re zawi\u0105\u017c\u0105 si\u0119 w najbli\u017cszym czasie.<\/p>\n<p>D\u0141<\/p>\n<p>Foto .ML ,ADM.<\/p>\n<p>KLIK :\u00a0<a href=\"https:\/\/photos.app.goo.gl\/mHIhcKjIKKyjovqf1\">https:\/\/photos.app.goo.gl\/mHIhcKjIKKyjovqf1<\/a><\/p>\n<p>&nbsp;<\/p>\n","protected":false},"excerpt":{"rendered":"<p>Po zimowej przerwie zn\u00f3w wyszli\u015bmy na ulice . 14 kwietnia o godzinie 10:00 obok Domu Handlowego \u015awit rozpocz\u0119li\u015bmy\u00a0 cykl spotka\u0144 [&#8230;]<\/p>\n","protected":false},"author":19,"featured_media":9402,"comment_status":"closed","ping_status":"open","sticky":false,"template":"","format":"standard","meta":{"_EventAllDay":false,"_EventTimezone":"","_EventStartDate":"","_EventEndDate":"","_EventStartDateUTC":"","_EventEndDateUTC":"","_EventShowMap":false,"_EventShowMapLink":false,"_EventURL":"","_EventCost":"","_EventCostDescription":"","_EventCurrencySymbol":"","_EventCurrencyCode":"","_EventCurrencyPosition":"","_EventDateTimeSeparator":"","_EventTimeRangeSeparator":"","_EventOrganizerID":[],"_EventVenueID":[],"_OrganizerEmail":"","_OrganizerPhone":"","_OrganizerWebsite":"","_VenueAddress":"","_VenueCity":"","_VenueCountry":"","_VenueProvince":"","_VenueState":"","_VenueZip":"","_VenuePhone":"","_VenueURL":"","_VenueStateProvince":"","_VenueLat":"","_VenueLng":"","_VenueShowMap":false,"_VenueShowMapLink":false,"footnotes":""},"categories":[36,34],"tags":[],"class_list":["post-9350","post","type-post","status-publish","format-standard","has-post-thumbnail","hentry","category-relacje-tarnow","category-tarnow-okregi","relacje-tarnow","tarnow-okregi"],"_links":{"self":[{"href":"https:\/\/kodmalopolska.pl\/index.php?rest_route=\/wp\/v2\/posts\/9350","targetHints":{"allow":["GET"]}}],"collection":[{"href":"https:\/\/kodmalopolska.pl\/index.php?rest_route=\/wp\/v2\/posts"}],"about":[{"href":"https:\/\/kodmalopolska.pl\/index.php?rest_route=\/wp\/v2\/types\/post"}],"author":[{"embeddable":true,"href":"https:\/\/kodmalopolska.pl\/index.php?rest_route=\/wp\/v2\/users\/19"}],"replies":[{"embeddable":true,"href":"https:\/\/kodmalopolska.pl\/index.php?rest_route=%2Fwp%2Fv2%2Fcomments&post=9350"}],"version-history":[{"count":0,"href":"https:\/\/kodmalopolska.pl\/index.php?rest_route=\/wp\/v2\/posts\/9350\/revisions"}],"wp:featuredmedia":[{"embeddable":true,"href":"https:\/\/kodmalopolska.pl\/index.php?rest_route=\/wp\/v2\/media\/9402"}],"wp:attachment":[{"href":"https:\/\/kodmalopolska.pl\/index.php?rest_route=%2Fwp%2Fv2%2Fmedia&parent=9350"}],"wp:term":[{"taxonomy":"category","embeddable":true,"href":"https:\/\/kodmalopolska.pl\/index.php?rest_route=%2Fwp%2Fv2%2Fcategories&post=9350"},{"taxonomy":"post_tag","embeddable":true,"href":"https:\/\/kodmalopolska.pl\/index.php?rest_route=%2Fwp%2Fv2%2Ftags&post=9350"}],"curies":[{"name":"wp","href":"https:\/\/api.w.org\/{rel}","templated":true}]}}