{"id":9087,"date":"2018-03-07T21:35:30","date_gmt":"2018-03-07T20:35:30","guid":{"rendered":"https:\/\/kodmalopolska.pl\/?p=9087"},"modified":"2018-03-07T22:20:15","modified_gmt":"2018-03-07T21:20:15","slug":"tak-dla-odwolania-kurator-oswiaty-barbary-nowak","status":"publish","type":"post","link":"https:\/\/kodmalopolska.pl\/?p=9087","title":{"rendered":"TAK dla odwo\u0142ania kurator o\u015bwiaty Barbary Nowak"},"content":{"rendered":"<p>Nie ma naszej zgody na ksenofobi\u0119 i polityczn\u0105 indoktrynacj\u0119 w szko\u0142ach!<\/p>\n<p>Nie ma zgody aby osoba nadzoruj\u0105ca edukacje naszych dzieci, g\u0142osi\u0142a wypowiedzi prowadz\u0105ce do agresji! Dlatego wsp\u00f3lnie Nowoczesna Ma\u0142opolskie KOD_Ma\u0142opolskie i Platforma Obywatelska &#8211; Ma\u0142opolska wnioskujemy o odwo\u0142anie pani kurator z pe\u0142nionej funkcji.<\/p>\n<p>Je\u017celi popierasz &#8211; podpisz si\u0119 pod wnioskiem on-line:<\/p>\n<p><span class=\"_5mfr _47e3\"><span class=\"_7oe\">\u27a1<\/span><\/span>\u00a0<a href=\"https:\/\/l.facebook.com\/l.php?u=https%3A%2F%2Fgoo.gl%2FpB8BWN&amp;h=ATM9CXW9yFM0GmrOJroFN_RBgdn6SCqCvDBiY-oaTNC76ysQjcOMU_1tPvCTQrFuMJ8ruOEc9grRh17jbe5rQNn7K4_OYnQti-pv8ci_-t4wO9czbUMrTzFbVRNBc_i6HGN8\" target=\"_blank\" rel=\"noopener nofollow\" data-ft=\"{&quot;tn&quot;:&quot;-U&quot;}\" data-lynx-mode=\"asynclazy\">https:\/\/goo.gl\/pB8BWN<\/a><\/p>\n<p>lub na papierowym formularzu w naszym biurze:<br \/>\nKOD Ma\u0142opolska ul. Ko\u015bciuszki 74\/13 w Krakowie tel. 729 055 220 (czynne od 13.00 do 19.00 pon.-pi\u0105tek)<\/p>\n<p>Podpisa\u0107 si\u0119 mo\u017cna tak\u017ce w:<\/p>\n<p>Nowoczesna Krak\u00f3w ul. \u015aw. Marka 7-9\/1 w Krakowie<\/p>\n<p>lub<\/p>\n<p>Biuro Senatora Bogdana Klicha i Platformy Obywatelskiej , ul. Karmelicka 32 (oficyna I pi\u0119tro) 667 511 225 (czynne od 9.00 do 16.00 od pon. do pi\u0105tku),<\/p>\n<p><strong>Podpisz i udost\u0119pnij! <\/strong><\/p>\n<p>Kurator o\u015bwiaty jako urz\u0119dnik, kt\u00f3ry w imieniu wojewody sprawuje nadz\u00f3r na plac\u00f3wkami edukacyjnymi, realizuj\u0105c polityk\u0119 o\u015bwiatow\u0105 pa\u0144stwa, powinien cechowa\u0107 si\u0119 nieskaziteln\u0105 opini\u0105 i by\u0107 wzorem dla grona pedagogicznego i uczni\u00f3w. Do jego zada\u0144 zgodnie z ustaw\u0105 nale\u017cy r\u00f3wnie\u017c wsp\u00f3\u0142dzia\u0142anie z w\u0142a\u015bciwymi organami, organizacjami i innymi podmiotami w sprawach dotycz\u0105cych warunk\u00f3w rozwoju dzieci i m\u0142odzie\u017cy, w tym w przeciwdzia\u0142aniu zjawiskom patologii spo\u0142ecznej.<\/p>\n<p>Wypowied\u017a ma\u0142opolskiej kurator o\u015bwiaty Barbary Nowak na portalu spo\u0142eczno\u015bciowym Twitter z 24 lutego 2018 roku: \u201eZawalczmy o Prawd\u0119 w\u015br\u00f3d m\u0142odych \u017byd\u00f3w! Po pierwsze: po obozie Auschwitz powinni odprowadza\u0107 TYLKO POLSCY LICENCJONOWANI przez IPN Przewodnicy! Dzi\u015b obca, a nie Polska narracja kr\u00f3luje w Auschwitz! Czas z tym sko\u0144czy\u0107!\u201d (pisownia oryginalna), jest skandalicznym przejawem ksenofobii, kt\u00f3ra nie przystoi osobie pe\u0142ni\u0105cej to stanowisko. Wojew\u00f3dzki kurator o\u015bwiaty jako osoba publiczna musi ponosi\u0107 odpowiedzialno\u015b\u0107 za swoje s\u0142owa, zw\u0142aszcza gdy mog\u0105 one prowadzi\u0107 do czynnej napa\u015bci. Zaledwie tydzie\u0144 po wpisie Barbary Nowak poszkodowany zosta\u0142 obywatel W\u0142och, badacz historii Holocaustu i przewodnik m.in. po obozie zag\u0142ady w Auschwitz. Na drzwiach jego mieszkania nieznani sprawcy narysowali gwiazd\u0119 Dawida oraz napis \u201ePolska dla Polak\u00f3w\u201d, a na \u015bcianie obok \u2013 \u201eAuswitz for Poland guide!!\u201d. Poniewa\u017c jest to pierwsze zdarzenie tego typu, a drugi z cytowanych napis\u00f3w nawi\u0105zuje wprost do wypowiedzi kurator o\u015bwiaty, nie ulega dla nas w\u0105tpliwo\u015bci, \u017ce sprawcy inspirowali si\u0119 t\u0105 w\u0142a\u015bnie wypowiedzi\u0105.<\/p>\n<p>Dzia\u0142ania i wypowiedzi Barbary Nowak ju\u017c wielokrotnie w przesz\u0142o\u015bci budzi\u0142y niesmak. Ostatni przypadek jaskrawo wskazuje, \u017ce ma\u0142opolska kurator o\u015bwiaty nie wype\u0142nia postawionych przed ni\u0105 w ustawie zada\u0144 zwi\u0105zanych z przeciwdzia\u0142aniem patologii spo\u0142ecznej, a przez to nie nadaje si\u0119 do sprawowania swojej funkcji. Barbarze Nowak, tu cytat, \u201emarzy si\u0119 Polska wolna od zachodniego lewactwa i rodzimych zaprza\u0144c\u00f3w&#8221;, nam natomiast marzy si\u0119 polska szko\u0142a wolna od ksenofobicznej indoktrynacji.<\/p>\n<p>Z uwagi na powy\u017csze wnosimy o niezw\u0142oczne odwo\u0142anie Barbary Nowak z pe\u0142nionego przez ni\u0105 stanowiska ma\u0142opolskiej kurator o\u015bwiaty.<\/p>\n<div class=\"text_exposed_show\">\n<p><a href=\"https:\/\/www.petycjeonline.com\/tak_dla_odwolania_kurator_oswiaty_barbary_nowak\">https:\/\/www.petycjeonline.com\/tak_dla_odwolania_kurator_oswiaty_barbary_nowak<\/a><\/p>\n<\/div>\n","protected":false},"excerpt":{"rendered":"<p>Nie ma naszej zgody na ksenofobi\u0119 i polityczn\u0105 indoktrynacj\u0119 w szko\u0142ach! Nie ma zgody aby osoba nadzoruj\u0105ca edukacje naszych dzieci, [&#8230;]<\/p>\n","protected":false},"author":31,"featured_media":9129,"comment_status":"closed","ping_status":"open","sticky":false,"template":"","format":"standard","meta":{"_EventAllDay":false,"_EventTimezone":"","_EventStartDate":"","_EventEndDate":"","_EventStartDateUTC":"","_EventEndDateUTC":"","_EventShowMap":false,"_EventShowMapLink":false,"_EventURL":"","_EventCost":"","_EventCostDescription":"","_EventCurrencySymbol":"","_EventCurrencyCode":"","_EventCurrencyPosition":"","_EventDateTimeSeparator":"","_EventTimeRangeSeparator":"","_EventOrganizerID":[],"_EventVenueID":[],"_OrganizerEmail":"","_OrganizerPhone":"","_OrganizerWebsite":"","_VenueAddress":"","_VenueCity":"","_VenueCountry":"","_VenueProvince":"","_VenueState":"","_VenueZip":"","_VenuePhone":"","_VenueURL":"","_VenueStateProvince":"","_VenueLat":"","_VenueLng":"","_VenueShowMap":false,"_VenueShowMapLink":false,"footnotes":""},"categories":[353],"tags":[],"class_list":["post-9087","post","type-post","status-publish","format-standard","has-post-thumbnail","hentry","category-dzialania-kod-mlp","dzialania-kod-mlp"],"_links":{"self":[{"href":"https:\/\/kodmalopolska.pl\/index.php?rest_route=\/wp\/v2\/posts\/9087","targetHints":{"allow":["GET"]}}],"collection":[{"href":"https:\/\/kodmalopolska.pl\/index.php?rest_route=\/wp\/v2\/posts"}],"about":[{"href":"https:\/\/kodmalopolska.pl\/index.php?rest_route=\/wp\/v2\/types\/post"}],"author":[{"embeddable":true,"href":"https:\/\/kodmalopolska.pl\/index.php?rest_route=\/wp\/v2\/users\/31"}],"replies":[{"embeddable":true,"href":"https:\/\/kodmalopolska.pl\/index.php?rest_route=%2Fwp%2Fv2%2Fcomments&post=9087"}],"version-history":[{"count":0,"href":"https:\/\/kodmalopolska.pl\/index.php?rest_route=\/wp\/v2\/posts\/9087\/revisions"}],"wp:featuredmedia":[{"embeddable":true,"href":"https:\/\/kodmalopolska.pl\/index.php?rest_route=\/wp\/v2\/media\/9129"}],"wp:attachment":[{"href":"https:\/\/kodmalopolska.pl\/index.php?rest_route=%2Fwp%2Fv2%2Fmedia&parent=9087"}],"wp:term":[{"taxonomy":"category","embeddable":true,"href":"https:\/\/kodmalopolska.pl\/index.php?rest_route=%2Fwp%2Fv2%2Fcategories&post=9087"},{"taxonomy":"post_tag","embeddable":true,"href":"https:\/\/kodmalopolska.pl\/index.php?rest_route=%2Fwp%2Fv2%2Ftags&post=9087"}],"curies":[{"name":"wp","href":"https:\/\/api.w.org\/{rel}","templated":true}]}}