{"id":9055,"date":"2018-03-03T10:38:32","date_gmt":"2018-03-03T09:38:32","guid":{"rendered":"https:\/\/kodmalopolska.pl\/?p=9055"},"modified":"2018-03-03T15:35:58","modified_gmt":"2018-03-03T14:35:58","slug":"polska-dla-polakow-na-drzwiach-wloskiego-przewodnika-po-auschwitz","status":"publish","type":"post","link":"https:\/\/kodmalopolska.pl\/?p=9055","title":{"rendered":"&#8222;Polska dla Polak\u00f3w&#8221; na drzwiach w\u0142oskiego przewodnika po Auschwitz"},"content":{"rendered":"<p><strong>\u201ePolska dla Polak\u00f3w\u201d i \u201eAuswitz for Poland guide\u201d \u2013 takie napisy pojawi\u0142y si\u0119 wczorajszego ranka na drzwiach mieszkania w\u0142oskiego przewodnika po obozie zag\u0142ady w Auschwitz. <\/strong><\/p>\n<p>Komitet Obrony Demokracji Ma\u0142opolska, kt\u00f3ry prowadzi akcj\u0119 monitorowania zachowa\u0144 rasistowskich i ksenofobicznych na terenie wojew\u00f3dztwa, uzyska\u0142 informacj\u0119, \u017ce nieznani sprawcy weszli do kamienicy w centrum Krakowa wczesnym rankiem 2 marca, po wyj\u015bciu w\u0142a\u015bciciela do pracy.<\/p>\n<p>Na drzwiach mieszkania namalowano gwiazd\u0119 oraz napis \u201ePolska dla Polak\u00f3w\u201d, na \u015bcianie obok \u2013 \u201eAuswitz for Poland guide!!\u201d (pisownia oryginalna). O zaj\u015bciu zosta\u0142a zawiadomiona policja, dyrekcja Muzeum Auschwitz oraz konsulat Republiki W\u0142oskiej w Krakowie.<\/p>\n<p>Ofiar\u0105 napa\u015bci jest mieszkaj\u0105cy od wielu lat w Krakowie obywatel W\u0142och, badacz historii Holokaustu na ziemiach polskich oraz przewodnik m.in. po obozie zag\u0142ady w Auschwitz.<\/p>\n<p>Zdarzenie prawdopodobnie ma zwi\u0105zek z niedawn\u0105 wypowiedzi\u0105 ma\u0142opolskiej kurator o\u015bwiaty, Barbary Nowak, kt\u00f3ra sugerowa\u0142a, \u017ce prawo do oprowadzania po Auschwitz powinni mie\u0107 wy\u0142\u0105cznie polscy przewodnicy.<\/p>\n<p><a href=\"http:\/\/krakow.wyborcza.pl\/krakow\/7,44425,23068241,malopolska-kurator-oswiaty-zada-tylko-polscy-przewodnicy-w.html\">http:\/\/krakow.wyborcza.pl\/krakow\/7,44425,23068241,malopolska-kurator-oswiaty-zada-tylko-polscy-przewodnicy-w.html<\/a><\/p>\n<p><a href=\"http:\/\/www.gazetakrakowska.pl\/wiadomosci\/malopolska-zachodnia\/a\/malopolska-kurator-oswiaty-barbara-nowak-zada-tylko-polskich-przewodnikow-w-muzeum-auschwitz,12960582\/\">http:\/\/www.gazetakrakowska.pl\/wiadomosci\/malopolska-zachodnia\/a\/malopolska-kurator-oswiaty-barbara-nowak-zada-tylko-polskich-przewodnikow-w-muzeum-auschwitz,12960582\/<\/a><\/p>\n<p><a href=\"http:\/\/www.polsatnews.pl\/wiadomosc\/2018-02-25\/malopolska-kurator-oswiaty-w-auschwitz-tylko-polscy-przewodnicy-muzeum-odpowiada\/\">http:\/\/www.polsatnews.pl\/wiadomosc\/2018-02-25\/malopolska-kurator-oswiaty-w-auschwitz-tylko-polscy-przewodnicy-muzeum-odpowiada\/<\/a><\/p>\n<p>&nbsp;<\/p>\n<p><img loading=\"lazy\" decoding=\"async\" class=\"alignnone size-medium wp-image-9057\" src=\"https:\/\/kodmalopolska.pl\/wp-content\/uploads\/2018\/03\/drzwi-1-222x400.jpg\" alt=\"\" width=\"222\" height=\"400\" srcset=\"https:\/\/kodmalopolska.pl\/wp-content\/uploads\/2018\/03\/drzwi-1-222x400.jpg 222w, https:\/\/kodmalopolska.pl\/wp-content\/uploads\/2018\/03\/drzwi-1-274x493.jpg 274w, https:\/\/kodmalopolska.pl\/wp-content\/uploads\/2018\/03\/drzwi-1.jpg 533w\" sizes=\"auto, (max-width: 222px) 100vw, 222px\" \/><img loading=\"lazy\" decoding=\"async\" class=\"alignnone size-medium wp-image-9056\" src=\"https:\/\/kodmalopolska.pl\/wp-content\/uploads\/2018\/03\/\u015bciana-400x225.jpg\" alt=\"\" width=\"400\" height=\"225\" srcset=\"https:\/\/kodmalopolska.pl\/wp-content\/uploads\/2018\/03\/\u015bciana-400x225.jpg 400w, https:\/\/kodmalopolska.pl\/wp-content\/uploads\/2018\/03\/\u015bciana-1024x576.jpg 1024w, https:\/\/kodmalopolska.pl\/wp-content\/uploads\/2018\/03\/\u015bciana-1536x864.jpg 1536w, https:\/\/kodmalopolska.pl\/wp-content\/uploads\/2018\/03\/\u015bciana-740x416.jpg 740w, https:\/\/kodmalopolska.pl\/wp-content\/uploads\/2018\/03\/\u015bciana.jpg 2048w\" sizes=\"auto, (max-width: 400px) 100vw, 400px\" \/><\/p>\n","protected":false},"excerpt":{"rendered":"<p>\u201ePolska dla Polak\u00f3w\u201d i \u201eAuswitz for Poland guide\u201d \u2013 takie napisy pojawi\u0142y si\u0119 wczorajszego ranka na drzwiach mieszkania w\u0142oskiego przewodnika [&#8230;]<\/p>\n","protected":false},"author":31,"featured_media":9056,"comment_status":"closed","ping_status":"open","sticky":false,"template":"","format":"standard","meta":{"_EventAllDay":false,"_EventTimezone":"","_EventStartDate":"","_EventEndDate":"","_EventStartDateUTC":"","_EventEndDateUTC":"","_EventShowMap":false,"_EventShowMapLink":false,"_EventURL":"","_EventCost":"","_EventCostDescription":"","_EventCurrencySymbol":"","_EventCurrencyCode":"","_EventCurrencyPosition":"","_EventDateTimeSeparator":"","_EventTimeRangeSeparator":"","_EventOrganizerID":[],"_EventVenueID":[],"_OrganizerEmail":"","_OrganizerPhone":"","_OrganizerWebsite":"","_VenueAddress":"","_VenueCity":"","_VenueCountry":"","_VenueProvince":"","_VenueState":"","_VenueZip":"","_VenuePhone":"","_VenueURL":"","_VenueStateProvince":"","_VenueLat":"","_VenueLng":"","_VenueShowMap":false,"_VenueShowMapLink":false,"footnotes":""},"categories":[28,353],"tags":[196,297,208,147],"class_list":["post-9055","post","type-post","status-publish","format-standard","has-post-thumbnail","hentry","category-malopolskie-news","category-dzialania-kod-mlp","tag-edukacja","tag-kod-malopolska","tag-krakow","tag-oswiecim","malopolskie-news","dzialania-kod-mlp"],"_links":{"self":[{"href":"https:\/\/kodmalopolska.pl\/index.php?rest_route=\/wp\/v2\/posts\/9055","targetHints":{"allow":["GET"]}}],"collection":[{"href":"https:\/\/kodmalopolska.pl\/index.php?rest_route=\/wp\/v2\/posts"}],"about":[{"href":"https:\/\/kodmalopolska.pl\/index.php?rest_route=\/wp\/v2\/types\/post"}],"author":[{"embeddable":true,"href":"https:\/\/kodmalopolska.pl\/index.php?rest_route=\/wp\/v2\/users\/31"}],"replies":[{"embeddable":true,"href":"https:\/\/kodmalopolska.pl\/index.php?rest_route=%2Fwp%2Fv2%2Fcomments&post=9055"}],"version-history":[{"count":0,"href":"https:\/\/kodmalopolska.pl\/index.php?rest_route=\/wp\/v2\/posts\/9055\/revisions"}],"wp:featuredmedia":[{"embeddable":true,"href":"https:\/\/kodmalopolska.pl\/index.php?rest_route=\/wp\/v2\/media\/9056"}],"wp:attachment":[{"href":"https:\/\/kodmalopolska.pl\/index.php?rest_route=%2Fwp%2Fv2%2Fmedia&parent=9055"}],"wp:term":[{"taxonomy":"category","embeddable":true,"href":"https:\/\/kodmalopolska.pl\/index.php?rest_route=%2Fwp%2Fv2%2Fcategories&post=9055"},{"taxonomy":"post_tag","embeddable":true,"href":"https:\/\/kodmalopolska.pl\/index.php?rest_route=%2Fwp%2Fv2%2Ftags&post=9055"}],"curies":[{"name":"wp","href":"https:\/\/api.w.org\/{rel}","templated":true}]}}