{"id":9004,"date":"2018-02-27T21:48:02","date_gmt":"2018-02-27T20:48:02","guid":{"rendered":"https:\/\/kodmalopolska.pl\/?p=9004"},"modified":"2018-02-27T22:03:16","modified_gmt":"2018-02-27T21:03:16","slug":"informacje-o-przychodach-i-wydatkach-zwiazanych-z-wszelkimi-dzialaniami-w-naszym-regionie-w-2017-roku","status":"publish","type":"post","link":"https:\/\/kodmalopolska.pl\/?p=9004","title":{"rendered":"Informacje\u00a0 o przychodach i wydatkach zwi\u0105zanych z wszelkimi dzia\u0142aniami w naszym Regionie w 2017 roku"},"content":{"rendered":"<p>Szanowni Pa\u0144stwo.<br \/>\nZarz\u0105d KOD-Ma\u0142opolska przekazuje Pa\u0144stwu informacje o przychodach i wydatkach zwi\u0105zanych z wszelkimi dzia\u0142aniami w naszym Regionie w 2017 roku.<br \/>\nInformacja zosta\u0142a przyj\u0119ta przez Zarz\u0105d uchwa\u0142\u0105 z dnia 26.02.2018 nr. ZRM\u0141P\/2018\/02\/26\/01<\/p>\n<p>PRZYCHODY;<\/p>\n<p><span class=\"text_exposed_show\">14.210,00 &#8211; Darowizny przekazane na subkonto\u00a0KOD-Ma\u0142opolska<br \/>\n13.805,13 &#8211; Zbi\u00f3rki publiczne do puszek w trakcie\u00a0manifestacji, pikiet i wszelkich innych wydarze\u0144<br \/>\n54.825,00 &#8211; Sk\u0142adki wp\u0142acone przez cz\u0142onk\u00f3w Stowarzyszenia\u00a0na wydzielone konto bankowe\u00a0( kwota podana przez Dzia\u0142 Cz\u0142onkowski )<br \/>\n<strong>82.840,13<\/strong> \u2013 Razem przychody<\/span><\/p>\n<p><span class=\"text_exposed_show\"><br \/>\nWYDATKI:<br \/>\n23907,35 &#8211; Op\u0142ata za najem lokali\u00a0(w Krakowie i w O\u015bwi\u0119cimiu),\u00a0op\u0142aty za media i eksploatacj\u0119 pomieszcze\u0144, op\u0142aty za wod\u0119, energi\u0119 elektryczn\u0105,\u00a0op\u0142aty za telefon, op\u0142aty bankowe,\u00a0op\u0142aty kurierskie, materia\u0142y biurowe i op\u0142aty pocztowe<br \/>\n38.907,06 &#8211; Dzia\u0142ania statutowe:<br \/>\nkoszty zwi\u0105zane z realizacj\u0105 cel\u00f3w zawartych w statucie czyli:<br \/>\norganizacja imprez, wydarze\u0144, spotka\u0144,\u00a0protest\u00f3w, pikiet, marsz\u00f3w, szkole\u0144, wyk\u0142ad\u00f3w,\u00a0prelekcji oraz wszelkich dzia\u0142a\u0144 promuj\u0105cych\u00a0i propaguj\u0105cych zasady demokracji.\u00a0Zakup materia\u0142\u00f3w do powy\u017cej wymienionych, druk plakat\u00f3w i ulotek, wynajem sal,\u00a0kwiaty, wie\u0144ce, paliwo do generator\u00f3w, op\u0142aty za przyjazd i nocleg go\u015bci-prelegent\u00f3w,\u00a0oraz wszelki inne wydatki zwi\u0105zane z organizacj\u0105 naszych dzia\u0142a\u0144.<\/span><\/p>\n<div class=\"text_exposed_show\">\n<p>Lista naszych dzia\u0142a\u0144 znajduje si\u0119 poni\u017cej.<\/p>\n<p>58.932,78 \u2013 Razem wydatki w Regionie<br \/>\n23.907,35 &#8211; Z wp\u0142aconych przez Pa\u0144stwa sk\u0142adek\u00a0finansowane s\u0105 wszelkie dzia\u0142ania i wydatki Zarz\u0105du G\u0142\u00f3wnego, w przeliczeniu na cz\u0142onk\u00f3w\u00a0w naszym regionie.<br \/>\nPozosta\u0142a kwota przekazywana jest do regionu,\u00a0na dzia\u0142ania statutowe.<br \/>\n<strong>82.840,13<\/strong> \u2013 OG\u00d3\u0141EM wydatki w 2017<\/p>\n<p>Poza podanymi kwotami wydatk\u00f3w, jakie realnie ponie\u015bli\u015bmy w 2017 roku, jest jeszcze koszt, jakiego nie jeste\u015bmy w stanie oszacowa\u0107.<br \/>\nTo Pa\u0144stwa pomoc, zaanga\u017cowanie i po\u015bwi\u0119cony czas na przygotowania w\/w wydarze\u0144.<br \/>\nSerdecznie za to Pa\u0144stwu dzi\u0119kujemy.<\/p>\n<p>Zarz\u0105d KOD-Ma\u0142opolska:<br \/>\nDanuta Czechmanowska<br \/>\nFryderyk Zoll<br \/>\nBart\u0142omiej Swaczyna<br \/>\nTadeusz Ku\u015b<br \/>\nMicha\u0142 Grzemowski<br \/>\nBeata Kwiatkowska<\/p>\n<p>&nbsp;<\/p>\n<\/div>\n<p style=\"font-weight: 400;\">Lista dzia\u0142a\u0144 statutowych KOD-Ma\u0142opolska w 2017 roku:<\/p>\n<p style=\"font-weight: 400;\">STYCZE\u0143 2017<\/p>\n<p style=\"font-weight: 400;\">11 &#8211;\u00a0\u00a0Wyjazd z Krakowa pod Sejm<\/p>\n<p style=\"font-weight: 400;\">11 &#8211; Byli\u015bmy, jeste\u015bmy, b\u0119dziemy\u00a0 &#8211; marsz z Rynku G\u0142\u00f3wnego pod Urz\u0105d Wojew\u00f3dzki<\/p>\n<p style=\"font-weight: 400;\">13 &#8211;\u00a0\u00a0Walka z terroryzmem a prawa cz\u0142owieka \u2013 spotkanie z Piotrem K\u0142adocznym\u00a0i Piotrem Niemczyckiem<\/p>\n<p style=\"font-weight: 400;\">LUTY 2017<\/p>\n<p style=\"font-weight: 400;\">05 &#8211; S\u0119dziowie, nie b\u00f3jcie si\u0119 s\u0105dzi\u0107 \u2013 Rynek G\u0142\u00f3wny<\/p>\n<p style=\"font-weight: 400;\">05 &#8211;\u00a0\u00a0Spotkanie z o. J\u00f3zefem Puci\u0142owskim \u201eWyj\u015b\u0107 z obl\u0119\u017conej twierdzy&#8221;<\/p>\n<p style=\"font-weight: 400;\">17 &#8211;\u00a0\u00a0Spotkanie z prof. A. Zollem \u201ePrawo w systemach totalitarnych&#8221;<\/p>\n<p style=\"font-weight: 400;\">12 &#8211; Las \u017bywych Trup\u00f3w &#8211; nagranie filmu<\/p>\n<p style=\"font-weight: 400;\">17 &#8211; spotkanie z dr Jaros\u0142awm Flisem\u00a0\u201eWyb\u00f3r regu\u0142 wyboru &#8211; ile mo\u017cna zyska\u0107 na zmianach ordynacji&#8221;<\/p>\n<p style=\"font-weight: 400;\">19 &#8211;\u00a0\u00a0Sp\u0142aw kaczk\u0119 na wiosn\u0119 #sp\u0142ywkaczek<\/p>\n<p style=\"font-weight: 400;\">25 &#8211; Ca\u0142a Polska \u015bpiewa Od\u0119 do Rado\u015bci #EU60 \u2013 wiele miast w Ma\u0142opolsce<\/p>\n<p style=\"font-weight: 400;\">KWIECIE\u0143 2017<\/p>\n<p style=\"font-weight: 400;\">02 &#8211;\u00a0\u00a020 rocznica uchwalenia konstytucji \u2013 wiele miast w Ma\u0142opolsce<\/p>\n<p style=\"font-weight: 400;\">23 &#8211;\u00a0\u00a0#23IV Manifest Europejski<\/p>\n<p style=\"font-weight: 400;\">28 &#8211;\u00a0\u00a0Wyjazd do Przemy\u015bla zwi\u0105zany z 70 rocznic\u0105 Akcji Wis\u0142a<\/p>\n<p style=\"font-weight: 400;\">MAJ 2017<\/p>\n<p style=\"font-weight: 400;\">03 &#8211; Poch\u00f3d z Wawelu pod Pomnik Grunwaldzki z okazji rocznicy uchwalenia\u00a0Konstytucji 3 maja<\/p>\n<p style=\"font-weight: 400;\">07 &#8211;\u00a0\u00a0nagranie filmu \u201eUmar\u0142a szko\u0142a?&#8221;<\/p>\n<p style=\"font-weight: 400;\">19 &#8211; \u201eWolno\u015b\u0107 w internecie&#8221; \u2013 spotkanie z adw. dr. hab. Paw\u0142em Podreckim<\/p>\n<p style=\"font-weight: 400;\">CZERWIEC 2017<\/p>\n<p style=\"font-weight: 400;\">04 &#8211;\u00a0\u00a0Strefa Wolno\u015bci w rocznic\u0119 wybor\u00f3w 4 czerwca 1989<\/p>\n<p style=\"font-weight: 400;\">04 &#8211;\u00a0\u00a0IX \u0141yk Wolno\u015bci<\/p>\n<p style=\"font-weight: 400;\">10\/11 &#8211;\u00a0\u00a0NIE dla deformy edukacji \u2013 pikieta na Rynku<\/p>\n<p style=\"font-weight: 400;\">20 &#8211; Protest KOD po wyroku niby-TK w sprawie wyboru cz\u0142onk\u00f3w KRS<\/p>\n<p style=\"font-weight: 400;\">22 &#8211;\u00a0\u00a0KOD godnie przywita\u0142 i po\u017cegna\u0142 Par\u0119 Prezydenck\u0105\u00a0w Muzeum Narodowym w Krakowie<\/p>\n<p style=\"font-weight: 400;\">25 &#8211;\u00a0\u00a0Pikieta w obronie tr\u00f3jpodzia\u0142u w\u0142adzy na Rynku\u00a0\u201eMam prawo do niezale\u017cnego s\u0105downictwa&#8221;<\/p>\n<p style=\"font-weight: 400;\">LIPIEC 2017<\/p>\n<p style=\"font-weight: 400;\">01 &#8211;\u00a0\u00a0wyjazd do Pary\u017ca na \u201eZgromadzenie dla pokoju i wolno\u015bci.&#8221; w sprawie Iranu<\/p>\n<p style=\"font-weight: 400;\">08 &#8211;\u00a0\u00a0Krak\u00f3w Rynek G\u0142\u00f3wny razem z KOD M\u0142odych \u201eKrak\u00f3w przeciw ksenofobii&#8221;<\/p>\n<p style=\"font-weight: 400;\">14 &#8211;\u00a0\u00a0Happening Jezus te\u017c by\u0142 uchod\u017ac\u0105<\/p>\n<p style=\"font-weight: 400;\">15 &#8211;\u00a0\u00a0spotkanie Tomasz Pi\u0105tek o tajemnicach A. Macierewicza<\/p>\n<p style=\"font-weight: 400;\">17 &#8211;\u00a0\u00a0happening\u00a0 w obronie demokratycznego pa\u0144stwa i niezawis\u0142o\u015bci s\u0105d\u00f3w\u00a0\u201eBierno\u015b\u0107 to przyzwolenie&#8221;<\/p>\n<p style=\"font-weight: 400;\">16\/27 &#8211;\u00a0\u00a0Codzienne manifestacje w obronie niezawis\u0142ych s\u0105d\u00f3w w wielu miejscach\u00a0w Ma\u0142opolsce<\/p>\n<p style=\"font-weight: 400;\">SIERPIE\u0143 2017<\/p>\n<p style=\"font-weight: 400;\">11 &#8211;\u00a0\u00a0happening \u201eJezus by\u0142 uchod\u017ac\u0105&#8221;<\/p>\n<p style=\"font-weight: 400;\">17 &#8211;\u00a0\u00a0spotkanie dyskusyjne KO &#8211; \u0141awnicy<\/p>\n<p style=\"font-weight: 400;\">24 &#8211;\u00a0\u00a0Chcesz k\u0142amstw? Happening w obronie Wolnych Medi\u00f3w<\/p>\n<p style=\"font-weight: 400;\">31 &#8211;\u00a0\u00a0Klub dyskusyjny KO \u201ePorozumienia sierpniowe 1980. Co nam z tego zosta\u0142o?&#8221;\u00a0Edward Nowak, Gra\u017cyna Staniszewska, J\u00f3zef Lassota<\/p>\n<p style=\"font-weight: 400;\">\u00a0WRZESIE\u0143 2017<\/p>\n<p style=\"font-weight: 400;\">01 &#8211;\u00a0\u00a0Marsz przeciwko faszyzmowi<\/p>\n<p style=\"font-weight: 400;\">10 &#8211;\u00a0\u00a0z\u0142o\u017cenie kwiat\u00f3w pod tablicami w 70 rocznic\u0119 Procesu Krakowskiego II Komendy WiN\u00a0i PSL<\/p>\n<p style=\"font-weight: 400;\">10 &#8211;\u00a0\u00a0LITERIADA &#8211; KONSTYTUCJA TO MY<\/p>\n<p style=\"font-weight: 400;\">14 &#8211;\u00a0\u00a0Klub dyskusyjny \u201eWarunki Brzegowe Demokracji&#8221; prof. F. Zoll, dr J. Flis<\/p>\n<p style=\"font-weight: 400;\">PA\u0179DZIERNIK 2017<\/p>\n<p style=\"font-weight: 400;\">01 &#8211;\u00a0\u00a0Wolne s\u0105dy \u2013 Suweren m\u00f3wi NIE!<\/p>\n<p style=\"font-weight: 400;\">03 &#8211;\u00a0\u00a0Czarny Wtorek w rocznic\u0119 Czarnego Protestu<\/p>\n<p style=\"font-weight: 400;\">12 &#8211;\u00a0\u00a0spotkanie KKO Profesor Stanis\u0142aw Walto\u015b &#8211; Prokuratura oczekiwa\u0144 i marze\u0144.<\/p>\n<p style=\"font-weight: 400;\">16 &#8211;\u00a0\u00a0Oko w oko z Temid\u0105 &#8211; spotkanie obywateli z s\u0119dziami<\/p>\n<p style=\"font-weight: 400;\">21 &#8211;\u00a0\u00a0Namiot informacyjny o Unii Europejskiej KOD Krowodrza<\/p>\n<p style=\"font-weight: 400;\">22 &#8211;\u00a0\u00a0Wolno\u015bci &#8211; odda\u0107 nie umiem w ge\u015bcie solidarno\u015bci z Piotrem Szcz\u0119snym<\/p>\n<p style=\"font-weight: 400;\">28 &#8211;\u00a0\u00a0Ratujmy S\u0142u\u017cb\u0119 Zdrowia bo wszyscy jeste\u015bmy pacjentami<\/p>\n<p style=\"font-weight: 400;\">29 &#8211;\u00a0\u00a0Co \u015bmieszy Ziemkiewicza?<\/p>\n<p style=\"font-weight: 400;\">30 &#8211;\u00a0\u00a0Obywatele \u017cegnaj\u0105 Szarego Cz\u0142owieka<\/p>\n<p style=\"font-weight: 400;\">LISTOPAD 2017<\/p>\n<p style=\"font-weight: 400;\">04 &#8211;\u00a0\u00a0Wielki Start G\u0105sienice Tour PL 2017 w Cieszynie<\/p>\n<p style=\"font-weight: 400;\">11 &#8211;\u00a0\u00a011 listopada &#8211; chcemy Demokracji, Plac Szczepa\u0144ski<\/p>\n<p style=\"font-weight: 400;\">11 &#8211;\u00a0\u00a0Witamy Jaros\u0142awa Kaczy\u0144skiego pod hotelem Sheraton w Krakowie<\/p>\n<p style=\"font-weight: 400;\">14 &#8211;\u00a0\u00a0Przes\u0142anie Piotra Szcz\u0119snego Krak\u00f3w Salwator &#8211; Rynek<\/p>\n<p style=\"font-weight: 400;\">20 &#8211;\u00a0\u00a0Spotkanie KO &#8211; Krak\u00f3w &#8222;Polityk i dziennikarz Co dalej z Polsk\u0105 Jaros\u0142aw Kurski,\u00a0Bogdan Klich<\/p>\n<p style=\"font-weight: 400;\">24 &#8211;\u00a0\u00a03 x W &#8211; Wolne S\u0105dy .Wolne Wybory ,Wolna Polska<\/p>\n<p style=\"font-weight: 400;\">25 &#8211;\u00a0\u00a0DZIE\u0143 OTWARTY KOD MA\u0141OPOLSKA<\/p>\n<p style=\"font-weight: 400;\">29 &#8211;\u00a0\u00a0happening NIE dla paj\u0105ka bezprawia!<\/p>\n<p style=\"font-weight: 400;\">GRUDZIE\u0143 2017<\/p>\n<p style=\"font-weight: 400;\">01 &#8211;\u00a0\u00a03xW \u2013 Wolne S\u0105dy, Wolne Wybory, Wolna Polska, Zjednoczmy si\u0119 dla praworz\u0105dno\u015bci<\/p>\n<p style=\"font-weight: 400;\">02 &#8211;\u00a0\u00a0Spotkanie dyskusyjne &#8222;Solidarno\u015b\u0107, legenda i wsp\u00f3\u0142czesno\u015b\u0107&#8221;<\/p>\n<p style=\"font-weight: 400;\">04 &#8211; Wolne S\u0105dy!<\/p>\n<p style=\"font-weight: 400;\">08 &#8211; Wolne S\u0105dy! Wolna Polska!<\/p>\n<p style=\"font-weight: 400;\">12 &#8211;\u00a0\u00a0Manifestacja w Obronie SN I KRS<\/p>\n<p style=\"font-weight: 400;\">13 &#8211;\u00a0\u00a013 grudnia 1981 pami\u0119tamy \u2013 spotkanie pod pomnikiem Bogdana W\u0142osika<\/p>\n<p style=\"font-weight: 400;\">14 &#8211;\u00a0\u00a0\u0141a\u0144cuch \u015awiat\u0142a, \u0141a\u0144cuch Ludzi<\/p>\n<p style=\"font-weight: 400;\">16 &#8211;\u00a0\u00a0Krak\u00f3w dla jedno\u015bci, Marsz Antyfaszystowski<\/p>\n<p style=\"font-weight: 400;\">18 &#8211;\u00a0\u00a0Zagro\u017cenia dla samorz\u0105du<\/p>\n<p>&nbsp;<\/p>\n<p style=\"font-weight: 400;\">Jacek Nied\u017awiecki\u00a0&#8211; Cykl Debat Kluby Obywatelskie a potem Krakowskie Kluby Obywatelskie w tym \u201eBezpiecze\u0144stwo-Wolno\u015b\u0107-Strach&#8221;<\/p>\n<p style=\"font-weight: 400;\">Ka\u017cdego 18-go \u201eSTOP upartyjnianiu Wawelu&#8221;<\/p>\n<p style=\"font-weight: 400;\">OLKUSZ:<\/p>\n<p style=\"font-weight: 400;\">04.06.2017 &#8211; Dzie\u0144 wolno\u015bci i praw obywatelskich<\/p>\n<p style=\"font-weight: 400;\">25.08.2017 &#8211; Olkuskie \u015awiate\u0142ko dla S\u0105d\u00f3w<\/p>\n<p style=\"font-weight: 400;\">15.12.2017 &#8211; Wolne S\u0105dy! Wolna Polska!<\/p>\n<p style=\"font-weight: 400;\">TARN\u00d3W<\/p>\n<p style=\"font-weight: 400;\">14.01.2017 &#8211; Pom\u00f3\u017cmy uchod\u017acom z Aleppo<\/p>\n<p style=\"font-weight: 400;\">11.02.2017 &#8211; Tarn\u00f3w w obronie niezawis\u0142o\u015bci s\u0105d\u00f3w<\/p>\n<p style=\"font-weight: 400;\">14.02.2017 &#8211; Spotkanie z prof. F. Zollem<\/p>\n<p style=\"font-weight: 400;\">24.02.2017 &#8211; Spotkanie ze Stefanem Niesio\u0142owskim i Danielem Olbrychskim<\/p>\n<p style=\"font-weight: 400;\">22.03.2017 &#8211; Spotkanie z Edwardem Nowakiem<\/p>\n<p style=\"font-weight: 400;\">14.08.2017 &#8211; Stop wycince Puszczy Bia\u0142owieskiej<\/p>\n<p style=\"font-weight: 400;\">22.08.2017 &#8211; Miesi\u0119cznica Ha\u0144by &#8211; nieudanego zamachu lipcowego na Demokracj\u0119<\/p>\n<p style=\"font-weight: 400;\">01.09.2017 &#8211; Protest Stop Faszyzmowi! Stop Rasizmowi!<\/p>\n<p style=\"font-weight: 400;\">22.09.2017 &#8211; Wolne S\u0105dy. Wolni Ludzie<\/p>\n<p style=\"font-weight: 400;\">01.10.2017 &#8211; Wolne s\u0105dy \u2013 Suweren m\u00f3wi NIE!<\/p>\n<p style=\"font-weight: 400;\">22.10.2017 &#8211; Wolne S\u0105dy &#8211; Nie Gasimy \u015awiate\u0142!<\/p>\n<p style=\"font-weight: 400;\">30.10.2017 &#8211; Obywatele \u017cegnaj\u0105 &#8222;Szarego Cz\u0142owieka&#8221;<\/p>\n<p style=\"font-weight: 400;\">22.11.2017 &#8211; Wolne S\u0105dy \u2013 Obud\u017acie si\u0119!<\/p>\n<p style=\"font-weight: 400;\">24.11.2017 &#8211; 3 x W &#8211; Wolne S\u0105dy .Wolne Wybory ,Wolna Polska<\/p>\n<p style=\"font-weight: 400;\">05.12.2017 &#8211;\u00a0\u00a0Wolne s\u0105dy &#8211; tylko wsp\u00f3lnie zwyci\u0119\u017cymy<\/p>\n<p style=\"font-weight: 400;\">06.12-08.12.2017 &#8211;\u00a0\u00a03 x W &#8211; Wolne S\u0105dy,Wolne Wybory,Wolna Polska.<\/p>\n<p style=\"font-weight: 400;\">16.12.2017 &#8211;\u00a0\u00a0Marsz. Stop narastaj\u0105cemu nacjonalizmowi, rasizmowi i faszyzmowi.<\/p>\n<p style=\"font-weight: 400;\">O\u015aWI\u0118CIM:<\/p>\n<p style=\"font-weight: 400;\">03.05.2017 &#8211;\u00a0\u00a0\u015awi\u0119to Konstytucji<\/p>\n<p>26.08.2017 &#8211; Jezus te\u017c by\u0142 uchod\u017ac\u0105<\/p>\n<p style=\"font-weight: 400;\">07.10.2017 &#8211; Marsz Antyfaszystowski<\/p>\n<p style=\"font-weight: 400;\">01.12.2017 &#8211; 3xW \u2013 Wolne S\u0105dy, Wolne Wybory, Wolna Polska<\/p>\n<p style=\"font-weight: 400;\">MY\u015aLENICE:<\/p>\n<p style=\"font-weight: 400;\">16.03.2017 &#8211;\u00a0\u00a0My\u015blenicki recital Leszeka W\u00f3jtowicza z Piwnicy Pod Baranami<\/p>\n<p style=\"font-weight: 400;\">06.04.2017 &#8211;\u00a0 Spotkanie z Edwardem Nowakiem<\/p>\n<p style=\"font-weight: 400;\">02.05.2017 &#8211;\u00a0\u00a0Dzie\u0144 Flagi<\/p>\n<p style=\"font-weight: 400;\">07.08.2017 &#8211; Bronimy Puszczy przed wycink\u0105!<\/p>\n<p style=\"font-weight: 400;\">26.08.2017 &#8211; Namiot KOD. My\u015blenice dla demokracji. Akcja informacyjna<\/p>\n<p style=\"font-weight: 400;\">02.07.2017 &#8211;\u00a0\u00a0Bronimy Puszczy Bia\u0142owieskiej w My\u015blenicach!<\/p>\n<p style=\"font-weight: 400;\">13.08.2017 &#8211; Po 5. NIE Zabijaj &#8211; Bronimy Puszczy Bia\u0142owieskiej!<\/p>\n<p style=\"font-weight: 400;\">21.08.2017 &#8211; \u015awiate\u0142ko dla s\u0105d\u00f3w. Pikieta pod S\u0105dem w My\u015blenicach<\/p>\n<p style=\"font-weight: 400;\">01.10.2017 &#8211; Wolne s\u0105dy \u2013 Suweren m\u00f3wi NIE!<\/p>\n<p style=\"font-weight: 400;\">3011.2017 &#8211; NIE dla paj\u0105ka bezprawia!<\/p>\n<p style=\"font-weight: 400;\">PODHALE<\/p>\n<p style=\"font-weight: 400;\">04.06.2017 &#8211; Spotkanie z Janem Lity\u0144skim<\/p>\n<p style=\"font-weight: 400;\">10.07.2017 &#8211; Spotkanie z Januszem Majcherem<\/p>\n<p style=\"font-weight: 400;\">12.08.2017 &#8211; Namiot Zakopane<\/p>\n<p style=\"font-weight: 400;\">09.09.2017 &#8211;\u00a0\u00a0Namiot informacyjny KOD Nowy Targ<\/p>\n<p style=\"font-weight: 400;\">03.09.2017- Spacer Pami\u0119ci w 75 rocznic\u0119 zag\u0142ady \u017byd\u00f3w nowotarskich<\/p>\n<p style=\"font-weight: 400;\">04.09.2017 &#8211; Spotkanie z Sewerynem Blumsztajnem<\/p>\n<p style=\"font-weight: 400;\">09.09.2017 &#8211;\u00a0\u00a0Namiot informacyjny KOD Zakopane<\/p>\n<p style=\"font-weight: 400;\">01.10.2017 &#8211; Wolne s\u0105dy \u2013 Suweren m\u00f3wi NIE!<\/p>\n<p style=\"font-weight: 400;\">02.10.2017 &#8211;\u00a0 Spotkanie z J\u00f3zefem Piniorem<\/p>\n<p style=\"font-weight: 400;\">MAGDALENA MUSIA\u0141<\/p>\n<p style=\"font-weight: 400;\">Luty \u2013 marzec 2017\u00a0\u00a0&#8211;\u00a0 zbieranie podpis\u00f3w w sprawie zmian w systemie edukacji, Strajk szkolny 10 maja<\/p>\n<p style=\"font-weight: 400;\">M\u0142ody KOD:<\/p>\n<p style=\"font-weight: 400;\">04.20117 &#8211; Konkurs fotograficzny \u201eMotyl polsko-europejski&#8221;<\/p>\n<p style=\"font-weight: 400;\">28.08.2017 &#8211;\u00a0\u00a0M\u0142odzi &#8211; \u015awiate\u0142ko dla s\u0105d\u00f3w vol. 2 &#8222;Widzimy si\u0119 na wokandzie!&#8221;<\/p>\n<p style=\"font-weight: 400;\">14.12.2017 &#8211;\u00a0\u00a0\u0141a\u0144cuch \u015awiat\u0142a &#8211; \u0141a\u0144cuch Ludzi \u2013 Krak\u00f3w w obronie s\u0105d\u00f3w<\/p>\n<p style=\"font-weight: 400;\">WIELICZKA<\/p>\n<p style=\"font-weight: 400;\">01.10.2017 &#8211; Wolne s\u0105dy \u2013 Suweren m\u00f3wi NIE!<\/p>\n<p style=\"font-weight: 400;\">08.12.2017 &#8211;\u00a0\u00a03xW Wieliczka<\/p>\n<p style=\"font-weight: 400;\">CHRZAN\u00d3W<\/p>\n<p style=\"font-weight: 400;\">01.10.2017 &#8211; Wolne s\u0105dy \u2013 Suweren m\u00f3wi NIE!<\/p>\n<p style=\"font-weight: 400;\">24.11.2017 &#8211; 3 x W &#8211; Wolne S\u0105dy .Wolne Wybory ,Wolna Polska<\/p>\n<p style=\"font-weight: 400;\">01.12.2017 &#8211; 3 x W \u2013 Wolne S\u0105dy, Wolne Wybory, Wolna Polska<\/p>\n<p style=\"font-weight: 400;\">NOWY S\u0104CZ<\/p>\n<p style=\"font-weight: 400;\">25.08.2017 &#8211;\u00a0\u00a0Jezus te\u017c by\u0142 uchod\u017ac\u0105<\/p>\n<p style=\"font-weight: 400;\">WADOWICE<\/p>\n<p style=\"font-weight: 400;\">26.07.2017 &#8211;\u00a0\u00a0Premier w \u015awinnej Por\u0119bie<\/p>\n<p style=\"font-weight: 400;\">07.10.2017 &#8211;\u00a0\u00a0Jezus te\u017c by\u0142 uchod\u017ac\u0105<\/p>\n<p style=\"font-weight: 400;\">01.10.2017 &#8211; Suweren M\u00f3wi Nie! #wolnes\u0105dy<\/p>\n","protected":false},"excerpt":{"rendered":"<p>Szanowni Pa\u0144stwo. Zarz\u0105d KOD-Ma\u0142opolska przekazuje Pa\u0144stwu informacje o przychodach i wydatkach zwi\u0105zanych z wszelkimi dzia\u0142aniami w naszym Regionie w 2017 [&#8230;]<\/p>\n","protected":false},"author":31,"featured_media":6927,"comment_status":"closed","ping_status":"open","sticky":false,"template":"","format":"standard","meta":{"_EventAllDay":false,"_EventTimezone":"","_EventStartDate":"","_EventEndDate":"","_EventStartDateUTC":"","_EventEndDateUTC":"","_EventShowMap":false,"_EventShowMapLink":false,"_EventURL":"","_EventCost":"","_EventCostDescription":"","_EventCurrencySymbol":"","_EventCurrencyCode":"","_EventCurrencyPosition":"","_EventDateTimeSeparator":"","_EventTimeRangeSeparator":"","_EventOrganizerID":[],"_EventVenueID":[],"_OrganizerEmail":"","_OrganizerPhone":"","_OrganizerWebsite":"","_VenueAddress":"","_VenueCity":"","_VenueCountry":"","_VenueProvince":"","_VenueState":"","_VenueZip":"","_VenuePhone":"","_VenueURL":"","_VenueStateProvince":"","_VenueLat":"","_VenueLng":"","_VenueShowMap":false,"_VenueShowMapLink":false,"footnotes":""},"categories":[28,353,294,33,293],"tags":[],"class_list":["post-9004","post","type-post","status-publish","format-standard","has-post-thumbnail","hentry","category-malopolskie-news","category-dzialania-kod-mlp","category-komunikaty","category-okregi-malopolskie-news","category-zarzad","malopolskie-news","dzialania-kod-mlp","komunikaty","okregi-malopolskie-news","zarzad"],"_links":{"self":[{"href":"https:\/\/kodmalopolska.pl\/index.php?rest_route=\/wp\/v2\/posts\/9004","targetHints":{"allow":["GET"]}}],"collection":[{"href":"https:\/\/kodmalopolska.pl\/index.php?rest_route=\/wp\/v2\/posts"}],"about":[{"href":"https:\/\/kodmalopolska.pl\/index.php?rest_route=\/wp\/v2\/types\/post"}],"author":[{"embeddable":true,"href":"https:\/\/kodmalopolska.pl\/index.php?rest_route=\/wp\/v2\/users\/31"}],"replies":[{"embeddable":true,"href":"https:\/\/kodmalopolska.pl\/index.php?rest_route=%2Fwp%2Fv2%2Fcomments&post=9004"}],"version-history":[{"count":0,"href":"https:\/\/kodmalopolska.pl\/index.php?rest_route=\/wp\/v2\/posts\/9004\/revisions"}],"wp:featuredmedia":[{"embeddable":true,"href":"https:\/\/kodmalopolska.pl\/index.php?rest_route=\/wp\/v2\/media\/6927"}],"wp:attachment":[{"href":"https:\/\/kodmalopolska.pl\/index.php?rest_route=%2Fwp%2Fv2%2Fmedia&parent=9004"}],"wp:term":[{"taxonomy":"category","embeddable":true,"href":"https:\/\/kodmalopolska.pl\/index.php?rest_route=%2Fwp%2Fv2%2Fcategories&post=9004"},{"taxonomy":"post_tag","embeddable":true,"href":"https:\/\/kodmalopolska.pl\/index.php?rest_route=%2Fwp%2Fv2%2Ftags&post=9004"}],"curies":[{"name":"wp","href":"https:\/\/api.w.org\/{rel}","templated":true}]}}