{"id":8996,"date":"2018-02-27T19:09:12","date_gmt":"2018-02-27T18:09:12","guid":{"rendered":"https:\/\/kodmalopolska.pl\/?p=8996"},"modified":"2018-02-27T21:17:40","modified_gmt":"2018-02-27T20:17:40","slug":"uchwala-sedziow-so-w-krakowie-w-osmiu-punktach","status":"publish","type":"post","link":"https:\/\/kodmalopolska.pl\/?p=8996","title":{"rendered":"Uchwa\u0142a s\u0119dzi\u00f3w SO w\u00a0Krakowie w\u00a0o\u015bmiu punktach"},"content":{"rendered":"<header class=\"entry-header\">\n<h1 class=\"entry-title\"><strong style=\"font-size: 16px;\">Uchwa\u0142a podj\u0119ta na\u00a0zgromadzeniu SO w\u00a0Krakowie dnia 26.02.2018r.<\/strong><\/h1>\n<\/header>\n<div class=\"entry-content\">\n<div class=\"pf-content\">\n<p>1. Zgromadzenie Przedstawicieli S\u0119dzi\u00f3w Okr\u0119gu Krakowskiego wyra\u017ca\u00a0<strong>podzi\u0119kowanie s\u0119dziemu S\u0105du Okr\u0119gowego w\u00a0Krakowie Waldemarowi \u017burkowi za\u00a0pe\u0142nion\u0105 od\u00a0wielu lat s\u0142u\u017cb\u0119 na\u00a0stanowiskach rzecznika S\u0105du Okr\u0119gowego w\u00a0Krakowie, a\u00a0tak\u017ce cz\u0142onka, a\u00a0zarazem rzecznika Krajowej Rady S\u0105downictwa. S\u0119dzia Waldemar \u017burek w\u00a0spos\u00f3b konsekwentny i\u00a0zarazem profesjonalny broni\u0142 niezale\u017cno\u015bci s\u0105d\u00f3w i\u00a0niezawis\u0142o\u015bci s\u0119dzi\u00f3w, co \u2013 w\u00a0czasie, kiedy w\u0142adza wykonawcza i\u00a0ustawodawcza, naruszaj\u0105c zasady wynikaj\u0105ce z\u00a0Konstytucji RP, podj\u0119\u0142a szereg dzia\u0142a\u0144 w\u00a0celu podporz\u0105dkowania wymiaru sprawiedliwo\u015bci czynnikowi politycznemu \u2013 by\u0142o dzia\u0142aniem wyj\u0105tkowo trudnym i\u00a0wymagaj\u0105cym odwagi<\/strong>. Cytuj\u0105c Kapitu\u0142\u0119 Nagrody Z\u0142ote Paragrafy przyznanej s\u0119dziemu Waldemarowi \u017burkowi w\u00a02016 roku by\u0142 on \u201ezawsze tam, gdzie trzeba broni\u0107 podwalin demokratycznego pa\u0144stwa prawnego\u201d. Pe\u0142na po\u015bwi\u0119cenia i\u00a0zaanga\u017cowania postawa s\u0119dziego Waldemara \u017burka sprawi\u0142a, \u017ce\u00a0sta\u0142 si\u0119 \u201etwarz\u0105 polskiego s\u0105downictwa\u201d, zas\u0142uguj\u0105c na\u00a0wyrazy najwy\u017cszego szacunku i\u00a0uznania.<\/p>\n<p><strong>\u00a0<\/strong><\/p>\n<p>2. Zgromadzenie Przedstawicieli S\u0119dzi\u00f3w Okr\u0119gu Krakowskiego zwraca uwag\u0119 na\u00a0fakt, \u017ce<strong>\u00a0wobec s\u0119dziego Waldemara \u017burka podporz\u0105dkowane czynnikowi politycznemu organy \u015bcigania od\u00a0oko\u0142o 2 lat, a\u00a0w\u00a0ostatnim czasie r\u00f3wnie\u017c nowopowo\u0142any Prezes s\u0105du podj\u0119\u0142y dzia\u0142ania o\u00a0charakterze represyjnym<\/strong><\/p>\n<p>przejawiaj\u0105ce si\u0119 m.in.\u00a0w:<\/p>\n<p>\u2013 pi\u0119ciokrotnym przes\u0142uchiwaniu przez\u00a0prokuratur\u0119 i\u00a0Centralne Biuro Antykorupcyjne w\u00a0trakcie bezpodstawnego, a\u00a0trwaj\u0105cego ju\u017c faktycznie blisko p\u00f3\u0142tora roku, post\u0119powania dotycz\u0105cego kontroli o\u015bwiadczenia maj\u0105tkowego, przy czym wbrew przepisom post\u0119powanie to\u00a0przez\u00a06 miesi\u0119cy toczy\u0142o si\u0119 bez\u00a0jego formalnego wszcz\u0119cia i\u00a0poinformowania go o\u00a0tym fakcie,<\/p>\n<p>\u2013 bezprawnym wtargni\u0119ciu funkcjonariuszy Centralnego Biura Antykorupcyjnego do\u00a0strefy zamkni\u0119tej siedziby konstytucyjnego organu RP, jakim jest Krajowa Rada S\u0105downictwa, w\u00a0celu dor\u0119czenia wezwania, kt\u00f3re mo\u017cna by\u0142o r\u00f3wnie\u017c dor\u0119czy\u0107 za\u00a0po\u015brednictwem poczty,<\/p>\n<p>\u2013 maj\u0105cym charakter n\u0119kania przes\u0142uchaniu ponad 70-letnich rodzic\u00f3w s\u0119dziego Waldemara \u017burka,<\/p>\n<p>\u2013 bezpodstawnym nachodzeniu przez\u00a0funkcjonariuszy Centralnego Biura Antykorupcyjnego niekt\u00f3rych s\u0105siad\u00f3w s\u0119dziego Waldemara \u017burka, czy\u00a0osoby kt\u00f3ra\u00a0rozlicza mu podatki,<\/p>\n<p>\u2013 skierowanej przeciwko s\u0119dziemu Waldemarowi \u017burkowi kampanii oszczerczych pom\u00f3wie\u0144 w\u00a0mediach publicznych, kt\u00f3rej\u00a0nast\u0119pstwem jest skierowana wobec niego fala wyst\u0105pie\u0144 o\u00a0charakterze mowy nienawi\u015bci w\u00a0postaci licznych po\u0142\u0105cze\u0144 telefonicznych i\u00a0SMS-owych, w\u00a0tym r\u00f3wnie\u017c zawieraj\u0105cych gro\u017aby,<\/p>\n<p>\u2013 nieuzasadnionej kontroli sytuacji maj\u0105tkowej b\u0119d\u0105cej obecnie w\u00a0sz\u00f3stym miesi\u0105cu ci\u0105\u017cy \u017cony s\u0119dziego Waldemara \u017burka,<\/p>\n<p>\u2013 kontroli spraw prowadzonych przez\u00a0s\u0119dziego Waldemara \u017burka zarz\u0105dzonej przez\u00a0Ministra Sprawiedliwo\u015bci na\u00a0podstawie anonimowego doniesienia,<\/p>\n<p>\u2013 maj\u0105cym charakter szykany odwo\u0142aniu s\u0119dziego Waldemara \u017burka, z\u00a0funkcji rzecznika prasowego s\u0105du, pomimo braku wymaganej opinii Kolegium s\u0105du, a\u00a0nast\u0119pnie szykanowanie jednej z\u00a0os\u00f3b, kt\u00f3re sprzeciwi\u0142y si\u0119 tego rodzaju procederowi \u2013 S\u0119dzi Ewy \u0141ugowskiej, kt\u00f3ra\u00a0zosta\u0142a odwo\u0142ana z\u00a0funkcji Prezesa S\u0105du Rejonowego w\u00a0Wieliczce,<\/p>\n<p>\u2013 pr\u00f3bach nak\u0142aniania os\u00f3b wsp\u00f3\u0142pracuj\u0105cych z\u00a0s\u0119dzi\u0105 Waldemarem \u017burkiem do\u00a0sk\u0142adania negatywnych opinii na\u00a0temat jego pracy.<\/p>\n<p>Bior\u0105c pod\u00a0uwag\u0119 moment i\u00a0kontekst podejmowania opisanych wy\u017cej dzia\u0142a\u0144 wobec s\u0119dziego Waldemara \u017burka w\u00a0pe\u0142ni uzasadniony jest wniosek, \u017ce\u00a0maj\u0105 one na\u00a0celu\u00a0<strong>wywarcie na\u00a0niego presji i\u00a0zastraszenie go w\u00a0zwi\u0105zku z\u00a0jego aktywno\u015bci\u0105 w\u00a0zakresie obrony niezale\u017cno\u015bci s\u0105d\u00f3w i\u00a0niezawis\u0142o\u015bci s\u0119dzi\u00f3w. Dzia\u0142ania te, kt\u00f3re zgodnie oceniamy jako bezpodstawne i\u00a0bezprawne, przywodz\u0105 na\u00a0my\u015bl skojarzenia z\u00a0prze\u015bladowaniami przeciwnik\u00f3w politycznych w\u0142adzy w\u00a0czasach\u00a0<span class=\"tooltipsall classtoolTips1\" data-hasqtip=\"0\">PRL<\/span>. Opisane dzia\u0142ania przypominaj\u0105 systemy kontroli obywateli i\u00a0jednostkowych represji stosowane przez\u00a0s\u0142u\u017cby specjalne w\u00a0systemach autorytarnyc<\/strong>h, kt\u00f3re w\u00a0przesz\u0142o\u015bci doprowadzi\u0142y do\u00a0wielu przypadk\u00f3w \u0142amania praw cz\u0142owieka. Zgromadzenie zdecydowanie pot\u0119pia tego typu dzia\u0142ania podejmowane wobec s\u0119dziego, a\u00a0zarazem cz\u0142onka i\u00a0rzecznika konstytucyjnego organu RP, jakim jest Krajowa Rada S\u0105downictwa.<\/p>\n<p>&nbsp;<\/p>\n<p>3. Zgromadzenie Przedstawicieli S\u0119dzi\u00f3w Okr\u0119gu Krakowskiego stanowczo<strong>\u00a0pot\u0119pia praktyk\u0119 wszczynania post\u0119powa\u0144 karnych i\u00a0dyscyplinarnych wobec s\u0119dzi\u00f3w, w\u00a0sytuacjach, gdy\u00a0wydawali oni decyzje nie\u00a0uwzgl\u0119dniaj\u0105ce wniosk\u00f3w prokuratury, wzgl\u0119dnie kiedy ich decyzje mog\u0105 by\u0107 oceniane jako politycznie niepoprawne.<\/strong>\u00a0Decyzje zapadaj\u0105ce w\u00a0trakcie post\u0119powa\u0144 s\u0105dowych podlegaj\u0105 zaskar\u017ceniu w\u00a0normalnym toku instancji i\u00a0jedynie taka jest w\u0142a\u015bciwa droga ich weryfikacji. Bezprecedensowa praktyka wszczynania na\u00a0tle takich decyzji post\u0119powa\u0144 karnych, czy\u00a0dyscyplinarnych stanowi jawn\u0105 pr\u00f3b\u0119 zastraszenia s\u0119dzi\u00f3w i\u00a0zmuszenia ich do\u00a0uleg\u0142o\u015bci wobec w\u0142adzy wykonawczej i\u00a0prokuratury, kt\u00f3ra\u00a0po\u00a0po\u0142\u0105czeniu w\u00a02016 roku stanowisk Ministra Sprawiedliwo\u015bci i\u00a0Prokuratora Generalnego zosta\u0142a upolityczniona.<\/p>\n<p>Przyk\u0142adami tego rodzaju bezpodstawnych post\u0119powa\u0144 jest\u00a0<strong>sprawa karna dotycz\u0105ca Pani S\u0119dzi Agnieszki Po\u015bwiaty i\u00a0Pani S\u0119dzi Ma\u0142gorzaty Czerwi\u0144skiej, kt\u00f3re pe\u0142ni\u0105c funkcje przewodnicz\u0105cych wydzia\u0142\u00f3w w\u00a0szczeci\u0144skich s\u0105dach przydzieli\u0142y do\u00a0rozpoznania wnioski prokuratury o\u00a0zastosowanie tymczasowego aresztowania wobec by\u0142ych cz\u0142onk\u00f3w zarz\u0105du zak\u0142ad\u00f3w chemicznych \u201ePolice\u201d\u201d, a\u00a0w\u00a0kt\u00f3rych\u00a0to\u00a0sprawach s\u0105dy obydwu instancji nie\u00a0znalaz\u0142y podstaw dla zastosowania \u015brodk\u00f3w zapobiegawczych.<\/strong><\/p>\n<p>Kolejn\u0105 tego rodzaju spraw\u0105 jest prowadzona przed\u00a0S\u0105dem Rejonowym dla Krakowa-\u015ar\u00f3dmie\u015bcia przez\u00a0<strong>Pani\u0105 S\u0119dzi\u0119 Agnieszk\u0119 Pilarczyk sprawa dotycz\u0105ca b\u0142\u0119du medycznego, kt\u00f3ry\u00a0mia\u0142 doprowadzi\u0107 do\u00a0\u015bmierci ojca obecnego Ministra Sprawiedliwo\u015bci-Prokuratora Generalnego Zbigniewa Ziobry<\/strong>. Przedmiot i\u00a0moment wszcz\u0119cia tego post\u0119powania bezpo\u015brednio przed\u00a0wydaniem wyroku w\u00a0sprawie jednoznacznie wskazuje, \u017ce\u00a0jest ono skierowane przeciwko s\u0119dzi Agnieszce Pilarczyk i\u00a0mia\u0142o na\u00a0celu jej zastraszenie.<\/p>\n<p>Z\u00a0kolei w\u00a0sprawie kt\u00f3ra\u00a0toczy si\u0119 przed\u00a0<strong>S\u0105dem Rejonowym w\u00a0Suwa\u0142kach bezpodstawnie wszcz\u0119to post\u0119powanie dyscyplinarne wobec s\u0119dziego Dominika Czeszkiewicza.<\/strong>\u00a0Z\u00a0kontekstu sprawy wynika, \u017ce\u00a0dzia\u0142ania wskazanego przez\u00a0Ministra Sprawiedliwo\u015bci prezesa s\u0105du J\u00f3zefa Sowula maj\u0105 podtekst polityczny i\u00a0s\u0105 form\u0105 odwetu za\u00a0wcze\u015bniejsze orzeczenie s\u0119dziego Dominika Czeszkiewicza w\u00a0innej sprawie, kt\u00f3re zosta\u0142o negatywnie odebrane w\u00a0kr\u0119gach w\u0142adzy wykonawczej.<\/p>\n<p>Wszystkie opisane wy\u017cej dzia\u0142ania powinny zosta\u0107 upublicznione, aby spo\u0142ecze\u0144stwo by\u0142o \u015bwiadome, \u017ce\u00a0rzeczywistymi intencjami w\u0142adzy wykonawczej jest zastraszenie s\u0119dzi\u00f3w w\u00a0celu sk\u0142onienia ich do\u00a0uleg\u0142o\u015bci.<\/p>\n<p>Jednocze\u015bnie\u00a0<strong>wzywamy Kole\u017canki i\u00a0Koleg\u00f3w S\u0119dzi\u00f3w, aby niezawis\u0142o\u015b\u0107 s\u0119dziowska nadal by\u0142a, bez\u00a0wzgl\u0119du na\u00a0konsekwencje, podstawowym wyznacznikiem w\u00a0ich s\u0142u\u017cbie obywatelom.<\/strong><\/p>\n<p>&nbsp;<\/p>\n<p>4. Zgromadzenie Przedstawicieli S\u0119dzi\u00f3w Okr\u0119gu Krakowskiego podtrzymuje stanowisko zaj\u0119te wcze\u015bniej przez\u00a0zebranie s\u0119dzi\u00f3w okr\u0119gu krakowskiego z\u00a0dnia 4 grudnia 2017\u00a0r., zgodnie z\u00a0kt\u00f3rym<strong>\u00a0podj\u0119te przez\u00a0w\u0142adz\u0119 wykonawcz\u0105 i\u00a0ustawodawcz\u0105 dzia\u0142ania wobec wymiaru sprawiedliwo\u015bci prowadz\u0105 do\u00a0jego destabilizacji, a\u00a0przede wszystkim do\u00a0odebrania mu niezale\u017cno\u015bci, zmierzaj\u0105c w\u00a0stron\u0119 podporz\u0105dkowania go czynnikowi politycznemu.<\/strong>\u00a0Przyj\u0119te ustawy o\u00a0S\u0105dzie Najwy\u017cszym, Krajowej Radzie S\u0105downictwa oraz\u00a0o\u00a0Ustroju S\u0105d\u00f3w Powszechnych oznaczaj\u0105 wyj\u015bcie Polski z\u00a0kr\u0119gu zachodniej kultury prawnej, gdy\u017c\u00a0s\u0105 r\u00f3wnoznaczne ze\u00a0z\u0142amaniem podstawowych standard\u00f3w ochrony prawnej obywateli, w\u00a0postaci prawa do\u00a0rzetelnego procesu przed\u00a0niezawis\u0142ym i\u00a0bezstronnym s\u0105dem, wynikaj\u0105cych z\u00a0art. 10 Powszechnej Deklaracji Praw Cz\u0142owieka, art. 6 Europejskiej Konwencji Praw Cz\u0142owieka oraz\u00a0art. 47 Karty Praw Podstawowych Unii Europejskiej. W\u00a0ten spos\u00f3b zosta\u0142 dokonany wielki krok w\u00a0stron\u0119 powrotu do\u00a0czas\u00f3w PRL, poprzez przej\u015bcie z\u00a0systemu opartego na\u00a0zasadzie tr\u00f3jpodzia\u0142u w\u0142adzy do\u00a0systemu monow\u0142adzy, w\u00a0kt\u00f3rym\u00a0autorytet o\u015brodka decyzyjnego jest budowany na\u00a0strachu obywateli pozbawionych realnej ochrony prawnej.<\/p>\n<p><strong>W\u00a0wyra\u017conym wy\u017cej przekonaniu utwierdza nas sk\u0142ad kandydat\u00f3w do\u00a0nowopowo\u0142anej, w\u00a0oparciu o\u00a0niekonstytucyjne przepisy, Krajowej Rady S\u0105downictwa. Ujawniona przez\u00a0media ilo\u015b\u0107 personalnych i\u00a0osobistych powi\u0105za\u0144 tych kandydat\u00f3w z\u00a0Ministerstwem Sprawiedliwo\u015bci jest tak\u00a0du\u017ca, \u017ce\u00a0maj\u0105cy powsta\u0107 organ b\u0119dzie kolejnym organem w\u0142adzy wykonawczej.<\/strong>\u00a0Bior\u0105c pod\u00a0uwag\u0119, \u017ce\u00a0nowa Krajowa Rada S\u0105downictwa b\u0119dzie decydowa\u0142a o\u00a0wyborze s\u0119dzi\u00f3w, w\u00a0tym r\u00f3wnie\u017c cz\u0142onk\u00f3w Izby Dyscyplinarnej S\u0105du Najwy\u017cszego, a\u00a0Minister Sprawiedliwo\u015bci w\u00a0drodze arbitralnych decyzji odwo\u0142uje i\u00a0powo\u0142uje prezes\u00f3w s\u0105d\u00f3w, s\u0105dy b\u0119d\u0105 bezpo\u015brednio uzale\u017cnione od\u00a0w\u0142adzy wykonawczej, a\u00a0gwarancje niezawis\u0142o\u015bci s\u0119dziowskiej b\u0119d\u0105 iluzoryczne.<\/p>\n<p>Nale\u017cy te\u017c podkre\u015bli\u0107, \u017ce\u00a0w\u00a0oparciu o\u00a0przepisy mi\u0119dzyczasowe do\u00a0ustawy o\u00a0ustroju s\u0105d\u00f3w powszechnych Minister Sprawiedliwo\u015bci \u2013 Prokurator Generalny w\u00a0ci\u0105gu ostatnich 6 miesi\u0119cy, pos\u0142uguj\u0105c si\u0119 cz\u0119stokro\u0107 nieprawdziwymi, b\u0105d\u017a zmanipulowanymi danymi dotycz\u0105cymi wynik\u00f3w statystycznych pracy s\u0105d\u00f3w,\u00a0<strong>odwo\u0142a\u0142 149 prezes\u00f3w i\u00a0wiceprezes\u00f3w s\u0105d\u00f3w powszechnych r\u00f3\u017cnych szczebli. Na\u00a0zwolnione w\u00a0ten spos\u00f3b stanowiska zosta\u0142y cz\u0119stokro\u0107 powo\u0142ane osoby nie\u00a0posiadaj\u0105ce do\u015bwiadczenia w\u00a0zarz\u0105dzaniu s\u0105dami, a\u00a0nawet karane dyscyplinarnie. Jedynym kryterium ich powo\u0142ania by\u0142a lojalno\u015b\u0107 wobec ministra sprawiedliwo\u015bci, co stanowi kolejny element upolitycznienia s\u0105downictwa.<\/strong><\/p>\n<p>W\u00a0\u015bwietle przepis\u00f3w ustaw o\u00a0S\u0105dzie Najwy\u017cszym i\u00a0o\u00a0Ustroju S\u0105d\u00f3w Powszechnych, kt\u00f3re wkr\u00f3tce wejd\u0105 w\u00a0\u017cycie, post\u0119powania dyscyplinarne przeciwko s\u0119dziom, oraz\u00a0przedstawicielom innych korporacji prawniczych (prokuratorzy, adwokaci, radcowie prawni, notariusze) w\u00a0s\u0105dach dyscyplinarnych pierwszej instancji i\u00a0w\u00a0przysz\u0142ej Izbie Dyscyplinarnej S\u0105du Najwy\u017cszego, b\u0119d\u0105 si\u0119 toczy\u0142y w\u00a0spos\u00f3b upolityczniony, a\u00a0zarazem naruszaj\u0105cy prawo do\u00a0obrony, czego przejawami b\u0119dzie m.in.:<\/p>\n<p>\u2013 wyb\u00f3r s\u0119dzi\u00f3w do\u00a0Izby Dyscyplinarnej SN przez\u00a0upolitycznion\u0105 Krajow\u0105 Rad\u0119 S\u0105downictwa, a\u00a0\u0142awnik\u00f3w tej\u00a0Izby przez\u00a0organ stricte polityczny, jakim jest wy\u017csza izba parlamentu,<\/p>\n<p>\u2013 przyznaniu\u00a0<strong>s\u0119dziom-cz\u0142onkom Izby Dyscyplinarnej SN nieuzasadnionego szczeg\u00f3lnym nak\u0142adem pracy bardzo wysokiego, 40-procentowego dodatku do\u00a0wynagrodzenia o\u00a0charakterze jawnie korupcyjnym, kt\u00f3ry\u00a0w\u00a0\u015brodowisku s\u0119dziowskim ju\u017c zyska\u0142 miano \u201ejudaszowych srebrnik\u00f3w\u201d<\/strong>\u00a0(art. 48 par. 7 ust. O\u00a0SN),<\/p>\n<p>\u2013 mo\u017cliwo\u015b\u0107 uchylenia immunitetu s\u0119dziowskiego w\u00a0ramach przyspieszonego, 24-godzinnego trybu post\u0119powania (art. 55 par. 2 ust. o\u00a0SN, art. 106 zd. par. 6 a\u00a0u.s.p.),<\/p>\n<p>\u2013 mo\u017cliwo\u015b\u0107 rozpoznania sprawy dyscyplinarnej nawet w\u00a0razie usprawiedliwionej nieobecno\u015bci s\u0119dziego i\u00a0jego obro\u0144cy (art. 115 \u201ea\u201d par. 3 u.s.p.),<\/p>\n<p>\u2013 przyznanie bardzo szerokich uprawnie\u0144 w\u00a0ramach post\u0119powa\u0144 dyscyplinarnych przedstawicielom w\u0142adzy wykonawczej, tj.\u00a0Ministrowi Sprawiedliwo\u015bci i\u00a0Prezydentowi, w\u00a0tym mo\u017cliwo\u015bci wniesienia przez\u00a0Ministra Sprawiedliwo\u015bci wi\u0105\u017c\u0105cego sprzeciwu od\u00a0decyzji rzecznika dyscyplinarnego o\u00a0odmowie wszcz\u0119cia post\u0119powania dyscyplinarnego (art. 114 par. 9 u.s.p.),<\/p>\n<p>\u2013 mo\u017cliwo\u015b\u0107 stosowania w\u00a0post\u0119powaniach dyscyplinarnych przeciwko s\u0119dziom dowod\u00f3w zdobytych bez\u00a0kontroli s\u0105dowej, z\u00a0naruszeniem przepis\u00f3w prawa, w\u00a0tym uzyskanych w\u00a0wyniku stosowania kontroli operacyjnej rozm\u00f3w telefonicznych (art. 115 \u201ec\u201d u.s.p.).<\/p>\n<p>W\u00a0rezultacie opisanych rozwi\u0105za\u0144 zostanie wprowadzony w\u00a0znacznym stopniu<strong>\u00a0inkwizycyjny model post\u0119powania dyscyplinarnego przeciwko s\u0119dziom i\u00a0przedstawicielom innych zawod\u00f3w prawniczych, kt\u00f3ry\u00a0post\u0119powania te upolityczni, a\u00a0zarazem ograniczy prawa procesowe obwinionych w\u00a0taki spos\u00f3b, \u017ce\u00a0ich pozycja b\u0119dzie wyra\u017anie gorsza, ni\u017c pozycja oskar\u017conych w\u00a0post\u0119powaniach karnych.<\/strong><\/p>\n<p>Je\u017celi doda\u0107 do\u00a0tego dokonane ustaw\u0105 z\u00a02016\u00a0r. upolitycznienie prokuratury uzyskujemy obraz \u201eci\u0105gu technologicznego\u201d umo\u017cliwiaj\u0105cego represjonowanie niewygodnych dla w\u0142adzy ustawodawczej i\u00a0wykonawczej s\u0119dzi\u00f3w, przy u\u017cyciu post\u0119powa\u0144 dyscyplinarnych i\u00a0karnych. O\u00a0tym, \u017ce\u00a0obawa zastosowania represji wobec \u201eniewygodnych\u201d s\u0119dzi\u00f3w nie\u00a0jest bezpodstawna \u015bwiadcz\u0105 przyk\u0142adym dzia\u0142a\u0144 ju\u017c podejmowanych, a\u00a0opisanych wy\u017cej. Zastraszenie s\u0119dzi\u00f3w i\u00a0upolitycznienie s\u0105downictwa stanowi realne zagro\u017cenie dla zachowania zasad demokratycznego pa\u0144stwa prawnego w\u00a0Polsce.<\/p>\n<p><strong>Perspektywa pa\u0144stwa, w\u00a0kt\u00f3rym\u00a0s\u0119dziowie b\u0105d\u017a pochodz\u0105 z\u00a0nadania politycznego, b\u0105d\u017a s\u0105 inwigilowani i\u00a0zastraszani prowadzonymi z\u00a0naruszeniem prawa do\u00a0obrony post\u0119powaniami dyscyplinarnymi, stanowi realne zagro\u017cenie dla praw i\u00a0wolno\u015bci obywateli.<\/strong><\/p>\n<p><strong>W\u00a0\u015bwietle powy\u017cszych okoliczno\u015bci kandydowanie do\u00a0upolitycznionej Izby Dyscyplinarnej S\u0105du Najwy\u017cszego uwa\u017camy za\u00a0niegodne s\u0119dziego i\u00a0ha\u0144bi\u0105ce oraz\u00a0wzywamy s\u0119dzi\u00f3w do\u00a0nieubiegania si\u0119 o\u00a0stanowiska w\u00a0tym organie.<\/strong><\/p>\n<p>&nbsp;<\/p>\n<p>5. Zgromadzenie Przedstawicieli S\u0119dzi\u00f3w Okr\u0119gu Krakowskiego stanowczo protestuje przeciwko\u00a0<strong>niedopuszczalnej praktyce publicznego oczerniania s\u0119dzi\u00f3w przez\u00a0w\u0142adz\u0119 wykonawcz\u0105, w\u00a0szczeg\u00f3lno\u015bci poprzez prowadzenie szeroko zakrojonych kampanii medialnych w\u00a0tym zakresie. Za\u00a0kuriozaln\u0105 uwa\u017camy maj\u0105c\u0105 oszczerczy i\u00a0znies\u0142awiaj\u0105cy charakter tzw. kampani\u0119 bilboardow\u0105 finansowan\u0105 z\u00a0funduszy sp\u00f3\u0142ek Skarbu Pa\u0144stwa. Jej przed\u0142u\u017ceniem jest prowadzona obecnie przez\u00a0Premiera polskiego rz\u0105du Pana Mateusza Morawieckiego, w\u00a0tym r\u00f3wnie\u017c za\u00a0granic\u0105, negatywna kampania medialna przeciwko s\u0119dziom (m.in.\u00a0wypowied\u017a dla Washington Examiner opublikowana dnia 13 grudnia 2017, wypowiedzi na\u00a0spotkaniu z\u00a0prezydentem Macronem dnia 15 grudnia 2017\u00a0r., czy\u00a0wypowiedzi i\u00a0pisemne informacje przekazane dziennikarzom europejskim w\u00a0Brukseli dnia 10 stycznia 2018\u00a0r.).<\/strong>Zwyczajnym k\u0142amstwem jest przypisywanie polskiemu wymiarowi sprawiedliwo\u015bci proweniencji \u201epostkomunistycznej\u201d, czy\u00a0te\u017c sugerowanie, \u017ce\u00a0jest on skorumpowany. W\u00a0\u015bwietle pisemnej informacji z\u00a0S\u0105du Najwy\u017cszego uzyskanej w\u00a0trybie dost\u0119pu do\u00a0informacji publicznej przez\u00a0Stowarzyszenie S\u0119dzi\u00f3w \u201eThemis\u201d w\u00a0okresie ostatnich 10 lat zaledwie jedna zako\u0144czona sprawa dotyczy\u0142a przewinienia dyscyplinarnego s\u0119dziego zwi\u0105zanego z\u00a0zarzutem o\u00a0charakterze korupcyjnym. Natomiast jedyn\u0105 b\u0119d\u0105c\u0105 obecnie w\u00a0toku spraw\u0105 korupcyjn\u0105 dotycz\u0105c\u0105 s\u0119dziego jest sprawa by\u0142ego prezesa S\u0105du Apelacyjnego w\u00a0Krakowie, jednak w\u00a0sprawie tej\u00a0zarzut korupcji nie\u00a0dotyczy sfery orzeczniczej. Opisane wy\u017cej\u00a0<strong>dzia\u0142ania w\u0142adzy wykonawczej, polegaj\u0105ce na\u00a0systemowym podwa\u017caniu autorytetu wymiaru sprawiedliwo\u015bci, prowadz\u0105 do\u00a0anarchizacji \u017cycia publicznego w\u00a0kraju oraz\u00a0obni\u017ceniu autorytetu Polski za\u00a0granic\u0105.<\/strong><\/p>\n<p>&nbsp;<\/p>\n<p>6. Zgromadzenie Przedstawicieli S\u0119dzi\u00f3w Okr\u0119gu Krakowskiego\u00a0<strong>wzywa koleg\u00f3w s\u0119dzi\u00f3w do\u00a0tego, \u017ceby\u00a0s\u0105dy przesta\u0142y by\u0107 nieme. Nale\u017cy informowa\u0107 Forum Wsp\u00f3\u0142pracy S\u0119dzi\u00f3w, stowarzyszenia s\u0119dziowskie, organizacje pozarz\u0105dowe, a\u00a0tak\u017ce bezpo\u015brednio media o\u00a0wszystkich przypadkach naruszania niezawis\u0142o\u015bci s\u0119dzi\u00f3w.<\/strong>\u00a0Takie dzia\u0142anie le\u017cy w\u00a0interesie obywateli, gdy\u017c\u00a0zmierza do\u00a0zapewnienia im prawa do\u00a0rzetelnego procesu przed\u00a0bezstronnym i\u00a0niezawis\u0142ym s\u0105dem. Dop\u00f3ki istniej\u0105 niezale\u017cne media istnieje mo\u017cliwo\u015b\u0107 efektywnej walki z\u00a0dzia\u0142aniami zmierzaj\u0105cymi do\u00a0podporz\u0105dkowania s\u0105downictwa czynnikowi politycznemu.<\/p>\n<p>Stoimy na\u00a0stanowisku, \u017ce\u00a0aczkolwiek s\u0119dziowie nie\u00a0mog\u0105 prowadzi\u0107 dzia\u0142alno\u015bci politycznej, jednak maj\u0105 oni prawo, a\u00a0niekiedy nawet obowi\u0105zek, zabierania g\u0142osu w\u00a0debacie publicznej, w\u00a0sprawach dotycz\u0105cych ochrony zasad demokratycznego pa\u0144stwa prawnego, a\u00a0w\u00a0szczeg\u00f3lno\u015bci tr\u00f3jpodzia\u0142u w\u0142adzy, niezale\u017cno\u015bci s\u0105d\u00f3w i\u00a0niezawis\u0142o\u015bci s\u0119dzi\u00f3w. Stanowisko takie znajduje potwierdzenie m.in.\u00a0w\u00a0uchwa\u0142ach Rady Konsultacyjnej S\u0119dzi\u00f3w Europejskich (CCJE \u2013 opinia nr\u00a03 z\u00a02002\u00a0r., pkt. 34; opinia nr\u00a018 z\u00a02015\u00a0r. pkt. 41), w\u00a0orzecznictwie Europejskiego Trybuna\u0142u Praw Cz\u0142owieka (m.in.\u00a0sprawa Baka przeciwko W\u0119grom, wyrok z\u00a027 maja 2014\u00a0r., skarga nr\u00a020261\/12), a\u00a0tak\u017ce w\u00a0\u00a7 4 Zbioru Zasad Etyki Zawodowej S\u0119dzi\u00f3w.<\/p>\n<p>&nbsp;<\/p>\n<p>7.\u00a0<strong>Zgromadzenie Przedstawicieli S\u0119dzi\u00f3w Okr\u0119gu Krakowskiego w\u00a0pe\u0142ni popiera postulaty pracownik\u00f3w s\u0105downictwa o\u00a0wzrost ich wynagrodze\u0144.<\/strong>\u00a0Wynagrodzenia pracownik\u00f3w s\u0105d\u00f3w i\u00a0asystent\u00f3w od\u00a0lat pozostaj\u0105 na\u00a0poziomie, kt\u00f3ry\u00a0sprawia, \u017ce\u00a0nie\u00a0spos\u00f3b uzna\u0107 je za\u00a0godziwe w\u00a0rozumieniu art. 13 kodeksu pracy, co w\u00a0po\u0142\u0105czeniu z\u00a0ci\u0105g\u0142ym zwi\u0119kszaniem wobec nich wymaga\u0144 i\u00a0zakresu obowi\u0105zk\u00f3w powoduje odchodzenie od\u00a0pracy w\u00a0s\u0105dzie wielu wysoko wykwalifikowanych os\u00f3b, a\u00a0przez\u00a0to\u00a0obni\u017cenie sprawno\u015bci funkcjonowania s\u0105downictwa.<\/p>\n<p>&nbsp;<\/p>\n<p>8. Zobowi\u0105zujemy w\u0142adze S\u0105du Okr\u0119gowego w\u00a0Krakowie do\u00a0przes\u0142ania niniejszych uchwa\u0142 Prezydentowi RP, Marsza\u0142kom Sejmu i\u00a0Senatu RP, Prezesowi Rady Ministr\u00f3w, I\u00a0Prezesowi S\u0105du Najwy\u017cszego, Prezesowi Naczelnego S\u0105du Administracyjnego, Rzecznikowi Praw Obywatelskich, Przewodnicz\u0105cemu Krajowej Rady S\u0105downictwa, Prezesom S\u0105d\u00f3w Apelacyjnych i\u00a0Okr\u0119gowych, Przewodnicz\u0105cemu Krajowej Rady Prokurator\u00f3w, Prezesom stowarzysze\u0144 s\u0119dziowskich, Prezesowi Naczelnej Rady Adwokackiej, Prezesowi Krajowej Rady Radc\u00f3w Prawnych, Prezesowi Krajowej Rady Notarialnej, Prezesowi Krajowej Rady Komorniczej, Fundacji Helsi\u0144skiej, Fundacji Batorego, Forum Obywatelskiego Rozwoju, Fundacji Panoptykon, a\u00a0tak\u017ce zobowi\u0105zujemy do\u00a0opublikowania uchwa\u0142 na\u00a0stronie internetowej S\u0105du Okr\u0119gowego w\u00a0Krakowie.<\/p>\n<p>Nadto zobowi\u0105zujemy w\u0142adze S\u0105du Okr\u0119gowego w\u00a0Krakowie, a\u00a0tak\u017ce wzywamy zarz\u0105dy stowarzysze\u0144 \u201eThemis\u201d i\u00a0Krakowskiego Oddzia\u0142u \u201eIustitii\u201d do\u00a0przet\u0142umaczenia punkt\u00f3w nr\u00a02, 3, 4 i\u00a05 na\u00a0j\u0119zyk angielski, a\u00a0nast\u0119pnie przes\u0142ania t\u0142umaczenia wymienionych uchwa\u0142 zagranicznym organizacjom, instytucjom, fundacjom, stowarzyszeniom zajmuj\u0105cym si\u0119 monitorowaniem praworz\u0105dno\u015bci oraz\u00a0ochron\u0105 niezale\u017cno\u015bci s\u0105d\u00f3w i\u00a0niezawis\u0142o\u015bci s\u0119dzi\u00f3w, w\u00a0tym w\u00a0szczeg\u00f3lno\u015bci: Krajowym Radom S\u0105downictwa pa\u0144stw europejskich, Trybuna\u0142owi Strasburskiemu, Trybuna\u0142owi Luxemburskiemu, Radzie Konsultacyjnej S\u0119dzi\u00f3w Europejskich (CCJE \u2013 Consultative Council of European Judges), Europejskiej Sieci Rad S\u0105downictwa (ENCJ \u2013 European Networks of Councils for the Judiciary), Fundacji S\u0119dziowie dla S\u0119dzi\u00f3w (Foundation Judges for Judges), Ameryka\u0144skiej Radzie Adwokackiej (ABA \u2013 American Bar Association), Komisji Weneckiej (European Comission for Democracy through Law), Stowarzyszenia Europejskich S\u0105dzi\u00f3w i\u00a0Prokurator\u00f3w na\u00a0Rzecz Demokracji (MEDEL), Europejskiemu Stowarzyszeniu S\u0119dzi\u00f3w (EAJ \u2013European Association of Judges), \u015awiatowej Unii S\u0119dzi\u00f3w (IAJ \u2013 International Association of Judges), (ICJ \u2013 International Comission of Jurists), Mi\u0119dzynarodowej Komisji Prawnik\u00f3w (ICJ \u2013 International Comission of Jurists), Radzie Adwokatur i\u00a0Stowarzysze\u0144 Prawniczych Europy (CCBE \u2013 Council of Bars and Law Societes of Europe), Europejskiemu Stowarzyszeniu S\u0119dzi\u00f3w S\u0105d\u00f3w Administracyjnych (AEAJ \u2013 Association of European Administrative Judges), Biuru Instytucji Demokratycznych i\u00a0Praw Cz\u0142owieka (ODIHR \u2013 The OSCE Office for Democratic Institutions and Human Rights), Panu Nilsowi Mui\u017cnieksowi \u2013 Komisarzowi Rady Europy ds.\u00a0Praw Cz\u0142owieka, Panu Diego Garcii Sayanowi \u2013 Specjalnemu Sprawozdawcy ONZ ds.\u00a0Niezale\u017cno\u015bci S\u0119dzi\u00f3w i\u00a0Prawnik\u00f3w (Special Rapporteur on the Independence of Judges and Lawyers), Radzie Praw Cz\u0142owieka ONZ (UNHRC \u2013 United Nations Human Rights Council), Amnesty International, Mi\u0119dzyregionalnemu Instytutowi Badania Przest\u0119pczo\u015bci i\u00a0Wymiaru Sprawiedliwo\u015bci Narod\u00f3w Zjednoczonych (UNICRI \u2013 United Nations Interregional Crime and Justice Research Institute), Europejskiemu Instytutowi Prawa (ELI \u2013 European Law Institute), Instytutowi Prawa Europy Centralnej i\u00a0Wschodniej (CEELI Institute \u2013 Central and East European Law Initiative), Ameryka\u0144skiej Agencji Rozwoju Mi\u0119dzynarodowego (USAID \u2013 United States Agency for International Developement).<\/p>\n<p><a href=\"http:\/\/monitorkonstytucyjny.eu\/archiwa\/3126\">http:\/\/monitorkonstytucyjny.eu\/archiwa\/3126<\/a><\/p>\n<p>&nbsp;<\/p>\n<\/div>\n<\/div>\n","protected":false},"excerpt":{"rendered":"<p>Uchwa\u0142a podj\u0119ta na\u00a0zgromadzeniu SO w\u00a0Krakowie dnia 26.02.2018r. 1. Zgromadzenie Przedstawicieli S\u0119dzi\u00f3w Okr\u0119gu Krakowskiego wyra\u017ca\u00a0podzi\u0119kowanie s\u0119dziemu S\u0105du Okr\u0119gowego w\u00a0Krakowie Waldemarowi \u017burkowi [&#8230;]<\/p>\n","protected":false},"author":31,"featured_media":9001,"comment_status":"closed","ping_status":"open","sticky":false,"template":"","format":"standard","meta":{"_EventAllDay":false,"_EventTimezone":"","_EventStartDate":"","_EventEndDate":"","_EventStartDateUTC":"","_EventEndDateUTC":"","_EventShowMap":false,"_EventShowMapLink":false,"_EventURL":"","_EventCost":"","_EventCostDescription":"","_EventCurrencySymbol":"","_EventCurrencyCode":"","_EventCurrencyPosition":"","_EventDateTimeSeparator":"","_EventTimeRangeSeparator":"","_EventOrganizerID":[],"_EventVenueID":[],"_OrganizerEmail":"","_OrganizerPhone":"","_OrganizerWebsite":"","_VenueAddress":"","_VenueCity":"","_VenueCountry":"","_VenueProvince":"","_VenueState":"","_VenueZip":"","_VenuePhone":"","_VenueURL":"","_VenueStateProvince":"","_VenueLat":"","_VenueLng":"","_VenueShowMap":false,"_VenueShowMapLink":false,"footnotes":""},"categories":[28,354,29,33],"tags":[],"class_list":["post-8996","post","type-post","status-publish","format-standard","has-post-thumbnail","hentry","category-malopolskie-news","category-dzialania-wspierane-przez-kod-mlp","category-krakow-okregi","category-okregi-malopolskie-news","malopolskie-news","dzialania-wspierane-przez-kod-mlp","krakow-okregi","okregi-malopolskie-news"],"_links":{"self":[{"href":"https:\/\/kodmalopolska.pl\/index.php?rest_route=\/wp\/v2\/posts\/8996","targetHints":{"allow":["GET"]}}],"collection":[{"href":"https:\/\/kodmalopolska.pl\/index.php?rest_route=\/wp\/v2\/posts"}],"about":[{"href":"https:\/\/kodmalopolska.pl\/index.php?rest_route=\/wp\/v2\/types\/post"}],"author":[{"embeddable":true,"href":"https:\/\/kodmalopolska.pl\/index.php?rest_route=\/wp\/v2\/users\/31"}],"replies":[{"embeddable":true,"href":"https:\/\/kodmalopolska.pl\/index.php?rest_route=%2Fwp%2Fv2%2Fcomments&post=8996"}],"version-history":[{"count":0,"href":"https:\/\/kodmalopolska.pl\/index.php?rest_route=\/wp\/v2\/posts\/8996\/revisions"}],"wp:featuredmedia":[{"embeddable":true,"href":"https:\/\/kodmalopolska.pl\/index.php?rest_route=\/wp\/v2\/media\/9001"}],"wp:attachment":[{"href":"https:\/\/kodmalopolska.pl\/index.php?rest_route=%2Fwp%2Fv2%2Fmedia&parent=8996"}],"wp:term":[{"taxonomy":"category","embeddable":true,"href":"https:\/\/kodmalopolska.pl\/index.php?rest_route=%2Fwp%2Fv2%2Fcategories&post=8996"},{"taxonomy":"post_tag","embeddable":true,"href":"https:\/\/kodmalopolska.pl\/index.php?rest_route=%2Fwp%2Fv2%2Ftags&post=8996"}],"curies":[{"name":"wp","href":"https:\/\/api.w.org\/{rel}","templated":true}]}}