{"id":8883,"date":"2018-02-17T18:46:55","date_gmt":"2018-02-17T17:46:55","guid":{"rendered":"https:\/\/kodmalopolska.pl\/?p=8883"},"modified":"2018-02-20T20:20:43","modified_gmt":"2018-02-20T19:20:43","slug":"prosba-o-wsparcie-finansowe","status":"publish","type":"post","link":"https:\/\/kodmalopolska.pl\/?p=8883","title":{"rendered":"Pro\u015bba o wsparcie finansowe"},"content":{"rendered":"<p>Wielki fina\u0142 Li\u015bcia Demokracji odb\u0119dzie si\u0119 11 marca w Krakowie. Swoj\u0105 obecno\u015bci\u0105 zaszczyci nas go\u015b\u0107 SPECJALNY Jacques Tilly. Autor instalacji prezentowanych na paradzie w Dusseldorfie.<\/p>\n<p>Szczeg\u00f3\u0142y ko\u0144cz\u0105cego si\u0119 turnee znajdziecie tutaj:<\/p>\n<p><a href=\"https:\/\/www.facebook.com\/pg\/wormstourneePL\/about\/\" target=\"_blank\" rel=\"noreferrer noopener\">https:\/\/www.facebook.com\/pg\/wormstourneePL\/about<\/a><\/p>\n<p>Jacques Tilly wykona\u0142 kolejn\u0105 rze\u017ab\u0119, kt\u00f3ra jest w dyspozycji organizator\u00f3w Karnawa\u0142u w Dusseldorfie:<\/p>\n<p><a href=\"http:\/\/ocdn.eu\/ebooksimages-transforms\/1\/d4gktoARGh0dHA6Ly9vY2RuLmV1L25ld3N3ZWVrLXdlYi8wNjMyZDQ0NS0wOGE0LTRiNmEtYjExZS0wMTNjYzZiMWEyZWUuanBnkZMCAM0EGg\" target=\"_blank\" rel=\"noreferrer noopener\">http:\/\/ocdn.eu\/ebooksimages-transforms\/1\/d4gktoARGh0dHA6Ly9vY2RuLmV1L25ld3N3ZWVrLXdlYi8wNjMyZDQ0NS0wOGE0LTRiNmEtYjExZS0wMTNjYzZiMWEyZWUuanBnkZMCAM0EGg<\/a><\/p>\n<p>Wynegocjowali\u015bmy i\u017c rze\u017aba mo\u017ce nam zosta\u0107 przekazana na w\u0142asno\u015b\u0107 za kwot\u0119 500EUR (odst\u0119pne dla organizator\u00f3w Karnawa\u0142u). Niniejsza zrzutka jest na pokrycie koszt\u00f3w transportu oraz odst\u0119pnego dla organizator\u00f3w.<\/p>\n<p>Zapraszamy wszystkich serdecznie na nasz wsp\u00f3lny og\u00f3lnopolski Fina\u0142 z Tillym 11-tego w Krakowie.<\/p>\n<p>Je\u017celi chcesz nam pom\u00f3c, wejd\u017a na stron\u0119:<a href=\"https:\/\/zrzutka.pl\/z5ywr2\"> https:\/\/zrzutka.pl\/z5ywr2<\/a><\/p>\n","protected":false},"excerpt":{"rendered":"<p>Wielki fina\u0142 Li\u015bcia Demokracji odb\u0119dzie si\u0119 11 marca w Krakowie. Swoj\u0105 obecno\u015bci\u0105 zaszczyci nas go\u015b\u0107 SPECJALNY Jacques Tilly. Autor instalacji [&#8230;]<\/p>\n","protected":false},"author":26,"featured_media":8884,"comment_status":"closed","ping_status":"open","sticky":false,"template":"","format":"standard","meta":{"_EventAllDay":false,"_EventTimezone":"","_EventStartDate":"","_EventEndDate":"","_EventStartDateUTC":"","_EventEndDateUTC":"","_EventShowMap":false,"_EventShowMapLink":false,"_EventURL":"","_EventCost":"","_EventCostDescription":"","_EventCurrencySymbol":"","_EventCurrencyCode":"","_EventCurrencyPosition":"","_EventDateTimeSeparator":"","_EventTimeRangeSeparator":"","_EventOrganizerID":[],"_EventVenueID":[],"_OrganizerEmail":"","_OrganizerPhone":"","_OrganizerWebsite":"","_VenueAddress":"","_VenueCity":"","_VenueCountry":"","_VenueProvince":"","_VenueState":"","_VenueZip":"","_VenuePhone":"","_VenueURL":"","_VenueStateProvince":"","_VenueLat":"","_VenueLng":"","_VenueShowMap":false,"_VenueShowMapLink":false,"footnotes":""},"categories":[1],"tags":[511,512,513,509,510],"class_list":["post-8883","post","type-post","status-publish","format-standard","has-post-thumbnail","hentry","category-bez-kategorii","tag-gasienice-tour","tag-pieniadze","tag-rzezba","tag-zbiorka","tag-zrzutka","bez-kategorii"],"_links":{"self":[{"href":"https:\/\/kodmalopolska.pl\/index.php?rest_route=\/wp\/v2\/posts\/8883","targetHints":{"allow":["GET"]}}],"collection":[{"href":"https:\/\/kodmalopolska.pl\/index.php?rest_route=\/wp\/v2\/posts"}],"about":[{"href":"https:\/\/kodmalopolska.pl\/index.php?rest_route=\/wp\/v2\/types\/post"}],"author":[{"embeddable":true,"href":"https:\/\/kodmalopolska.pl\/index.php?rest_route=\/wp\/v2\/users\/26"}],"replies":[{"embeddable":true,"href":"https:\/\/kodmalopolska.pl\/index.php?rest_route=%2Fwp%2Fv2%2Fcomments&post=8883"}],"version-history":[{"count":0,"href":"https:\/\/kodmalopolska.pl\/index.php?rest_route=\/wp\/v2\/posts\/8883\/revisions"}],"wp:featuredmedia":[{"embeddable":true,"href":"https:\/\/kodmalopolska.pl\/index.php?rest_route=\/wp\/v2\/media\/8884"}],"wp:attachment":[{"href":"https:\/\/kodmalopolska.pl\/index.php?rest_route=%2Fwp%2Fv2%2Fmedia&parent=8883"}],"wp:term":[{"taxonomy":"category","embeddable":true,"href":"https:\/\/kodmalopolska.pl\/index.php?rest_route=%2Fwp%2Fv2%2Fcategories&post=8883"},{"taxonomy":"post_tag","embeddable":true,"href":"https:\/\/kodmalopolska.pl\/index.php?rest_route=%2Fwp%2Fv2%2Ftags&post=8883"}],"curies":[{"name":"wp","href":"https:\/\/api.w.org\/{rel}","templated":true}]}}