{"id":8862,"date":"2018-02-16T13:13:49","date_gmt":"2018-02-16T12:13:49","guid":{"rendered":"https:\/\/kodmalopolska.pl\/?p=8862"},"modified":"2018-02-16T13:26:09","modified_gmt":"2018-02-16T12:26:09","slug":"gasienice-tour-pl-2017-2018","status":"publish","type":"post","link":"https:\/\/kodmalopolska.pl\/?p=8862","title":{"rendered":"G\u0105sienice Tour PL 2017\/2018"},"content":{"rendered":"<h2 style=\"text-align: center;\">Potrzebujemy Waszego finansowego wsparcia<\/h2>\n<p style=\"text-align: center;\">Na fina\u0142 naszego wsp\u00f3lnego og\u00f3lnopolskiego projektu <strong>G\u0105sienice Tour w Krakowie 11.03.2018<\/strong><br \/>\nsprowadzamy tegoroczn\u0105 instalacj\u0119 z parady w Dusseldorfie.<br \/>\n<strong>HELP!<\/strong><br \/>\nWynegocjowali\u015bmy, i\u017c rze\u017aba mo\u017ce nam zosta\u0107 przekazana na w\u0142asno\u015b\u0107 za kwot\u0119 500EUR (odst\u0119pne dla organizator\u00f3w Karnawa\u0142u). Niniejsza zrzutka jest na pokrycie koszt\u00f3w transportu oraz odst\u0119pnego dla organizator\u00f3w.<br \/>\nChcesz wesprze\u0107 akcj\u0119? Kliknij:<strong> <a href=\"https:\/\/zrzutka.pl\/z5ywr2\">&lt;ZRZUTKA&gt;<\/a><\/strong><\/p>\n<p style=\"text-align: center;\"><strong><em>Udost\u0119pniajcie, prosz\u0119! bo spraw\u0119 musimy za\u0142atwi\u0107 jak najszybciej.<\/em><\/strong><\/p>\n<p>Wielki fina\u0142 Li\u015bcia Demokracji odb\u0119dzie si\u0119 11 marca w Krakowie. Swoj\u0105 obecno\u015bci\u0105 zaszczyci nas <strong>go\u015b\u0107 SPECJALNY Jacques Tilly<\/strong>\u00a0\u2013 Autor instalacji prezentowanych na paradzie w Dusseldorfie.<\/p>\n<p>Szczeg\u00f3\u0142y ko\u0144cz\u0105cego si\u0119 turnee znajdziecie tutaj: <a href=\"https:\/\/www.facebook.com\/pg\/wormstourneePL\/about\"><strong>&lt;SZCZEG\u00d3\u0141Y&gt;<\/strong><\/a><\/p>\n<p><strong>Jacques Tilly<\/strong> wykona\u0142 kolejn\u0105 rze\u017ab\u0119, kt\u00f3ra jest w dyspozycji organizator\u00f3w Karnawa\u0142u w Dusseldorfie:<br \/>\n<a href=\"http:\/\/ocdn.eu\/ebooksimages-transforms\/1\/d4gktoARGh0dHA6Ly9vY2RuLmV1L25ld3N3ZWVrLXdlYi8wNjMyZDQ0NS0wOGE0LTRiNmEtYjExZS0wMTNjYzZiMWEyZWUuanBnkZMCAM0EGg\"><strong>&lt;ZOBACZ&gt;<\/strong><\/a><\/p>\n<p style=\"text-align: center;\">Zapraszamy wszystkich serdecznie na nasz wsp\u00f3lny<br \/>\n<strong>og\u00f3lnopolski Fina\u0142 z Tillym 11-tego marca w Krakowie.<\/strong><\/p>\n","protected":false},"excerpt":{"rendered":"<p>Potrzebujemy Waszego finansowego wsparcia Na fina\u0142 naszego wsp\u00f3lnego og\u00f3lnopolskiego projektu G\u0105sienice Tour w Krakowie 11.03.2018 sprowadzamy tegoroczn\u0105 instalacj\u0119 z parady [&#8230;]<\/p>\n","protected":false},"author":11,"featured_media":8863,"comment_status":"closed","ping_status":"open","sticky":false,"template":"","format":"standard","meta":{"_EventAllDay":false,"_EventTimezone":"","_EventStartDate":"","_EventEndDate":"","_EventStartDateUTC":"","_EventEndDateUTC":"","_EventShowMap":false,"_EventShowMapLink":false,"_EventURL":"","_EventCost":"","_EventCostDescription":"","_EventCurrencySymbol":"","_EventCurrencyCode":"","_EventCurrencyPosition":"","_EventDateTimeSeparator":"","_EventTimeRangeSeparator":"","_EventOrganizerID":[],"_EventVenueID":[],"_OrganizerEmail":"","_OrganizerPhone":"","_OrganizerWebsite":"","_VenueAddress":"","_VenueCity":"","_VenueCountry":"","_VenueProvince":"","_VenueState":"","_VenueZip":"","_VenuePhone":"","_VenueURL":"","_VenueStateProvince":"","_VenueLat":"","_VenueLng":"","_VenueShowMap":false,"_VenueShowMapLink":false,"footnotes":""},"categories":[1],"tags":[324,171,297,208],"class_list":["post-8862","post","type-post","status-publish","format-standard","has-post-thumbnail","hentry","category-bez-kategorii","tag-happening","tag-kod","tag-kod-malopolska","tag-krakow","bez-kategorii"],"_links":{"self":[{"href":"https:\/\/kodmalopolska.pl\/index.php?rest_route=\/wp\/v2\/posts\/8862","targetHints":{"allow":["GET"]}}],"collection":[{"href":"https:\/\/kodmalopolska.pl\/index.php?rest_route=\/wp\/v2\/posts"}],"about":[{"href":"https:\/\/kodmalopolska.pl\/index.php?rest_route=\/wp\/v2\/types\/post"}],"author":[{"embeddable":true,"href":"https:\/\/kodmalopolska.pl\/index.php?rest_route=\/wp\/v2\/users\/11"}],"replies":[{"embeddable":true,"href":"https:\/\/kodmalopolska.pl\/index.php?rest_route=%2Fwp%2Fv2%2Fcomments&post=8862"}],"version-history":[{"count":0,"href":"https:\/\/kodmalopolska.pl\/index.php?rest_route=\/wp\/v2\/posts\/8862\/revisions"}],"wp:featuredmedia":[{"embeddable":true,"href":"https:\/\/kodmalopolska.pl\/index.php?rest_route=\/wp\/v2\/media\/8863"}],"wp:attachment":[{"href":"https:\/\/kodmalopolska.pl\/index.php?rest_route=%2Fwp%2Fv2%2Fmedia&parent=8862"}],"wp:term":[{"taxonomy":"category","embeddable":true,"href":"https:\/\/kodmalopolska.pl\/index.php?rest_route=%2Fwp%2Fv2%2Fcategories&post=8862"},{"taxonomy":"post_tag","embeddable":true,"href":"https:\/\/kodmalopolska.pl\/index.php?rest_route=%2Fwp%2Fv2%2Ftags&post=8862"}],"curies":[{"name":"wp","href":"https:\/\/api.w.org\/{rel}","templated":true}]}}