{"id":8841,"date":"2018-02-09T18:15:06","date_gmt":"2018-02-09T17:15:06","guid":{"rendered":"https:\/\/kodmalopolska.pl\/?p=8841"},"modified":"2018-02-12T22:04:54","modified_gmt":"2018-02-12T21:04:54","slug":"oswiadczenie-zarzadu-regionu-kod-malopolska-w-sprawie-nowelizacji-ustawy-o-instytucie-pamieci-narodowej","status":"publish","type":"post","link":"https:\/\/kodmalopolska.pl\/?p=8841","title":{"rendered":"O\u015bwiadczenie Zarz\u0105du Regionu KOD Ma\u0142opolska w sprawie nowelizacji ustawy o Instytucie Pami\u0119ci Narodowej"},"content":{"rendered":"<p>Zarz\u0105d Regionu KOD Ma\u0142opolska wyra\u017ca najg\u0142\u0119bszy sprzeciw wobec zmian wynikaj\u0105cych z nowelizacji ustawy o Instytucie Pami\u0119ci Narodowej. U podstaw tych zmian, penalizuj\u0105cych wypowiedzi na temat udzia\u0142u Polak\u00f3w w zbrodniach przeciwko ludzko\u015bci oraz wyra\u017ane pi\u0119tnuj\u0105cych jedynie nacjonalizm ukrai\u0144ski, le\u017cy nacjonalistyczne poj\u0119cie narodu. Narody jako takie, czyli wsp\u00f3lnoty, do kt\u00f3rych si\u0119 nale\u017cy z urodzenia, nie mog\u0105 by\u0107 winne ani niewinne. Winni mog\u0105 by\u0107 tylko konkretni ludzie. Nie nale\u017cy te\u017c ogranicza\u0107 dyskusji nad traum\u0105 wojenn\u0105. Wprowadzone zmiany niszcz\u0105 dorobek wielu Polak\u00f3w pracuj\u0105cych nad odbudow\u0105 dobrych relacji z Ukrai\u0144cami, \u017bydami, Niemcami. Nie mo\u017cna obwarowywa\u0107 dialogu prawem karnym i cywilnym. Niszczymy rol\u0119 Polski jako wzoru demokratycznych przemian. Duma zamienia si\u0119 we wstyd. Dzia\u0142ania rz\u0105du i wi\u0119kszo\u015bci parlamentarnej godz\u0105<br \/>\nw najbardziej podstawowe polskie interesy. Zostajemy sami, grzebi\u0105c epokowe osi\u0105gni\u0119cia pokolenia, kt\u00f3re w 1989 roku wywalczy\u0142o nam wolno\u015b\u0107. Przyj\u0119te prawo rozp\u0119ta\u0142o fal\u0119 nienawi\u015bci, budz\u0105c dawno odesz\u0142e upiory naszego spo\u0142ecze\u0144stwa. Od obecnej w\u0142adzy nie mo\u017cemy si\u0119 domaga\u0107 opami\u0119tania, bo dwa lata wystarczaj\u0105co ujawni\u0142y sprzeczno\u015b\u0107 jej dzia\u0142a\u0144 z interesem Polski i Europy. Musimy jednak czynnie protestowa\u0107, by ocali\u0107 honor naszej Ojczyzny. Musimy pokaza\u0107 \u015bwiatu, \u017ce Polska to kraj ludzi kochaj\u0105cych wolno\u015b\u0107<br \/>\ni demokracj\u0119, otwartych na \u015bwiat.<\/p>\n<p>Popieramy ide\u0119 zamkni\u0119cia Instytutu Pami\u0119ci Narodowej. Nauka powinna by\u0107 domen\u0105 uniwersytet\u00f3w i ludzi wolnych. Uprawianie jej na barkach prokuratury jest zaprzeczeniem d\u0105\u017cenia do prawdy. KOD stoi na stra\u017cy wolno\u015bci s\u0142owa i wolno\u015bci bada\u0144 naukowych.<\/p>\n<p>&nbsp;<\/p>\n<p><em>Erkl\u00e4rung des Vorstandes f\u00fcr die Region KOD Malopolska bez\u00fcglich der \u00c4nderung des Gesetzes \u00fcber das Institut f\u00fcr Nationales Gedenken<\/em><\/p>\n<p><em>Der Vorstand der Region KOD Ma\u0142opolska bringt einen Einwand gegen die \u00c4nderung des Gesetzes \u00fcber das Institut f\u00fcr Nationales Gedenken vor.<\/em><\/p>\n<p><em>Die wesentlichen \u00c4nderungen des Gesetztes basieren auf dem nationalistischen Konzept einer Nation. Die \u00c4nderungen beinhalten eine Bestrafung f\u00fcr die Aussagen \u00fcber die Beteiligung von Polen an Verbrechen gegen die Menschlichkeit wie auch explizites Brandmarken des nur ukrainischen Nationalismus.<\/em><\/p>\n<p><em>Die Zugeh\u00f6rigkeit zu einer Nation , verstanden als eine durch den Sachverhalt der Geburt entstandene Gemeinschaft, kann weder eine Schuld oder Unschuld begr\u00fcnden. Nur bestimmte Personen k\u00f6nnen sich schuldig machen.<\/em><\/p>\n<p><em>Die Diskussionen \u00fcber Kriegstraumas sollen nicht verhindert werden.<\/em><br \/>\n<em>Die eingef\u00fchrten Ver\u00e4nderungen zerst\u00f6ren die Errungenschaften vieler Polen, die an der Wiederherstellung guter Beziehungen zu Ukrainern, Juden und Deutschen ihren Beitrag leisteten.<\/em><br \/>\n<em>Der Dialog darf nicht durch das Straf- und Zivilrecht eingeschr\u00e4nkt bzw. verhindert werden.<\/em><\/p>\n<p><em>Wir zerst\u00f6ren damit die Rolle Polens als Modell des demokratischen Wandels. Unser Stolz wird zur Schande. <\/em><br \/>\n<em>Diese Aktionen der Regierung und der parlamentarischen Mehrheit richten sich gegen die grundlegenden polnischen Interessen .<\/em><br \/>\n<em>Wir isolieren uns und begraben die epochalen Errungenschaften der Generation, die 1989 unsere Freiheit erk\u00e4mpfte.<\/em><\/p>\n<p><em>Das verabschiedete Gesetz l\u00f6ste eine Welle des Hasses aus und erweckte die lange verloren geglaubten Geister unserer Gesellschaft. <\/em><br \/>\n<em>Wir erwarten von der regierenden Partei kein Einsehen bzw. keine Kurs\u00e4nderung.<\/em><br \/>\n<em>Die letzten zwei Jahren der Regierungsarbeit haben den Widerspruch zwischen den Interessen Polens und den Interessen Europas sehr deutlich gemacht.<\/em><\/p>\n<p><em>Wir m\u00fcssen jedoch aktiv protestieren, um die Ehre unserer Heimat zu retten. Wir m\u00fcssen der Welt zeigen, dass Polen ein Land von Menschen ist, die Freiheit und Demokratie lieben und offen f\u00fcr die Welt sind.<\/em><br \/>\n<em>Wir unterst\u00fctzen die Idee, das Institut f\u00fcr Nationales Gedenken zu schlie\u00dfen.<\/em><br \/>\n<em>Die Wissenschaft soll die Dom\u00e4ne von Universit\u00e4ten und freien Menschen bleiben. Das Involvieren der Staatsanwaltschaft bedeutet eine Verleugnung des Strebens nach Wahrheit.<\/em><br \/>\n<em>KOD sch\u00fctzt die Redefreiheit und die Freiheit der wissenschaftlichen Forschung.<\/em><\/p>\n<p>&nbsp;<\/p>\n<p>A statement by the Board of the Ma\u0142opolska Region of the Committee for the Defence of Democracy concerning the amendment to the law on the Institute of National Remembrance<\/p>\n<p>&nbsp;<\/p>\n<p>The Board of the Ma\u0142opolska Region of the Committee for the Defence of Democracy expresses their strong opposition to changes resulting from the amendment to the law on the Institute of National Remembrance. The changes, which provide for penalization of all remarks about Polish participation in genocide and which stigmatize solely Ukrainian nationalism, are based on the nationalistic concept of the nation. Nations as such, that is, communities to which one belongs by birth, cannot be guilty or not guilty. Guilt can only lie with specific people. Furthermore, discussion on wartime trauma should in no way be restricted. The changes thwart the efforts of many Poles who have strived to restore good relations with Ukrainians, Jews, Germans. Dialogue should never be hedged with criminal or civil law. The role of Poland as a model for democratic transformation is being destroyed, and pride turns into shame. The decisions taken by the Polish government and the parliamentary majority are detrimental to fundamental Polish interests. We are going to be left without allies, which will ruin the epochal achievements of the generation who gained freedom for us in 1989. The new law has provoked a wave of hate, raising the shameful ghosts that have seemed long gone from Polish society. We do not expect reflection on the part of our current authorities, who have acted contrary to the interests of Poland and Europe for the past two years. However, we must protest actively in order to salvage the honour of our country. We must show the world that Poland is a country of broad-minded people who love freedom and democracy.<\/p>\n<p>We support the idea of closing the Institute of National Remembrance. Research ought to be the domain of universities and free people. Carrying it out under the tutelage of the prosecutor\u2019s office is in contradiction with seeking the truth. The Committee for the Defence of Democracy is set on guarding freedom of speech and freedom of research.<\/p>\n","protected":false},"excerpt":{"rendered":"<p>Zarz\u0105d Regionu KOD Ma\u0142opolska wyra\u017ca najg\u0142\u0119bszy sprzeciw wobec zmian wynikaj\u0105cych z nowelizacji ustawy o Instytucie Pami\u0119ci Narodowej. U podstaw tych [&#8230;]<\/p>\n","protected":false},"author":26,"featured_media":0,"comment_status":"closed","ping_status":"open","sticky":false,"template":"","format":"standard","meta":{"_EventAllDay":false,"_EventTimezone":"","_EventStartDate":"","_EventEndDate":"","_EventStartDateUTC":"","_EventEndDateUTC":"","_EventShowMap":false,"_EventShowMapLink":false,"_EventURL":"","_EventCost":"","_EventCostDescription":"","_EventCurrencySymbol":"","_EventCurrencyCode":"","_EventCurrencyPosition":"","_EventDateTimeSeparator":"","_EventTimeRangeSeparator":"","_EventOrganizerID":[],"_EventVenueID":[],"_OrganizerEmail":"","_OrganizerPhone":"","_OrganizerWebsite":"","_VenueAddress":"","_VenueCity":"","_VenueCountry":"","_VenueProvince":"","_VenueState":"","_VenueZip":"","_VenuePhone":"","_VenueURL":"","_VenueStateProvince":"","_VenueLat":"","_VenueLng":"","_VenueShowMap":false,"_VenueShowMapLink":false,"footnotes":""},"categories":[294],"tags":[508,420,506,505,507],"class_list":["post-8841","post","type-post","status-publish","format-standard","hentry","category-komunikaty","tag-badania","tag-historia","tag-instytutu-pamiecie-narodowej","tag-ipn","tag-nauka","komunikaty"],"_links":{"self":[{"href":"https:\/\/kodmalopolska.pl\/index.php?rest_route=\/wp\/v2\/posts\/8841","targetHints":{"allow":["GET"]}}],"collection":[{"href":"https:\/\/kodmalopolska.pl\/index.php?rest_route=\/wp\/v2\/posts"}],"about":[{"href":"https:\/\/kodmalopolska.pl\/index.php?rest_route=\/wp\/v2\/types\/post"}],"author":[{"embeddable":true,"href":"https:\/\/kodmalopolska.pl\/index.php?rest_route=\/wp\/v2\/users\/26"}],"replies":[{"embeddable":true,"href":"https:\/\/kodmalopolska.pl\/index.php?rest_route=%2Fwp%2Fv2%2Fcomments&post=8841"}],"version-history":[{"count":0,"href":"https:\/\/kodmalopolska.pl\/index.php?rest_route=\/wp\/v2\/posts\/8841\/revisions"}],"wp:attachment":[{"href":"https:\/\/kodmalopolska.pl\/index.php?rest_route=%2Fwp%2Fv2%2Fmedia&parent=8841"}],"wp:term":[{"taxonomy":"category","embeddable":true,"href":"https:\/\/kodmalopolska.pl\/index.php?rest_route=%2Fwp%2Fv2%2Fcategories&post=8841"},{"taxonomy":"post_tag","embeddable":true,"href":"https:\/\/kodmalopolska.pl\/index.php?rest_route=%2Fwp%2Fv2%2Ftags&post=8841"}],"curies":[{"name":"wp","href":"https:\/\/api.w.org\/{rel}","templated":true}]}}