{"id":8805,"date":"2018-02-07T12:46:26","date_gmt":"2018-02-07T11:46:26","guid":{"rendered":"https:\/\/kodmalopolska.pl\/?p=8805"},"modified":"2018-02-07T12:46:26","modified_gmt":"2018-02-07T11:46:26","slug":"pracowity-weekend-w-malopolsce","status":"publish","type":"post","link":"https:\/\/kodmalopolska.pl\/?p=8805","title":{"rendered":"Pracowity weekend w Ma\u0142opolsce"},"content":{"rendered":"<p>To by\u0142a pracowita niedziela w Ma\u0142opolsce. Tarnowsko-d\u0105browska grupa lokalna KOD zorganizowa\u0142a \u015bniadanie robocze z europos\u0142ank\u0105 R\u00f3\u017c\u0105 Thun z udzia\u0142em cz\u0142onk\u00f3w Zarz\u0105du KOD Ma\u0142opolska: Danut\u0105 Czechmanowsk\u0105, Beat\u0105 Kwiatkowsk\u0105 i Tadeuszem Kusiem. Cz\u0142onkowie i sympatycy KOD rozmawiali o jednoczeniu si\u0119 opozycji na przyk\u0142adzie Deklaracji Krakowskiej oraz o budowaniu struktur Obywatelskiej Kontroli Wybor\u00f3w przed wyborami samorz\u0105dowymi.<br \/>\nKilka godzin p\u00f3\u017aniej w Nowym S\u0105czu przedstawiciele KOD Ma\u0142opolska wzi\u0119li udzia\u0142 w spotkaniu noworocznym zorganizowanym przez lokaln\u0105 Platform\u0119 Obywatelsk\u0105. Uczestniczyli w nim r\u00f3wnie\u017c przedstawiciele innych organizacji opozycyjnych. W przem\u00f3wieniu przewodnicz\u0105ca KOD Ma\u0142opolska Danuta Czechmanowska podkre\u015bli\u0142a, \u017ce Obywatelska Kontrola Wybor\u00f3w to wa\u017cne zadanie dla obywateli, polityk\u00f3w i dzia\u0142aczy samorz\u0105dowych w Ma\u0142opolsce i ca\u0142ej Polsce. Pogratulowa\u0142a tak\u017ce wsp\u00f3lnego dzia\u0142ania nowos\u0105deckiej opozycji, kt\u00f3ra od wrze\u015bnia razem organizuje spotkania i wydarzenia.<\/p>\n","protected":false},"excerpt":{"rendered":"<p>To by\u0142a pracowita niedziela w Ma\u0142opolsce. Tarnowsko-d\u0105browska grupa lokalna KOD zorganizowa\u0142a \u015bniadanie robocze z europos\u0142ank\u0105 R\u00f3\u017c\u0105 Thun z udzia\u0142em cz\u0142onk\u00f3w [&#8230;]<\/p>\n","protected":false},"author":26,"featured_media":8806,"comment_status":"closed","ping_status":"open","sticky":false,"template":"","format":"standard","meta":{"_EventAllDay":false,"_EventTimezone":"","_EventStartDate":"","_EventEndDate":"","_EventStartDateUTC":"","_EventEndDateUTC":"","_EventShowMap":false,"_EventShowMapLink":false,"_EventURL":"","_EventCost":"","_EventCostDescription":"","_EventCurrencySymbol":"","_EventCurrencyCode":"","_EventCurrencyPosition":"","_EventDateTimeSeparator":"","_EventTimeRangeSeparator":"","_EventOrganizerID":[],"_EventVenueID":[],"_OrganizerEmail":"","_OrganizerPhone":"","_OrganizerWebsite":"","_VenueAddress":"","_VenueCity":"","_VenueCountry":"","_VenueProvince":"","_VenueState":"","_VenueZip":"","_VenuePhone":"","_VenueURL":"","_VenueStateProvince":"","_VenueLat":"","_VenueLng":"","_VenueShowMap":false,"_VenueShowMapLink":false,"footnotes":""},"categories":[86,36],"tags":[503,372,119,107],"class_list":["post-8805","post","type-post","status-publish","format-standard","has-post-thumbnail","hentry","category-relacje-nowosadecki-i-gorlicki","category-relacje-tarnow","tag-deklaracja-krakowska","tag-opozycja","tag-roza-thun","tag-spotkanie","relacje-nowosadecki-i-gorlicki","relacje-tarnow"],"_links":{"self":[{"href":"https:\/\/kodmalopolska.pl\/index.php?rest_route=\/wp\/v2\/posts\/8805","targetHints":{"allow":["GET"]}}],"collection":[{"href":"https:\/\/kodmalopolska.pl\/index.php?rest_route=\/wp\/v2\/posts"}],"about":[{"href":"https:\/\/kodmalopolska.pl\/index.php?rest_route=\/wp\/v2\/types\/post"}],"author":[{"embeddable":true,"href":"https:\/\/kodmalopolska.pl\/index.php?rest_route=\/wp\/v2\/users\/26"}],"replies":[{"embeddable":true,"href":"https:\/\/kodmalopolska.pl\/index.php?rest_route=%2Fwp%2Fv2%2Fcomments&post=8805"}],"version-history":[{"count":0,"href":"https:\/\/kodmalopolska.pl\/index.php?rest_route=\/wp\/v2\/posts\/8805\/revisions"}],"wp:featuredmedia":[{"embeddable":true,"href":"https:\/\/kodmalopolska.pl\/index.php?rest_route=\/wp\/v2\/media\/8806"}],"wp:attachment":[{"href":"https:\/\/kodmalopolska.pl\/index.php?rest_route=%2Fwp%2Fv2%2Fmedia&parent=8805"}],"wp:term":[{"taxonomy":"category","embeddable":true,"href":"https:\/\/kodmalopolska.pl\/index.php?rest_route=%2Fwp%2Fv2%2Fcategories&post=8805"},{"taxonomy":"post_tag","embeddable":true,"href":"https:\/\/kodmalopolska.pl\/index.php?rest_route=%2Fwp%2Fv2%2Ftags&post=8805"}],"curies":[{"name":"wp","href":"https:\/\/api.w.org\/{rel}","templated":true}]}}