{"id":8795,"date":"2018-01-29T09:59:11","date_gmt":"2018-01-29T08:59:11","guid":{"rendered":"https:\/\/kodmalopolska.pl\/?p=8795"},"modified":"2018-01-29T09:59:11","modified_gmt":"2018-01-29T08:59:11","slug":"komunikat-rady-regionu-13-01-18","status":"publish","type":"post","link":"https:\/\/kodmalopolska.pl\/?p=8795","title":{"rendered":"Komunikat Rady Regionu &#8211; 13.01.18."},"content":{"rendered":"<p>13 stycznia odby\u0142o si\u0119 zebranie Rady Regionu.<br \/>\nW zebraniu wzi\u0119li udzia\u0142: Krzysztof Pietsch, Maciej Nalepa, Andrzej Nowicki, Mieczys\u0142aw Piechota, Artur Pi\u00f3ro, Edward Ucherski, Anna Szotek, Piotr Kalista, Grzegorz Wi\u015bniowski, Anna Dernoga.<br \/>\nZarz\u0105d reprezentowali: Danuta Czechmanowska i Tadeusz Ku\u015b.<br \/>\nOm\u00f3wiono nast\u0119puj\u0105ce tematy.<\/p>\n<div class=\"text_exposed_show\">\n<p>1. Wybory samorz\u0105dowe. Rekomendacje: kontrola przeprowadzenia wybor\u00f3w poprzez anga\u017cowanie si\u0119 w prace obwodowych komisji wyborczych i jako m\u0119\u017cowie zaufania. Rada rekomenduje w\u0142\u0105czenie si\u0119 w og\u00f3lnopolsk\u0105 akcj\u0119 kontroli wybor\u00f3w Obserwatorium Wyborcze.<\/p>\n<p>2. Aktywizacja cz\u0142onk\u00f3w, sympatyk\u00f3w, docieranie do potencjalnych sojusznik\u00f3w. Rada rekomenduje opracowanie ulotek w ma\u0142ych formach, umieszczenie na nich kontaktu do KOD i umieszczanie ich w miejscach, w kt\u00f3rych jest du\u017cy ruch ludzi \u2013 np. przychodnie, urz\u0119dy, itp. Pierwsza strona powinna by\u0107 pozbawiona logo KOD.<\/p>\n<p>3. Wyj\u015bcie \u201espoza strefy komfortu\u201d.<br \/>\na. w\u0142\u0105czanie si\u0119 w spotkania np. klub\u00f3w Gazety Polskiej \u2013 np. zadawanie trudnych pyta\u0144, przyj\u015bcie z egzemplarzem Konstytucji<br \/>\nb. utworzenie funduszu dla represjonowanych politycznie<br \/>\nc. informowanie Policji i s\u0142u\u017cb mundurowych, s\u0119dzi\u00f3w itp. o potrzebie respektowania prawa i przysz\u0142ych konsekwencjach dla nich je\u015bli b\u0119d\u0105 je \u0142ama\u0107<br \/>\nd. szkolenie i informacje co robi\u0107, na wypadek zatrzymania przez Policj\u0119<br \/>\ne. \u201eradykalizacja\u201d dzia\u0142a\u0144 i zaostrzenie j\u0119zyka \u2013 wst\u0119powanie przez KOD na drog\u0119 s\u0105dow\u0105 w przypadku \u0142amania prawa wobec opozycji<\/p>\n<p>4. Poparcie dla Unii Europejskiej. Manifestacja poparcia dla UE, np. w rocznic\u0119 wst\u0105pienia Polski. Szerokie informowanie spo\u0142ecze\u0144stwa, co zosta\u0142o zrobione z funduszy Unii Europejskiej i jakie konsekwencje nios\u0142aby ze sob\u0105 ich utrata.<\/p>\n<p>Rada Regionu przekaza\u0142a swoje rekomendacje Zarz\u0105dowi Regionu:<br \/>\n&#8211; udzielenie informacji na temat prac zarz\u0105du i podzia\u0142u kompetencji poszczeg\u00f3lnych cz\u0142onk\u00f3w<br \/>\n&#8211; szybkie wznowienie prac zespo\u0142u prawnego<br \/>\n&#8211; w\u0142\u0105czenie si\u0119 w akcj\u0119 Obserwatorium Wyborcze<br \/>\n&#8211; w\u0142\u0105czenie si\u0119 KOD w pozew przeciwko Ryszardowi Czarneckiemu<br \/>\n&#8211; zorganizowanie manifestacji proeuropejskiej w rocznic\u0119 wej\u015bcia Polski do UE<br \/>\n&#8211; interwencja w sprawie zespo\u0142u statutowego<\/p>\n<p>Kolejne spotkanie ustalono na 17.02. o godz. 11:00.<\/p>\n<\/div>\n","protected":false},"excerpt":{"rendered":"<p>13 stycznia odby\u0142o si\u0119 zebranie Rady Regionu. W zebraniu wzi\u0119li udzia\u0142: Krzysztof Pietsch, Maciej Nalepa, Andrzej Nowicki, Mieczys\u0142aw Piechota, Artur [&#8230;]<\/p>\n","protected":false},"author":24,"featured_media":7972,"comment_status":"closed","ping_status":"open","sticky":false,"template":"","format":"standard","meta":{"_EventAllDay":false,"_EventTimezone":"","_EventStartDate":"","_EventEndDate":"","_EventStartDateUTC":"","_EventEndDateUTC":"","_EventShowMap":false,"_EventShowMapLink":false,"_EventURL":"","_EventCost":"","_EventCostDescription":"","_EventCurrencySymbol":"","_EventCurrencyCode":"","_EventCurrencyPosition":"","_EventDateTimeSeparator":"","_EventTimeRangeSeparator":"","_EventOrganizerID":[],"_EventVenueID":[],"_OrganizerEmail":"","_OrganizerPhone":"","_OrganizerWebsite":"","_VenueAddress":"","_VenueCity":"","_VenueCountry":"","_VenueProvince":"","_VenueState":"","_VenueZip":"","_VenuePhone":"","_VenueURL":"","_VenueStateProvince":"","_VenueLat":"","_VenueLng":"","_VenueShowMap":false,"_VenueShowMapLink":false,"footnotes":""},"categories":[393],"tags":[424],"class_list":["post-8795","post","type-post","status-publish","format-standard","has-post-thumbnail","hentry","category-rada-regionu","tag-komunikat","rada-regionu"],"_links":{"self":[{"href":"https:\/\/kodmalopolska.pl\/index.php?rest_route=\/wp\/v2\/posts\/8795","targetHints":{"allow":["GET"]}}],"collection":[{"href":"https:\/\/kodmalopolska.pl\/index.php?rest_route=\/wp\/v2\/posts"}],"about":[{"href":"https:\/\/kodmalopolska.pl\/index.php?rest_route=\/wp\/v2\/types\/post"}],"author":[{"embeddable":true,"href":"https:\/\/kodmalopolska.pl\/index.php?rest_route=\/wp\/v2\/users\/24"}],"replies":[{"embeddable":true,"href":"https:\/\/kodmalopolska.pl\/index.php?rest_route=%2Fwp%2Fv2%2Fcomments&post=8795"}],"version-history":[{"count":0,"href":"https:\/\/kodmalopolska.pl\/index.php?rest_route=\/wp\/v2\/posts\/8795\/revisions"}],"wp:featuredmedia":[{"embeddable":true,"href":"https:\/\/kodmalopolska.pl\/index.php?rest_route=\/wp\/v2\/media\/7972"}],"wp:attachment":[{"href":"https:\/\/kodmalopolska.pl\/index.php?rest_route=%2Fwp%2Fv2%2Fmedia&parent=8795"}],"wp:term":[{"taxonomy":"category","embeddable":true,"href":"https:\/\/kodmalopolska.pl\/index.php?rest_route=%2Fwp%2Fv2%2Fcategories&post=8795"},{"taxonomy":"post_tag","embeddable":true,"href":"https:\/\/kodmalopolska.pl\/index.php?rest_route=%2Fwp%2Fv2%2Ftags&post=8795"}],"curies":[{"name":"wp","href":"https:\/\/api.w.org\/{rel}","templated":true}]}}