{"id":8685,"date":"2018-01-03T12:00:00","date_gmt":"2018-01-03T11:00:00","guid":{"rendered":"https:\/\/kodmalopolska.pl\/?p=8685"},"modified":"2018-01-04T15:48:15","modified_gmt":"2018-01-04T14:48:15","slug":"akcja-gabrysia-cieszyn","status":"publish","type":"post","link":"https:\/\/kodmalopolska.pl\/?p=8685","title":{"rendered":"AKCJA GABRYSIA CIESZYN"},"content":{"rendered":"<p><span class=\" UFICommentActorAndBody\"> <span data-ft=\"{&quot;tn&quot;:&quot;K&quot;}\"><span class=\"UFICommentBody _1n4g\">Pom\u00f3\u017cmy Gabrysi, wesprzyjmy jej nieko\u0144cz\u0105cy si\u0119, samotny protest.<br \/>\nW niedziel\u0119 7 stycznia z parkingu przy stadionie Cracovii odjedzie autokar, kt\u00f3ry zawiezie wszystkich ch\u0119tnych do Cieszyna. Wyjazd punktualnie o godzinie 13.30. Trasa b\u0119dzie przebiega\u0142a przez O\u015bwi\u0119cim, sk\u0105d r\u00f3wnie\u017c mo\u017cemy zabra\u0107 tych, kt\u00f3rzy chc\u0105 do nas do\u0142\u0105czy\u0107. Koszt transportu w obie strony wynosi 26 z\u0142otych, miejsce w autokarze mo\u017cna rezerwowa\u0107 pod numerem telefonu 795 825 103.<br \/>\nCodzienna akcja Gabrysi Lazarek zwi\u0105zana jest z przes\u0142aniem pozostawionym przez Piotra Szcz\u0119snego, dlatego prosimy o zabranie ze sob\u0105 tego, co kojarzy si\u0119 Wam z Piotrem: cytat\u00f3w z jego manifestu umieszczonych na tablicach, flag Polski, UE i KOD, Konstytucji RP i tego wszystkiego, co uznajecie za wa\u017cne dla Was.<\/p>\n<p>Wydarzenie na FB: <a href=\"https:\/\/www.facebook.com\/events\/389140474877128\/\"><strong>&lt; KLIK &gt;<\/strong>\u00a0<\/a><br \/>\n<\/span><\/span><\/span><\/p>\n","protected":false},"excerpt":{"rendered":"<p>Pom\u00f3\u017cmy Gabrysi, wesprzyjmy jej nieko\u0144cz\u0105cy si\u0119, samotny protest. W niedziel\u0119 7 stycznia z parkingu przy stadionie Cracovii odjedzie autokar, kt\u00f3ry [&#8230;]<\/p>\n","protected":false},"author":11,"featured_media":8686,"comment_status":"closed","ping_status":"open","sticky":false,"template":"","format":"standard","meta":{"_EventAllDay":false,"_EventTimezone":"","_EventStartDate":"","_EventEndDate":"","_EventStartDateUTC":"","_EventEndDateUTC":"","_EventShowMap":false,"_EventShowMapLink":false,"_EventURL":"","_EventCost":"","_EventCostDescription":"","_EventCurrencySymbol":"","_EventCurrencyCode":"","_EventCurrencyPosition":"","_EventDateTimeSeparator":"","_EventTimeRangeSeparator":"","_EventOrganizerID":[],"_EventVenueID":[],"_OrganizerEmail":"","_OrganizerPhone":"","_OrganizerWebsite":"","_VenueAddress":"","_VenueCity":"","_VenueCountry":"","_VenueProvince":"","_VenueState":"","_VenueZip":"","_VenuePhone":"","_VenueURL":"","_VenueStateProvince":"","_VenueLat":"","_VenueLng":"","_VenueShowMap":false,"_VenueShowMapLink":false,"footnotes":""},"categories":[1],"tags":[473,474,475,171,297,125],"class_list":["post-8685","post","type-post","status-publish","format-standard","has-post-thumbnail","hentry","category-bez-kategorii","tag-autokar","tag-cieszyn","tag-gabriela-lazarek","tag-kod","tag-kod-malopolska","tag-wyjazd","bez-kategorii"],"_links":{"self":[{"href":"https:\/\/kodmalopolska.pl\/index.php?rest_route=\/wp\/v2\/posts\/8685","targetHints":{"allow":["GET"]}}],"collection":[{"href":"https:\/\/kodmalopolska.pl\/index.php?rest_route=\/wp\/v2\/posts"}],"about":[{"href":"https:\/\/kodmalopolska.pl\/index.php?rest_route=\/wp\/v2\/types\/post"}],"author":[{"embeddable":true,"href":"https:\/\/kodmalopolska.pl\/index.php?rest_route=\/wp\/v2\/users\/11"}],"replies":[{"embeddable":true,"href":"https:\/\/kodmalopolska.pl\/index.php?rest_route=%2Fwp%2Fv2%2Fcomments&post=8685"}],"version-history":[{"count":0,"href":"https:\/\/kodmalopolska.pl\/index.php?rest_route=\/wp\/v2\/posts\/8685\/revisions"}],"wp:featuredmedia":[{"embeddable":true,"href":"https:\/\/kodmalopolska.pl\/index.php?rest_route=\/wp\/v2\/media\/8686"}],"wp:attachment":[{"href":"https:\/\/kodmalopolska.pl\/index.php?rest_route=%2Fwp%2Fv2%2Fmedia&parent=8685"}],"wp:term":[{"taxonomy":"category","embeddable":true,"href":"https:\/\/kodmalopolska.pl\/index.php?rest_route=%2Fwp%2Fv2%2Fcategories&post=8685"},{"taxonomy":"post_tag","embeddable":true,"href":"https:\/\/kodmalopolska.pl\/index.php?rest_route=%2Fwp%2Fv2%2Ftags&post=8685"}],"curies":[{"name":"wp","href":"https:\/\/api.w.org\/{rel}","templated":true}]}}