{"id":8670,"date":"2017-12-30T10:41:10","date_gmt":"2017-12-30T09:41:10","guid":{"rendered":"https:\/\/kodmalopolska.pl\/?p=8670"},"modified":"2017-12-30T18:25:10","modified_gmt":"2017-12-30T17:25:10","slug":"list-w-obronie-komitetu-obrony-demokracji","status":"publish","type":"post","link":"https:\/\/kodmalopolska.pl\/?p=8670","title":{"rendered":"KOD, czyli wsp\u00f3\u0142praca ponad podzia\u0142ami"},"content":{"rendered":"<p>Szanowna Pani Redaktor Warakomska,<br \/>\nSzanowni Pa\u0144stwo,<\/p>\n<div class=\"text_exposed_show\">\n<p>w czwartkowych porankowych podsumowaniach roku go\u015b\u0107mi byli Agata Szcz\u0119\u015bniak, Agnieszka Lichnerowicz oraz Ewa Siedlecka. W pojawi\u0142 si\u0119 temat wp\u0142ywu organizacji i os\u00f3b na wydarzenia polityczne w Polsce. Jako jeden z g\u0142\u00f3wnych punkt\u00f3w pojawi\u0142 si\u0119 &#8222;\u0141a\u0144cuch \u015awiat\u0142a&#8221; zainicjowany przez Akcj\u0119 Demokracj\u0119. Pojawili si\u0119 te\u017c inni aktorzy spo\u0142eczni, odwa\u017cne kobiety staj\u0105ce naprzeciw Marszu Niepodleg\u0142o\u015bci itd. Natomiast zupe\u0142nie pomini\u0119ta zosta\u0142a rola Komitetu Obrony Demokracji w tym roku, tak\u017ce w kontek\u015bcie protest\u00f3w lipcowych prowadz\u0105cych do wet prezydenta.<\/p>\n<p>Pragn\u0119 zauwa\u017cy\u0107, \u017ce Akcja Demokracja to (jak sami stwierdzili w wywiadzie na falach Tok FM) kilkana\u015bcie os\u00f3b z fantastycznymi pomys\u0142ami oraz siatka po\u0142\u0105cze\u0144, jak\u0105 wytworzyli. Bez w\u0105tpienia przyczynili si\u0119 do wi\u0119kszego zaanga\u017cowania m\u0142odych ludzi w protesty. Pomys\u0142 \u0141a\u0144cucha \u015awiat\u0142a a tak\u017ce rewelacyjny plakat &#8222;KonsTYtucJA&#8221; okaza\u0142y si\u0119 strza\u0142em w dziesi\u0105tk\u0119.<\/p>\n<p>Jednak warto pami\u0119ta\u0107, \u017ce KOD to kilkana\u015bcie tysi\u0119cy cz\u0142onk\u00f3w w ca\u0142ej Polsce, i spora cz\u0119\u015b\u0107 aktywnie dzia\u0142a na co dzie\u0144. To KOD przez kilkana\u015bcie dni organizowa\u0142 protesty pod s\u0105dami i rozkleja\u0142 powy\u017csze plakaty. Zastosowali\u015bmy si\u0119 przy tym do zalece\u0144 Akcji Demokracji, aby pod s\u0105dami wyst\u0119powa\u0107 w trybie NO LOGO, co jednak doprowadzi\u0142o do znacz\u0105cego spadku naszej widoczno\u015bci na arenie politycznej. Do dzisiaj nie milkn\u0105 wewn\u0119trzne dyskusje dotycz\u0105ce tego, czy by\u0142a to dobra decyzja. Jednak byli\u015bmy tam i kto wie, czy lipiec zako\u0144czy\u0142by si\u0119 wetami, gdyby nie si\u0142y mobilizacyjne KOD-u. Spora cz\u0119\u015b\u0107 lipcowych i jesiennych protest\u00f3w, nawet je\u015bli organizowana formalnie przez inne stowarzyszenia, by\u0142a silnie wspomagana przez KOD: sceny, nag\u0142o\u015bnienie, ulotki, plakaty, mobilizacja.<\/p>\n<p>KOD w ca\u0142ej Polsce wsp\u00f3\u0142pracuje z wieloma organizacjami spo\u0142ecznymi. W Krakowie na co dzie\u0144 wsp\u00f3\u0142pracujemy z Parti\u0105 Zielonych, Razem, PO, SLD, Nowoczesn\u0105, Strajkiem Kobiet, stowarzyszeniami s\u0119dziowskimi itd. Wspieramy si\u0119 nawzajem i organizujemy wsp\u00f3lne wydarzenia.<\/p>\n<p>Pragn\u0119, aby ci\u0119\u017cka praca zbiorowa KOD-u by\u0142a doceniana, tym bardziej, \u017ce chc\u0105c przyci\u0105gn\u0105\u0107 szersze grono os\u00f3b i wsp\u00f3\u0142pracowa\u0107 z szerokim gronem opozycji demokratycznej chowamy czasem nasze sztandary. Prosz\u0119 o nas pami\u0119ta\u0107.<\/p>\n<p>z powa\u017caniem,<br \/>\nMaciej Dudek, cz\u0142onek KOD Ma\u0142opolska<\/p>\n<\/div>\n","protected":false},"excerpt":{"rendered":"<p>Szanowna Pani Redaktor Warakomska, Szanowni Pa\u0144stwo, w czwartkowych porankowych podsumowaniach roku go\u015b\u0107mi byli Agata Szcz\u0119\u015bniak, Agnieszka Lichnerowicz oraz Ewa Siedlecka. [&#8230;]<\/p>\n","protected":false},"author":26,"featured_media":8671,"comment_status":"closed","ping_status":"open","sticky":false,"template":"","format":"standard","meta":{"_EventAllDay":false,"_EventTimezone":"","_EventStartDate":"","_EventEndDate":"","_EventStartDateUTC":"","_EventEndDateUTC":"","_EventShowMap":false,"_EventShowMapLink":false,"_EventURL":"","_EventCost":"","_EventCostDescription":"","_EventCurrencySymbol":"","_EventCurrencyCode":"","_EventCurrencyPosition":"","_EventDateTimeSeparator":"","_EventTimeRangeSeparator":"","_EventOrganizerID":[],"_EventVenueID":[],"_OrganizerEmail":"","_OrganizerPhone":"","_OrganizerWebsite":"","_VenueAddress":"","_VenueCity":"","_VenueCountry":"","_VenueProvince":"","_VenueState":"","_VenueZip":"","_VenuePhone":"","_VenueURL":"","_VenueStateProvince":"","_VenueLat":"","_VenueLng":"","_VenueShowMap":false,"_VenueShowMapLink":false,"footnotes":""},"categories":[344],"tags":[469,178,466,171,467,468],"class_list":["post-8670","post","type-post","status-publish","format-standard","has-post-thumbnail","hentry","category-artykuly-nasze","tag-akcja-demokracja","tag-demokracja","tag-demorkacja","tag-kod","tag-media","tag-obrona","artykuly-nasze"],"_links":{"self":[{"href":"https:\/\/kodmalopolska.pl\/index.php?rest_route=\/wp\/v2\/posts\/8670","targetHints":{"allow":["GET"]}}],"collection":[{"href":"https:\/\/kodmalopolska.pl\/index.php?rest_route=\/wp\/v2\/posts"}],"about":[{"href":"https:\/\/kodmalopolska.pl\/index.php?rest_route=\/wp\/v2\/types\/post"}],"author":[{"embeddable":true,"href":"https:\/\/kodmalopolska.pl\/index.php?rest_route=\/wp\/v2\/users\/26"}],"replies":[{"embeddable":true,"href":"https:\/\/kodmalopolska.pl\/index.php?rest_route=%2Fwp%2Fv2%2Fcomments&post=8670"}],"version-history":[{"count":0,"href":"https:\/\/kodmalopolska.pl\/index.php?rest_route=\/wp\/v2\/posts\/8670\/revisions"}],"wp:featuredmedia":[{"embeddable":true,"href":"https:\/\/kodmalopolska.pl\/index.php?rest_route=\/wp\/v2\/media\/8671"}],"wp:attachment":[{"href":"https:\/\/kodmalopolska.pl\/index.php?rest_route=%2Fwp%2Fv2%2Fmedia&parent=8670"}],"wp:term":[{"taxonomy":"category","embeddable":true,"href":"https:\/\/kodmalopolska.pl\/index.php?rest_route=%2Fwp%2Fv2%2Fcategories&post=8670"},{"taxonomy":"post_tag","embeddable":true,"href":"https:\/\/kodmalopolska.pl\/index.php?rest_route=%2Fwp%2Fv2%2Ftags&post=8670"}],"curies":[{"name":"wp","href":"https:\/\/api.w.org\/{rel}","templated":true}]}}