{"id":8638,"date":"2017-12-18T21:28:47","date_gmt":"2017-12-18T20:28:47","guid":{"rendered":"https:\/\/kodmalopolska.pl\/?p=8638"},"modified":"2017-12-18T21:28:47","modified_gmt":"2017-12-18T20:28:47","slug":"faszyzm-nie-przejdzie","status":"publish","type":"post","link":"https:\/\/kodmalopolska.pl\/?p=8638","title":{"rendered":"Faszyzm nie przejdzie"},"content":{"rendered":"<p>W sobot\u0119 16 grudnia oko\u0142o tysi\u0105ca os\u00f3b przesz\u0142o sprzed Collegium Novum na Rynek G\u0142\u00f3wny w Krakowie, protestuj\u0105c przeciwko radykalnemu pogorszeniu si\u0119 stanu demokracji w naszym kraju i staczaniu si\u0119 Polski w otch\u0142a\u0144 autorytaryzmu. Marsz Antyfaszystowski odby\u0142 si\u0119 w 95 rocznic\u0119 zab\u00f3jstwa pierwszego prezydenta Rzeczpospolitej Polskiej Gabriela Narutowicza.<\/p>\n<p>Wyb\u00f3r daty marszu nie by\u0142 przypadkowy. Mia\u0142 dobitnie pokaza\u0107, jakie s\u0105 konsekwencje eskalacji postaw nacjonalistycznych. Narutowicz zosta\u0142 zastrzelony przez malarza Eligiusza Niewiadomskiego tylko dlatego, \u017ce wybrano go na urz\u0105d prezydenta Polski r\u00f3wnie\u017c g\u0142osami pos\u0142\u00f3w nale\u017c\u0105cych do mniejszo\u015bci narodowych. To wystarczy\u0142o, by ludzie nazywaj\u0105cy siebie \u2013 jak Niewiadomski \u2013 \u201eprawdziwymi Polakami\u201d nie mogli tego prezydenta tolerowa\u0107.<\/p>\n<p>Podobne postawy s\u0105 coraz cz\u0119\u015bciej spotykane i obecnie, co sta\u0142o si\u0119 bezpo\u015bredni\u0105 przyczyn\u0105 zorganizowania sobotniego marszu. Zagro\u017cone s\u0105 podstawowe warto\u015bci i instytucje stoj\u0105ce na stra\u017cy praworz\u0105dno\u015bci oraz demokracji. Zdemolowano s\u0105downictwo, zniszczono niezale\u017cno\u015b\u0107 prokuratury, zdeprecjonowano znaczenie Rzecznika Praw Obywatelskich, a z wojska uczyniono partyjn\u0105 przybud\u00f3wk\u0119, bezbronn\u0105 wobec zewn\u0119trznego zagro\u017cenia, lecz potencjalnie gro\u017an\u0105 dla obywateli Polski. Wolna sztuka jest kneblowana, a wolne media karane horrendalnymi grzywnami za wykonywanie swojej pracy. G\u0142oszona jest nienawi\u015b\u0107 wobec uchod\u017ac\u00f3w i wszystkich obcych. W takiej atmosferze ujawniaj\u0105 si\u0119 dawno ju\u017c niewidziane upiory nacjonalizmu i pogardy, czego znakomitym przyk\u0142adem s\u0105 katowickie szubienice, na kt\u00f3rych zawieszono zdj\u0119cia ludzi uwa\u017canych przez organizator\u00f3w tej skandalicznej akcji za zdrajc\u00f3w narodu.<\/p>\n<p>Niezgoda na tak\u0105 wizj\u0119 Polski, potrzeba pa\u0144stwa prawa i szacunku zar\u00f3wno wobec wsp\u00f3\u0142obywateli, jak i wobec innych narod\u00f3w, to powody, dla kt\u00f3rych w sobot\u0119 w Marszu Antyfaszystowskim wzi\u0119li udzia\u0142 ludzie o r\u00f3\u017cnych \u015bwiatopogl\u0105dach: od konserwatywnego po ca\u0142kowicie liberalny, ludzie r\u00f3\u017cnie patrz\u0105cy na rzeczywisto\u015b\u0107, ale zjednoczeni w ch\u0119ci przeciwstawienia si\u0119 atmosferze narastaj\u0105cego terroru nacjonalistycznego, ludzie z\u0142\u0105czeni wsp\u00f3ln\u0105 wizj\u0105 demokratycznej, europejskiej i praworz\u0105dnej Polski, w kt\u00f3rej \u017caden cz\u0142owiek nie jest nielegalny, a tolerancja stanowi o sile, a nie o s\u0142abo\u015bci.<\/p>\n<p>Marsz rozpocz\u0105\u0142 si\u0119 od odczytania wsp\u00f3lnego manifestu \u015brodowisk prodemokratycznych Krak\u00f3w Przeciwko Faszyzmowi. \u201eNienawi\u015b\u0107 jednoczy, dlatego nacjonalizm zawsze opiera si\u0119 na wrogo\u015bci do wszystkiego, co nowe i inne. (\u2026) Wiemy, \u017ce najlepsz\u0105 odpowiedzi\u0105 jest wizja demokracji ponad partyjnymi interesami, demokracji opartej na solidarno\u015bci, na prawie, kt\u00f3re chroni ka\u017cdego cz\u0142owieka bez wzgl\u0119du na stan jego portfela, religi\u0119, narodowo\u015b\u0107, p\u0142e\u0107, orientacj\u0119 seksualn\u0105 czy niepe\u0142nosprawno\u015b\u0107\u201d. Jeszcze przed Collegium Novum zebrani mogli wys\u0142ucha\u0107 przem\u00f3wie\u0144 m.in. profesora Bogdana de Barbaro, Pauliny Kramarz i Magdaleny Pluty reprezentuj\u0105cej Studencki Komitet Antyfaszystowski UJ. Nast\u0119pnie manifestanci przeszli ulicami Straszewskiego i Szewsk\u0105 na Rynek G\u0142\u00f3wny. W trakcie przemarszu skandowano m.in. has\u0142a \u201eSolidarno\u015b\u0107 nasz\u0105 si\u0142\u0105\u201d i \u201eJedna rasa \u2013 ludzka rasa\u201d. Przed Ratuszem, gdzie zako\u0144czy\u0142 si\u0119 marsz, ch\u00f3r wykona\u0142 do muzyki Jacka Ostaszewskiego wiersz Juliana Tuwima \u201ePogrzeb Narutowicza\u201d, zaczynaj\u0105cy si\u0119 od s\u0142\u00f3w \u201eKrzy\u017c mieli\u015bcie na piersi, a brauning w kieszeni. Z Bogiem byli w sojuszu, a z morderc\u0105 w pakcie\u201d.<\/p>\n<p>Nast\u0119pnie g\u0142os zabrali przedstawiciele wsp\u00f3\u0142organizator\u00f3w wydarzenia, m.in. prof. Fryderyk Zoll z KOD Ma\u0142opolska, Justyna Struzik z Przestrzeni Kobiet i Artur Maciejewski z Queerowy Maj.<\/p>\n<p>Inicjatorem marszu by\u0142 KOD Ma\u0142opolska.<\/p>\n<p>Uczestnicy Koalicji Krak\u00f3w Przeciwko Faszyzmowi:<\/p>\n<p>Fundacja Autonomia<\/p>\n<p>Fundacja Historii Spo\u0142ecznej<\/p>\n<p>Fundacja Przestrze\u0144 Kobiet<\/p>\n<p>Komitet Obrony Demokracji<\/p>\n<p>Stowarzyszenie Queerowy Maj<\/p>\n<p>Stowarzyszenie Rewersy Kultury<\/p>\n<p>Studencki Komitet Antyfaszystowski UJ<\/p>\n<p>Witajcie w Krakowie<\/p>\n<p>Federacja Anarchistyczna Krak\u00f3w<\/p>\n<p>\u017bydowskie Stowarzyszenie Czulent<\/p>\n<p>M\u0142ody KOD<\/p>\n<p>Stowarzyszenie Strefa Wenus z Milo<\/p>\n<p>Partia Razem<\/p>\n<p>Alternatywa Socjalistyczna<\/p>\n<p>Europejscy Demokraci<\/p>\n<p>Sojusz Lewicy Demokratycznej Region Ma\u0142opolska<\/p>\n<p>Partia Zieloni<\/p>\n<p>Platforma Obywatelska Region Ma\u0142opolska<\/p>\n<p>Nowoczesna Region Ma\u0142opolska<\/p>\n<p>&nbsp;<\/p>\n<p>Wi\u0119cej zdj\u0119\u0107 na <a href=\"https:\/\/zakodowani.blogspot.com\/2017\/12\/krakow-przeciw-faszyzmowi.html\">https:\/\/zakodowani.blogspot.com\/2017\/12\/krakow-przeciw-faszyzmowi.html<\/a><\/p>\n","protected":false},"excerpt":{"rendered":"<p>W sobot\u0119 16 grudnia oko\u0142o tysi\u0105ca os\u00f3b przesz\u0142o sprzed Collegium Novum na Rynek G\u0142\u00f3wny w Krakowie, protestuj\u0105c przeciwko radykalnemu pogorszeniu [&#8230;]<\/p>\n","protected":false},"author":26,"featured_media":8639,"comment_status":"closed","ping_status":"open","sticky":false,"template":"","format":"standard","meta":{"_EventAllDay":false,"_EventTimezone":"","_EventStartDate":"","_EventEndDate":"","_EventStartDateUTC":"","_EventEndDateUTC":"","_EventShowMap":false,"_EventShowMapLink":false,"_EventURL":"","_EventCost":"","_EventCostDescription":"","_EventCurrencySymbol":"","_EventCurrencyCode":"","_EventCurrencyPosition":"","_EventDateTimeSeparator":"","_EventTimeRangeSeparator":"","_EventOrganizerID":[],"_EventVenueID":[],"_OrganizerEmail":"","_OrganizerPhone":"","_OrganizerWebsite":"","_VenueAddress":"","_VenueCity":"","_VenueCountry":"","_VenueProvince":"","_VenueState":"","_VenueZip":"","_VenuePhone":"","_VenueURL":"","_VenueStateProvince":"","_VenueLat":"","_VenueLng":"","_VenueShowMap":false,"_VenueShowMapLink":false,"footnotes":""},"categories":[31],"tags":[335,171,124,365,339,314],"class_list":["post-8638","post","type-post","status-publish","format-standard","has-post-thumbnail","hentry","category-relacje-krakow","tag-faszyzm","tag-kod","tag-marsz","tag-marsz-antyfaszystowski","tag-nacjonalizm","tag-protest","relacje-krakow"],"_links":{"self":[{"href":"https:\/\/kodmalopolska.pl\/index.php?rest_route=\/wp\/v2\/posts\/8638","targetHints":{"allow":["GET"]}}],"collection":[{"href":"https:\/\/kodmalopolska.pl\/index.php?rest_route=\/wp\/v2\/posts"}],"about":[{"href":"https:\/\/kodmalopolska.pl\/index.php?rest_route=\/wp\/v2\/types\/post"}],"author":[{"embeddable":true,"href":"https:\/\/kodmalopolska.pl\/index.php?rest_route=\/wp\/v2\/users\/26"}],"replies":[{"embeddable":true,"href":"https:\/\/kodmalopolska.pl\/index.php?rest_route=%2Fwp%2Fv2%2Fcomments&post=8638"}],"version-history":[{"count":0,"href":"https:\/\/kodmalopolska.pl\/index.php?rest_route=\/wp\/v2\/posts\/8638\/revisions"}],"wp:featuredmedia":[{"embeddable":true,"href":"https:\/\/kodmalopolska.pl\/index.php?rest_route=\/wp\/v2\/media\/8639"}],"wp:attachment":[{"href":"https:\/\/kodmalopolska.pl\/index.php?rest_route=%2Fwp%2Fv2%2Fmedia&parent=8638"}],"wp:term":[{"taxonomy":"category","embeddable":true,"href":"https:\/\/kodmalopolska.pl\/index.php?rest_route=%2Fwp%2Fv2%2Fcategories&post=8638"},{"taxonomy":"post_tag","embeddable":true,"href":"https:\/\/kodmalopolska.pl\/index.php?rest_route=%2Fwp%2Fv2%2Ftags&post=8638"}],"curies":[{"name":"wp","href":"https:\/\/api.w.org\/{rel}","templated":true}]}}