{"id":8621,"date":"2017-12-15T16:37:10","date_gmt":"2017-12-15T15:37:10","guid":{"rendered":"https:\/\/kodmalopolska.pl\/?p=8621"},"modified":"2017-12-15T16:37:10","modified_gmt":"2017-12-15T15:37:10","slug":"krakow-dla-jednosci","status":"publish","type":"post","link":"https:\/\/kodmalopolska.pl\/?p=8621","title":{"rendered":"Krak\u00f3w dla jedno\u015bci"},"content":{"rendered":"<p>\u2013 Walka o now\u0105, otwart\u0105 i nowoczesn\u0105 Polsk\u0119 jest wa\u017cniejsza ni\u017c partykularne interesy czy r\u00f3\u017cnice \u015bwiatopogl\u0105dowe, dlatego zjednoczyli\u015bmy si\u0119 w sprzeciwie wobec faszyzacji \u017cycia publicznego \u2013 m\u00f3wi\u0105 organizatorzy sobotniego Marszu Antyfaszystowskiego. Zapraszaj\u0105 wszystkich, by do\u0142\u0105czyli do tego wydarzenia, i zach\u0119caj\u0105 do zjednoczenia si\u0119 w imi\u0119 wsp\u00f3lnie wyznawanych warto\u015bci.<\/p>\n<p>Ostatnie miesi\u0105ce pokaza\u0142y eskalacj\u0119 zachowa\u0144 ksenofobicznych i nacjonalistycznych. Coraz cz\u0119\u015bciej pojawiaj\u0105ce si\u0119 w mediach informacje o aktach agresji wobec obcokrajowc\u00f3w, innowierc\u00f3w i ludzi o odmiennych pogl\u0105dach politycznych, a tak\u017ce zaostrzenie, wr\u0119cz brutalizacja, dialogu publicznego sprawiaj\u0105, \u017ce w wielu ludziach budzi si\u0119 uzasadniony l\u0119k o przysz\u0142o\u015b\u0107 kraju i ich samych.<\/p>\n<p>\u201eNienawi\u015b\u0107 jednoczy, dlatego nacjonalizm zawsze opiera si\u0119 na wrogo\u015bci do wszystkiego, co nowe i inne. (\u2026) Nurty faszystowskie wyrastaj\u0105 na populizmie, s\u0105 ucieczk\u0105 w bezpiecze\u0144stwo uciszanej wolno\u015bci, neguj\u0105 pluralizm, demokracj\u0119 zasadzaj\u0105c\u0105 si\u0119 na wolno\u015bci jednostki. To doskona\u0142a ideologia mobilizacji w czasach gwa\u0142townych zmian, nier\u00f3wno\u015bci, braku bezpiecze\u0144stwa, kt\u00f3ra daje proste odpowiedzi i poczucie wsp\u00f3lnoty \u2013 wsp\u00f3lnoty dziel\u0105cej na swoich i obcych\u201d \u2013 napisali w swoim manife\u015bcie cz\u0142onkowie koalicji \u0142\u0105cz\u0105cej \u015brodowiska prodemokratyczne Krak\u00f3w Przeciwko Faszyzmowi, kt\u00f3ra organizuje sobotni Marsz Antyfaszystowski.<\/p>\n<p>\u2013 Intencj\u0105 Marszu Antyfaszystowskiego jest przede wszystkim po\u0142\u0105czenie jak najwi\u0119kszej ilo\u015bci \u015brodowisk, dla kt\u00f3rych jednym z najwa\u017cniejszych cel\u00f3w jest sprzeciw wobec faszyzacji\u00a0 \u017cycia politycznego i j\u0119zyka debaty publicznej w Polsce \u2013 wyja\u015bnia Piotr \u015aroda, wsp\u00f3\u0142organizator wydarzenia. \u2013 Koalicja powsta\u0142a w\u0142a\u015bnie dlatego, \u017ce solidarno\u015b\u0107 si\u0142 prodemokratycznych w walce o now\u0105, otwart\u0105 i nowoczesn\u0105 Polsk\u0119 jest znacznie wa\u017cniejsza ni\u017c partykularne interesy czy r\u00f3\u017cnice \u015bwiatopogl\u0105dowe. Chcemy Polski, w kt\u00f3rej dla faszyzmu po prostu nie ma miejsca.<\/p>\n<p>Marsz odb\u0119dzie si\u0119 w sobot\u0119 16 grudnia. Rozpocznie si\u0119 o godzinie 14 przed Collegium Novum UJ (ul. Go\u0142\u0119bia 24). Nast\u0119pnie przejdzie ulicami Straszewskiego i Szewsk\u0105 na Rynek G\u0142\u00f3wny przed Ratusz. Organizatorzy zach\u0119caj\u0105 do udzia\u0142u wszystkich, kt\u00f3rym le\u017cy na sercu prawdziwy dialog spo\u0142eczny i poszanowanie praw cz\u0142owieka.<\/p>\n<p>&nbsp;<\/p>\n<blockquote class=\"wp-embedded-content\" data-secret=\"fdAFbWJuGC\"><p><a href=\"https:\/\/kodmalopolska.pl\/wydarzenie\/marsz-antyfaszystowski-2\/\">Marsz Antyfaszystowski<\/a><\/p><\/blockquote>\n<p><iframe loading=\"lazy\" class=\"wp-embedded-content\" sandbox=\"allow-scripts\" security=\"restricted\" style=\"position: absolute; clip: rect(1px, 1px, 1px, 1px);\" src=\"https:\/\/kodmalopolska.pl\/wydarzenie\/marsz-antyfaszystowski-2\/embed\/#?secret=fdAFbWJuGC\" data-secret=\"fdAFbWJuGC\" width=\"600\" height=\"338\" title=\"&#8222;Marsz Antyfaszystowski&#8221; &#8212; Komitet Obrony Demokracji \u2022 ma\u0142opolskie\" frameborder=\"0\" marginwidth=\"0\" marginheight=\"0\" scrolling=\"no\"><\/iframe><\/p>\n","protected":false},"excerpt":{"rendered":"<p>\u2013 Walka o now\u0105, otwart\u0105 i nowoczesn\u0105 Polsk\u0119 jest wa\u017cniejsza ni\u017c partykularne interesy czy r\u00f3\u017cnice \u015bwiatopogl\u0105dowe, dlatego zjednoczyli\u015bmy si\u0119 w [&#8230;]<\/p>\n","protected":false},"author":26,"featured_media":8581,"comment_status":"closed","ping_status":"open","sticky":false,"template":"","format":"standard","meta":{"_EventAllDay":false,"_EventTimezone":"","_EventStartDate":"","_EventEndDate":"","_EventStartDateUTC":"","_EventEndDateUTC":"","_EventShowMap":false,"_EventShowMapLink":false,"_EventURL":"","_EventCost":"","_EventCostDescription":"","_EventCurrencySymbol":"","_EventCurrencyCode":"","_EventCurrencyPosition":"","_EventDateTimeSeparator":"","_EventTimeRangeSeparator":"","_EventOrganizerID":[],"_EventVenueID":[],"_OrganizerEmail":"","_OrganizerPhone":"","_OrganizerWebsite":"","_VenueAddress":"","_VenueCity":"","_VenueCountry":"","_VenueProvince":"","_VenueState":"","_VenueZip":"","_VenuePhone":"","_VenueURL":"","_VenueStateProvince":"","_VenueLat":"","_VenueLng":"","_VenueShowMap":false,"_VenueShowMapLink":false,"footnotes":""},"categories":[30],"tags":[178,171,208,365,314],"class_list":["post-8621","post","type-post","status-publish","format-standard","has-post-thumbnail","hentry","category-zapowiedzi-krakow","tag-demokracja","tag-kod","tag-krakow","tag-marsz-antyfaszystowski","tag-protest","zapowiedzi-krakow"],"_links":{"self":[{"href":"https:\/\/kodmalopolska.pl\/index.php?rest_route=\/wp\/v2\/posts\/8621","targetHints":{"allow":["GET"]}}],"collection":[{"href":"https:\/\/kodmalopolska.pl\/index.php?rest_route=\/wp\/v2\/posts"}],"about":[{"href":"https:\/\/kodmalopolska.pl\/index.php?rest_route=\/wp\/v2\/types\/post"}],"author":[{"embeddable":true,"href":"https:\/\/kodmalopolska.pl\/index.php?rest_route=\/wp\/v2\/users\/26"}],"replies":[{"embeddable":true,"href":"https:\/\/kodmalopolska.pl\/index.php?rest_route=%2Fwp%2Fv2%2Fcomments&post=8621"}],"version-history":[{"count":0,"href":"https:\/\/kodmalopolska.pl\/index.php?rest_route=\/wp\/v2\/posts\/8621\/revisions"}],"wp:featuredmedia":[{"embeddable":true,"href":"https:\/\/kodmalopolska.pl\/index.php?rest_route=\/wp\/v2\/media\/8581"}],"wp:attachment":[{"href":"https:\/\/kodmalopolska.pl\/index.php?rest_route=%2Fwp%2Fv2%2Fmedia&parent=8621"}],"wp:term":[{"taxonomy":"category","embeddable":true,"href":"https:\/\/kodmalopolska.pl\/index.php?rest_route=%2Fwp%2Fv2%2Fcategories&post=8621"},{"taxonomy":"post_tag","embeddable":true,"href":"https:\/\/kodmalopolska.pl\/index.php?rest_route=%2Fwp%2Fv2%2Ftags&post=8621"}],"curies":[{"name":"wp","href":"https:\/\/api.w.org\/{rel}","templated":true}]}}