{"id":8513,"date":"2017-11-29T23:35:25","date_gmt":"2017-11-29T22:35:25","guid":{"rendered":"https:\/\/kodmalopolska.pl\/?p=8513"},"modified":"2017-11-29T23:39:54","modified_gmt":"2017-11-29T22:39:54","slug":"3xw-wolne-sady-wolne-wybory-wolna-polska","status":"publish","type":"post","link":"https:\/\/kodmalopolska.pl\/?p=8513","title":{"rendered":"3xW \u2013 Wolne S\u0105dy, Wolne Wybory, Wolna Polska"},"content":{"rendered":"<h2 style=\"text-align: center;\">3xW \u2013 Wolne S\u0105dy, Wolne Wybory, Wolna Polska<\/h2>\n<p>Komitetu Obrony Demokracji regionu Ma\u0142opolska \u2013 tak\u017ce Grupa Lokalna O\u015bwi\u0119cim-Chrzan\u00f3w \u2013 protestuje przeciwko bezpodstawnemu usuni\u0119ciu prezes\u00f3w i wiceprezes\u00f3w s\u0105d\u00f3w jakie w\u0142a\u015bnie ma miejsce w S\u0105dach ca\u0142ej Ma\u0142opolski (i w innych regionach).<\/p>\n<p>Protestujemy przeciwko jawnej dekonstrukcji Tr\u00f3jpodzia\u0142u W\u0142adzy i uzale\u017cnianiu S\u0105d\u00f3w od jednej partii.<\/p>\n<p>O\u015bwi\u0119cim:\u00a0https:\/\/www.facebook.com\/events\/1784148834953112\/<\/p>\n<p>Chrzan\u00f3w:\u00a0https:\/\/www.facebook.com\/events\/146195632698120\/<\/p>\n","protected":false},"excerpt":{"rendered":"<p>3xW \u2013 Wolne S\u0105dy, Wolne Wybory, Wolna Polska Komitetu Obrony Demokracji regionu Ma\u0142opolska \u2013 tak\u017ce Grupa Lokalna O\u015bwi\u0119cim-Chrzan\u00f3w \u2013 protestuje [&#8230;]<\/p>\n","protected":false},"author":11,"featured_media":8514,"comment_status":"closed","ping_status":"open","sticky":false,"template":"","format":"standard","meta":{"_EventAllDay":false,"_EventTimezone":"","_EventStartDate":"","_EventEndDate":"","_EventStartDateUTC":"","_EventEndDateUTC":"","_EventShowMap":false,"_EventShowMapLink":false,"_EventURL":"","_EventCost":"","_EventCostDescription":"","_EventCurrencySymbol":"","_EventCurrencyCode":"","_EventCurrencyPosition":"","_EventDateTimeSeparator":"","_EventTimeRangeSeparator":"","_EventOrganizerID":[],"_EventVenueID":[],"_OrganizerEmail":"","_OrganizerPhone":"","_OrganizerWebsite":"","_VenueAddress":"","_VenueCity":"","_VenueCountry":"","_VenueProvince":"","_VenueState":"","_VenueZip":"","_VenuePhone":"","_VenueURL":"","_VenueStateProvince":"","_VenueLat":"","_VenueLng":"","_VenueShowMap":false,"_VenueShowMapLink":false,"footnotes":""},"categories":[79],"tags":[148,171,169,334,147],"class_list":["post-8513","post","type-post","status-publish","format-standard","has-post-thumbnail","hentry","category-zapowiedzi-oswiecim-i-chrzanow","tag-chrzanow","tag-kod","tag-manifestacja","tag-obrona-sadow","tag-oswiecim","zapowiedzi-oswiecim-i-chrzanow"],"_links":{"self":[{"href":"https:\/\/kodmalopolska.pl\/index.php?rest_route=\/wp\/v2\/posts\/8513","targetHints":{"allow":["GET"]}}],"collection":[{"href":"https:\/\/kodmalopolska.pl\/index.php?rest_route=\/wp\/v2\/posts"}],"about":[{"href":"https:\/\/kodmalopolska.pl\/index.php?rest_route=\/wp\/v2\/types\/post"}],"author":[{"embeddable":true,"href":"https:\/\/kodmalopolska.pl\/index.php?rest_route=\/wp\/v2\/users\/11"}],"replies":[{"embeddable":true,"href":"https:\/\/kodmalopolska.pl\/index.php?rest_route=%2Fwp%2Fv2%2Fcomments&post=8513"}],"version-history":[{"count":0,"href":"https:\/\/kodmalopolska.pl\/index.php?rest_route=\/wp\/v2\/posts\/8513\/revisions"}],"wp:featuredmedia":[{"embeddable":true,"href":"https:\/\/kodmalopolska.pl\/index.php?rest_route=\/wp\/v2\/media\/8514"}],"wp:attachment":[{"href":"https:\/\/kodmalopolska.pl\/index.php?rest_route=%2Fwp%2Fv2%2Fmedia&parent=8513"}],"wp:term":[{"taxonomy":"category","embeddable":true,"href":"https:\/\/kodmalopolska.pl\/index.php?rest_route=%2Fwp%2Fv2%2Fcategories&post=8513"},{"taxonomy":"post_tag","embeddable":true,"href":"https:\/\/kodmalopolska.pl\/index.php?rest_route=%2Fwp%2Fv2%2Ftags&post=8513"}],"curies":[{"name":"wp","href":"https:\/\/api.w.org\/{rel}","templated":true}]}}