{"id":8506,"date":"2017-11-29T12:00:24","date_gmt":"2017-11-29T11:00:24","guid":{"rendered":"https:\/\/kodmalopolska.pl\/?p=8506"},"modified":"2017-11-29T12:00:24","modified_gmt":"2017-11-29T11:00:24","slug":"odezwa-w-sprawie-ustaw-o-sn-i-krs-oraz-ordynacji-wyborczej","status":"publish","type":"post","link":"https:\/\/kodmalopolska.pl\/?p=8506","title":{"rendered":"Odezwa w sprawie ustaw o SN i KRS oraz Ordynacji Wyborczej"},"content":{"rendered":"<h2 style=\"text-align: center;\"><strong>Odezwa w sprawie ustaw o SN i KRS<br \/>\noraz Ordynacji Wyborczej do samorz\u0105d\u00f3w<br \/>\npodj\u0119ta w dniu 27-11-2017<br \/>\nprzez Grup\u0119 Lokaln\u0105 KOD Nowa Huta<\/strong><\/h2>\n<p>Nie ma i nigdy nie b\u0119dzie naszej zgody na \u0142amanie Konstytucji i ca\u0142kowite utajnienie przed spo\u0142ecze\u0144stwem porozumie\u0144 w sprawie ustaw o KRS i SN, zawieranych przez prezydenta Andrzeja Dud\u0119 i prezesa Jaros\u0142awa Kaczy\u0144skiego.<\/p>\n<p>Nie ma i nigdy nie b\u0119dzie naszej zgody na now\u0105 Ordynacj\u0119 wyborcz\u0105 do samorz\u0105d\u00f3w, kt\u00f3ra ca\u0142kowicie upartyjnia te wybory, uniemo\u017cliwiaj\u0105c demokratyczne wy\u0142anianie w\u0142adz samorz\u0105dowych zgodnie z wol\u0105 lokalnych spo\u0142eczno\u015bci i podporz\u0105dkowuje je rz\u0105dowi PiS.<\/p>\n<p>Nie ma i nigdy nie b\u0119dzie naszej zgody na przyzwolenie przez w\u0142adze na faszyzm i nacjonalizm w naszej Ojczy\u017anie.<\/p>\n","protected":false},"excerpt":{"rendered":"<p>Odezwa w sprawie ustaw o SN i KRS oraz Ordynacji Wyborczej do samorz\u0105d\u00f3w podj\u0119ta w dniu 27-11-2017 przez Grup\u0119 Lokaln\u0105 [&#8230;]<\/p>\n","protected":false},"author":11,"featured_media":0,"comment_status":"closed","ping_status":"open","sticky":false,"template":"","format":"standard","meta":{"_EventAllDay":false,"_EventTimezone":"","_EventStartDate":"","_EventEndDate":"","_EventStartDateUTC":"","_EventEndDateUTC":"","_EventShowMap":false,"_EventShowMapLink":false,"_EventURL":"","_EventCost":"","_EventCostDescription":"","_EventCurrencySymbol":"","_EventCurrencyCode":"","_EventCurrencyPosition":"","_EventDateTimeSeparator":"","_EventTimeRangeSeparator":"","_EventOrganizerID":[],"_EventVenueID":[],"_OrganizerEmail":"","_OrganizerPhone":"","_OrganizerWebsite":"","_VenueAddress":"","_VenueCity":"","_VenueCountry":"","_VenueProvince":"","_VenueState":"","_VenueZip":"","_VenuePhone":"","_VenueURL":"","_VenueStateProvince":"","_VenueLat":"","_VenueLng":"","_VenueShowMap":false,"_VenueShowMapLink":false,"footnotes":""},"categories":[294],"tags":[],"class_list":["post-8506","post","type-post","status-publish","format-standard","hentry","category-komunikaty","komunikaty"],"_links":{"self":[{"href":"https:\/\/kodmalopolska.pl\/index.php?rest_route=\/wp\/v2\/posts\/8506","targetHints":{"allow":["GET"]}}],"collection":[{"href":"https:\/\/kodmalopolska.pl\/index.php?rest_route=\/wp\/v2\/posts"}],"about":[{"href":"https:\/\/kodmalopolska.pl\/index.php?rest_route=\/wp\/v2\/types\/post"}],"author":[{"embeddable":true,"href":"https:\/\/kodmalopolska.pl\/index.php?rest_route=\/wp\/v2\/users\/11"}],"replies":[{"embeddable":true,"href":"https:\/\/kodmalopolska.pl\/index.php?rest_route=%2Fwp%2Fv2%2Fcomments&post=8506"}],"version-history":[{"count":0,"href":"https:\/\/kodmalopolska.pl\/index.php?rest_route=\/wp\/v2\/posts\/8506\/revisions"}],"wp:attachment":[{"href":"https:\/\/kodmalopolska.pl\/index.php?rest_route=%2Fwp%2Fv2%2Fmedia&parent=8506"}],"wp:term":[{"taxonomy":"category","embeddable":true,"href":"https:\/\/kodmalopolska.pl\/index.php?rest_route=%2Fwp%2Fv2%2Fcategories&post=8506"},{"taxonomy":"post_tag","embeddable":true,"href":"https:\/\/kodmalopolska.pl\/index.php?rest_route=%2Fwp%2Fv2%2Ftags&post=8506"}],"curies":[{"name":"wp","href":"https:\/\/api.w.org\/{rel}","templated":true}]}}