{"id":8441,"date":"2017-11-27T16:30:37","date_gmt":"2017-11-27T15:30:37","guid":{"rendered":"https:\/\/kodmalopolska.pl\/?p=8441"},"modified":"2017-11-27T16:30:37","modified_gmt":"2017-11-27T15:30:37","slug":"komunikat-rady-regionu-kod-malopolska-2","status":"publish","type":"post","link":"https:\/\/kodmalopolska.pl\/?p=8441","title":{"rendered":"Komunikat Rady Regionu KOD Ma\u0142opolska"},"content":{"rendered":"<p>W sobot\u0119, 25 listopada 2017 r., odby\u0142o si\u0119 kolejne posiedzenie Rady Regionu Ma\u0142opolska Stowarzyszenia Komitet Obrony Demokracji im. W\u0142adys\u0142awa Bartoszewskiego.<\/p>\n<p>W posiedzeniu brali udzia\u0142 przedstawiciele Zarz\u0105du Regionu i Grup Lokalnych \u2013 wg listy obecno\u015bci: Piotr Kalista, Jacek Kwiatkowski, Fryderyk Zoll, Andrzej Nowicki, Mieczys\u0142aw Piechota, Krzysztof Pietsch, Edward Ucherski, Jerzy Burakowski, Zbigniew Pawe\u0142czyk, Piotr Paw\u0142owski, Tadeusz Ku\u015b, Artur Pi\u00f3ro, Maciej Nalepa, Danuta Czechmanowska.<\/p>\n<p>Porz\u0105dek obrad obejmowa\u0142 nast\u0119puj\u0105ce tematy:<br \/>\n1. Wybory samorz\u0105dowe<br \/>\n2. Dzia\u0142ania na rzecz upowszechnienia KOD ( zw\u0142aszcza aktywizacja m\u0142odszych pokole\u0144)<br \/>\n3. Tworzenie merytorycznych zespo\u0142\u00f3w programowych<br \/>\n4. Odpowied\u017a KOD na antyeuropejskie i faszystowskie nastroje<\/p>\n<p>Odno\u015bnie punktu pierwszego ustalono, \u017ce pomimo braku znajomo\u015bci dok\u0142adnych przepis\u00f3w ordynacji wyborczej, trzeba w spo\u0142eczno\u015bciach lokalnych ju\u017c teraz rozpoznawa\u0107 potrzeby i bol\u0105czki, inicjowa\u0107 spotkania z kandydatami na radnych, tworzenie koalicji wyborczych w sk\u0142ad, kt\u00f3rych poza partiami powinny wchodzi\u0107 miejscowe organizacje tak, \u017ceby koalicja by\u0142a jak najszersza i tworzy\u0107 listy zaufanych os\u00f3b do monitorowania wybor\u00f3w. Temat b\u0119dzie te\u017c omawiany na nast\u0119pnym posiedzeniu, po poznaniu ordynacji wyborczej.<\/p>\n<p>Odno\u015bnie punktu drugiego, om\u00f3wiono lokalne do\u015bwiadczenia, rozwa\u017cano nowe metody pozyskiwania m\u0142odszego pokolenia i zobowi\u0105zano Zarz\u0105d Regionu do przeprowadzenia w\u015br\u00f3d Cz\u0142onk\u00f3w M\u0142odego KOD-\u200eu ankiety na temat, \u2013 jakie dzia\u0142ania najbardziej im odpowiadaj\u0105 i mog\u0105 przyci\u0105gn\u0105\u0107 w nasze szeregi kolejnych m\u0142odych ludzi.<\/p>\n<p>Odno\u015bnie punktu trzeciego \u2013 ze strony ZR otrzymali\u015bmy informacj\u0119, \u017ce cz\u0119\u015b\u0107 zespo\u0142\u00f3w ju\u017c istnieje a cz\u0119\u015b\u0107 jest w fazie organizacji. Zostali\u015bmy poinformowani o sposobie rekrutacji do tych zespo\u0142\u00f3w, kana\u0142ach komunikacji z nimi i osobach odpowiedzialnych za ich dzia\u0142anie.<\/p>\n<p>Odno\u015bnie punktu czwartego ustalono potrzeb\u0119 tworzenia punkt\u00f3w informuj\u0105cych na wolnym powietrzu o tym jak wa\u017cne jest nasze cz\u0142onkostwo w Unii Europejskiej, jakie lokalne inwestycje pochodz\u0105 ze \u015brodk\u00f3w UE, jakie kwoty trafi\u0142y bezpo\u015brednio do ludzi w formie dotacji dla rolnik\u00f3w czy przedsi\u0119biorc\u00f3w i o tym, jakie mog\u0105 by\u0107 skutki naszego wyj\u015bcia ze struktur UE. Konieczne jest te\u017c monitorowanie zachowa\u0144 faszystowskich, oraz organizowanie antyfaszystowskich manifestacji. Najbli\u017csz\u0105 okazj\u0105 do takich manifestacji jest rocznica zab\u00f3jstwa Prezydenta Gabriela Narutowicza przypadaj\u0105ca 16 grudnia.<\/p>\n<p>Na koniec RR wyznaczy\u0142a termin kolejnego posiedzenia w biurze na dzie\u0144 13.01. 2018 na godzin\u0119 10:00.<\/p>\n","protected":false},"excerpt":{"rendered":"<p>W sobot\u0119, 25 listopada 2017 r., odby\u0142o si\u0119 kolejne posiedzenie Rady Regionu Ma\u0142opolska Stowarzyszenia Komitet Obrony Demokracji im. W\u0142adys\u0142awa Bartoszewskiego. [&#8230;]<\/p>\n","protected":false},"author":24,"featured_media":7972,"comment_status":"closed","ping_status":"open","sticky":false,"template":"","format":"standard","meta":{"_EventAllDay":false,"_EventTimezone":"","_EventStartDate":"","_EventEndDate":"","_EventStartDateUTC":"","_EventEndDateUTC":"","_EventShowMap":false,"_EventShowMapLink":false,"_EventURL":"","_EventCost":"","_EventCostDescription":"","_EventCurrencySymbol":"","_EventCurrencyCode":"","_EventCurrencyPosition":"","_EventDateTimeSeparator":"","_EventTimeRangeSeparator":"","_EventOrganizerID":[],"_EventVenueID":[],"_OrganizerEmail":"","_OrganizerPhone":"","_OrganizerWebsite":"","_VenueAddress":"","_VenueCity":"","_VenueCountry":"","_VenueProvince":"","_VenueState":"","_VenueZip":"","_VenuePhone":"","_VenueURL":"","_VenueStateProvince":"","_VenueLat":"","_VenueLng":"","_VenueShowMap":false,"_VenueShowMapLink":false,"footnotes":""},"categories":[393],"tags":[],"class_list":["post-8441","post","type-post","status-publish","format-standard","has-post-thumbnail","hentry","category-rada-regionu","rada-regionu"],"_links":{"self":[{"href":"https:\/\/kodmalopolska.pl\/index.php?rest_route=\/wp\/v2\/posts\/8441","targetHints":{"allow":["GET"]}}],"collection":[{"href":"https:\/\/kodmalopolska.pl\/index.php?rest_route=\/wp\/v2\/posts"}],"about":[{"href":"https:\/\/kodmalopolska.pl\/index.php?rest_route=\/wp\/v2\/types\/post"}],"author":[{"embeddable":true,"href":"https:\/\/kodmalopolska.pl\/index.php?rest_route=\/wp\/v2\/users\/24"}],"replies":[{"embeddable":true,"href":"https:\/\/kodmalopolska.pl\/index.php?rest_route=%2Fwp%2Fv2%2Fcomments&post=8441"}],"version-history":[{"count":0,"href":"https:\/\/kodmalopolska.pl\/index.php?rest_route=\/wp\/v2\/posts\/8441\/revisions"}],"wp:featuredmedia":[{"embeddable":true,"href":"https:\/\/kodmalopolska.pl\/index.php?rest_route=\/wp\/v2\/media\/7972"}],"wp:attachment":[{"href":"https:\/\/kodmalopolska.pl\/index.php?rest_route=%2Fwp%2Fv2%2Fmedia&parent=8441"}],"wp:term":[{"taxonomy":"category","embeddable":true,"href":"https:\/\/kodmalopolska.pl\/index.php?rest_route=%2Fwp%2Fv2%2Fcategories&post=8441"},{"taxonomy":"post_tag","embeddable":true,"href":"https:\/\/kodmalopolska.pl\/index.php?rest_route=%2Fwp%2Fv2%2Ftags&post=8441"}],"curies":[{"name":"wp","href":"https:\/\/api.w.org\/{rel}","templated":true}]}}