{"id":8364,"date":"2017-11-22T20:42:47","date_gmt":"2017-11-22T19:42:47","guid":{"rendered":"https:\/\/kodmalopolska.pl\/?p=8364"},"modified":"2017-11-22T20:42:47","modified_gmt":"2017-11-22T19:42:47","slug":"bronimy-wolnych-sadow","status":"publish","type":"post","link":"https:\/\/kodmalopolska.pl\/?p=8364","title":{"rendered":"Bronimy wolnych s\u0105d\u00f3w"},"content":{"rendered":"<p>Parlament znowu pr\u00f3buje upartyjni\u0107 s\u0105dy, a tym samym odebra\u0107 im mo\u017cliwo\u015b\u0107 obrony obywateli przed w\u0142adz\u0105. Wyra\u017amy sprzeciw! Przyjd\u017amy w pi\u0105tek wieczorem na Rynek G\u0142\u00f3wny i upomnijmy si\u0119 o wolno\u015b\u0107 i demokracj\u0119!<\/p>\n<p>Kilka miesi\u0119cy temu t\u0142umnie bronili\u015bmy s\u0105d\u00f3w przed zakusami polityk\u00f3w. Teraz w\u0142adza s\u0105downicza ponownie potrzebuje naszego wsparcia.<\/p>\n<p>\u2013 Proces likwidowania niezale\u017cnych s\u0105d\u00f3w ma si\u0119 ku ko\u0144cowi. W \u017cmudnych i niejawnych negocjacjach mi\u0119dzy prezydentem a pos\u0142em Kaczy\u0144skim wyklu\u0142 si\u0119 niekonstytucyjny kompromis. W jego wyniku dojdzie do upolitycznienia Krajowej Rady S\u0105downictwa, kt\u00f3ra odt\u0105d b\u0119dzie si\u0119 zajmowa\u0107 legalizacj\u0105 poczyna\u0144 w\u0142adzy d\u0105\u017c\u0105cej do pe\u0142nej kontroli nad s\u0105dami, zamiast trwa\u0107 na stra\u017cy ich niezawis\u0142o\u015bci \u2013 wyja\u015bnia profesor Fryderyk Zoll, prawnik i wiceprzewodnicz\u0105cy Komitetu Obrony Demokracji regionu Ma\u0142opolska. \u2013 W S\u0105dzie Najwy\u017cszym niezawi\u015bli s\u0119dziowie zostan\u0105 usuni\u0119ci w przedwczesny stan spoczynku, aby zwolni\u0107 miejsce dla nowych ludzi, gotowych realizowa\u0107 wytyczne partii uosabianej przez jej prezesa. Na to nie mo\u017cemy pozwoli\u0107. Od niezale\u017cnych s\u0105d\u00f3w zale\u017c\u0105 wolne wybory, zale\u017cy wolno\u015b\u0107 ka\u017cdego z nas.<\/p>\n<p>Bez wolnych s\u0105d\u00f3w i wolnych wybor\u00f3w nie b\u0119dzie wolnej Polski. Na s\u0105siaduj\u0105cej z nami Bia\u0142orusi najpierw przej\u0119to instytucje, p\u00f3\u017aniej zacz\u0119to fa\u0142szowa\u0107 wybory. Ostatnie niezmanipulowane g\u0142osowanie odby\u0142o si\u0119 tam 21 lat temu. Od tego czasu Bia\u0142orusi\u0105 rz\u0105dzi \u0141ukaszenko. Nie chcemy, by ten scenariusz potwierdzi\u0142 si\u0119 r\u00f3wnie\u017c w Polsce. Nasze miejsce jest w demokratycznej Europie, gdzie politycy nie maj\u0105 mo\u017cliwo\u015bci wp\u0142ywu na orzekanie s\u0105d\u00f3w czy przeprowadzanie wybor\u00f3w.<\/p>\n<p>Fryderyk Zoll dodaje:<\/p>\n<p>\u2013 Nie chowajmy si\u0119 w domach, poka\u017cmy nas sprzeciw wobec\u00a0 pragn\u0105cej nas zniewoli\u0107 w\u0142adzy. Celem tego zgromadzenia nie jest obrona kt\u00f3rego\u015b z s\u0119dzi\u00f3w, ale obrona samej wolno\u015bci, idei wolno\u015bci i niezale\u017cno\u015bci. Zr\u00f3bmy wszystko, by Polska pozosta\u0142a w Europie. Bez niezale\u017cnych s\u0105d\u00f3w to si\u0119 nie uda. W\u0142adza liczy na to, \u017ce ju\u017c znudzi\u0142y si\u0119 nam ci\u0105g\u0142e protesty, \u017ce przywykli\u015bmy do odbierania nam wolno\u015bci kawa\u0142ek po kawa\u0142ku. Liczy na to, \u017ce sami przed sob\u0105 usprawiedliwimy sw\u00f3j brak zaanga\u017cowania, wynajduj\u0105c rozmaite wym\u00f3wki, cho\u0107by tak\u0105, \u017ce partie opozycyjne s\u0105 s\u0142abe, a ich liderzy nie do\u015b\u0107 charyzmatyczni. Ale usprawiedliwiaj\u0105c si\u0119 w ten spos\u00f3b, nie zyskamy nic, za to straci\u0107 mo\u017cemy du\u017co \u2013 najwi\u0119cej, bo sam\u0105 wolno\u015b\u0107. I nie b\u0119d\u0105 do tego potrzebne wrogie wojska czy mi\u0119dzynarodowe intrygi. Wystarczy nasza bierno\u015b\u0107. Dlatego do\u015b\u0107 snu! Obud\u017amy si\u0119 i chod\u017amy broni\u0107 naszego pa\u0144stwa, naszych s\u0105d\u00f3w, naszej przysz\u0142o\u015bci!<\/p>\n<p>Pi\u0105tkowy protest ma przebiega\u0107 w atmosferze zadumy i powagi. Ma by\u0107 ponadpartyjny, bo w sytuacji zagro\u017cenia demokracji podzia\u0142 na partie traci znaczenie.<\/p>\n<p>Spotykamy si\u0119 24 listopada na Rynku G\u0142\u00f3wnym w Krakowie. Pocz\u0105tek zaplanowano na godzin\u0119 19. Tego samego dnia podobne demonstracje odb\u0119d\u0105 si\u0119 w wielu miastach Polski.<\/p>\n<p>Wydarzenie wsp\u00f3\u0142organizuj\u0105 KOD Ma\u0142opolska oraz Nowoczesna Ma\u0142opolska.<\/p>\n","protected":false},"excerpt":{"rendered":"<p>Parlament znowu pr\u00f3buje upartyjni\u0107 s\u0105dy, a tym samym odebra\u0107 im mo\u017cliwo\u015b\u0107 obrony obywateli przed w\u0142adz\u0105. Wyra\u017amy sprzeciw! Przyjd\u017amy w pi\u0105tek [&#8230;]<\/p>\n","protected":false},"author":26,"featured_media":8365,"comment_status":"closed","ping_status":"open","sticky":false,"template":"","format":"standard","meta":{"_EventAllDay":false,"_EventTimezone":"","_EventStartDate":"","_EventEndDate":"","_EventStartDateUTC":"","_EventEndDateUTC":"","_EventShowMap":false,"_EventShowMapLink":false,"_EventURL":"","_EventCost":"","_EventCostDescription":"","_EventCurrencySymbol":"","_EventCurrencyCode":"","_EventCurrencyPosition":"","_EventDateTimeSeparator":"","_EventTimeRangeSeparator":"","_EventOrganizerID":[],"_EventVenueID":[],"_OrganizerEmail":"","_OrganizerPhone":"","_OrganizerWebsite":"","_VenueAddress":"","_VenueCity":"","_VenueCountry":"","_VenueProvince":"","_VenueState":"","_VenueZip":"","_VenuePhone":"","_VenueURL":"","_VenueStateProvince":"","_VenueLat":"","_VenueLng":"","_VenueShowMap":false,"_VenueShowMapLink":false,"footnotes":""},"categories":[30],"tags":[317,217,171,348,347,443,444],"class_list":["post-8364","post","type-post","status-publish","format-standard","has-post-thumbnail","hentry","category-zapowiedzi-krakow","tag-nowoczesna","tag-demonstracja","tag-kod","tag-prawo","tag-sad","tag-sady","tag-ustawa","zapowiedzi-krakow"],"_links":{"self":[{"href":"https:\/\/kodmalopolska.pl\/index.php?rest_route=\/wp\/v2\/posts\/8364","targetHints":{"allow":["GET"]}}],"collection":[{"href":"https:\/\/kodmalopolska.pl\/index.php?rest_route=\/wp\/v2\/posts"}],"about":[{"href":"https:\/\/kodmalopolska.pl\/index.php?rest_route=\/wp\/v2\/types\/post"}],"author":[{"embeddable":true,"href":"https:\/\/kodmalopolska.pl\/index.php?rest_route=\/wp\/v2\/users\/26"}],"replies":[{"embeddable":true,"href":"https:\/\/kodmalopolska.pl\/index.php?rest_route=%2Fwp%2Fv2%2Fcomments&post=8364"}],"version-history":[{"count":0,"href":"https:\/\/kodmalopolska.pl\/index.php?rest_route=\/wp\/v2\/posts\/8364\/revisions"}],"wp:featuredmedia":[{"embeddable":true,"href":"https:\/\/kodmalopolska.pl\/index.php?rest_route=\/wp\/v2\/media\/8365"}],"wp:attachment":[{"href":"https:\/\/kodmalopolska.pl\/index.php?rest_route=%2Fwp%2Fv2%2Fmedia&parent=8364"}],"wp:term":[{"taxonomy":"category","embeddable":true,"href":"https:\/\/kodmalopolska.pl\/index.php?rest_route=%2Fwp%2Fv2%2Fcategories&post=8364"},{"taxonomy":"post_tag","embeddable":true,"href":"https:\/\/kodmalopolska.pl\/index.php?rest_route=%2Fwp%2Fv2%2Ftags&post=8364"}],"curies":[{"name":"wp","href":"https:\/\/api.w.org\/{rel}","templated":true}]}}