{"id":7990,"date":"2017-10-23T21:37:14","date_gmt":"2017-10-23T19:37:14","guid":{"rendered":"https:\/\/kodmalopolska.pl\/?p=7990"},"modified":"2017-10-23T21:37:59","modified_gmt":"2017-10-23T19:37:59","slug":"komunikat-zarzadu-kod-myslenice","status":"publish","type":"post","link":"https:\/\/kodmalopolska.pl\/?p=7990","title":{"rendered":"Komunikat Zarz\u0105du KOD My\u015blenice"},"content":{"rendered":"<p>Uchwa\u0142a Zarz\u0105du My\u015blenickiej Grupy Lokalnej KOD<br \/>\nw sprawie poparcia dla protestu rezydent\u00f3w i pacjent\u00f3w<\/p>\n<p>&nbsp;<\/p>\n<p>Wyra\u017camy poparcie dla lekarzy rezydent\u00f3w oraz przedstawicieli zawod\u00f3w medycznych prowadz\u0105cych akcj\u0119 protestacyjn\u0105. W pe\u0142ni popieramy przedstawiane przez nich postulaty, kt\u00f3re maj\u0105 na celu realizacj\u0119 konstytucyjnego prawa do ochrony zdrowia.<\/p>\n<p>\u017byczymy protestuj\u0105cym wytrwa\u0142o\u015bci w walce o wprowadzenie normalno\u015bci do polskiej ochrony zdrowia, a polskim pacjentom jak najszybszej mo\u017cliwo\u015bci skorzystania z efekt\u00f3w tych zmian.<\/p>\n<p>Popieramy protest pacjent\u00f3w zaplanowany na 28 pa\u017adziernika 2017 w Krakowie. Wzywamy wszystkich do wzi\u0119cia udzia\u0142u w prote\u015bcie.<\/p>\n<p>Zarz\u0105d My\u015blenickiej Grupy Lokalnej KOD<\/p>\n<p>&nbsp;<\/p>\n<p>Link do uchwa\u0142y [<a href=\"https:\/\/kodmalopolska.pl\/wp-content\/uploads\/2017\/05\/ZGLMY%C5%9A-2017-10-2.pdf\">klik<\/a>]\n","protected":false},"excerpt":{"rendered":"<p>Uchwa\u0142a Zarz\u0105du My\u015blenickiej Grupy Lokalnej KOD w sprawie poparcia dla protestu rezydent\u00f3w i pacjent\u00f3w &nbsp; Wyra\u017camy poparcie dla lekarzy rezydent\u00f3w [&#8230;]<\/p>\n","protected":false},"author":24,"featured_media":7991,"comment_status":"closed","ping_status":"open","sticky":false,"template":"","format":"standard","meta":{"_EventAllDay":false,"_EventTimezone":"","_EventStartDate":"","_EventEndDate":"","_EventStartDateUTC":"","_EventEndDateUTC":"","_EventShowMap":false,"_EventShowMapLink":false,"_EventURL":"","_EventCost":"","_EventCostDescription":"","_EventCurrencySymbol":"","_EventCurrencyCode":"","_EventCurrencyPosition":"","_EventDateTimeSeparator":"","_EventTimeRangeSeparator":"","_EventOrganizerID":[],"_EventVenueID":[],"_OrganizerEmail":"","_OrganizerPhone":"","_OrganizerWebsite":"","_VenueAddress":"","_VenueCity":"","_VenueCountry":"","_VenueProvince":"","_VenueState":"","_VenueZip":"","_VenuePhone":"","_VenueURL":"","_VenueStateProvince":"","_VenueLat":"","_VenueLng":"","_VenueShowMap":false,"_VenueShowMapLink":false,"footnotes":""},"categories":[328],"tags":[],"class_list":["post-7990","post","type-post","status-publish","format-standard","has-post-thumbnail","hentry","category-info-mce","info-mce"],"_links":{"self":[{"href":"https:\/\/kodmalopolska.pl\/index.php?rest_route=\/wp\/v2\/posts\/7990","targetHints":{"allow":["GET"]}}],"collection":[{"href":"https:\/\/kodmalopolska.pl\/index.php?rest_route=\/wp\/v2\/posts"}],"about":[{"href":"https:\/\/kodmalopolska.pl\/index.php?rest_route=\/wp\/v2\/types\/post"}],"author":[{"embeddable":true,"href":"https:\/\/kodmalopolska.pl\/index.php?rest_route=\/wp\/v2\/users\/24"}],"replies":[{"embeddable":true,"href":"https:\/\/kodmalopolska.pl\/index.php?rest_route=%2Fwp%2Fv2%2Fcomments&post=7990"}],"version-history":[{"count":0,"href":"https:\/\/kodmalopolska.pl\/index.php?rest_route=\/wp\/v2\/posts\/7990\/revisions"}],"wp:featuredmedia":[{"embeddable":true,"href":"https:\/\/kodmalopolska.pl\/index.php?rest_route=\/wp\/v2\/media\/7991"}],"wp:attachment":[{"href":"https:\/\/kodmalopolska.pl\/index.php?rest_route=%2Fwp%2Fv2%2Fmedia&parent=7990"}],"wp:term":[{"taxonomy":"category","embeddable":true,"href":"https:\/\/kodmalopolska.pl\/index.php?rest_route=%2Fwp%2Fv2%2Fcategories&post=7990"},{"taxonomy":"post_tag","embeddable":true,"href":"https:\/\/kodmalopolska.pl\/index.php?rest_route=%2Fwp%2Fv2%2Ftags&post=7990"}],"curies":[{"name":"wp","href":"https:\/\/api.w.org\/{rel}","templated":true}]}}