{"id":7959,"date":"2017-10-22T19:37:56","date_gmt":"2017-10-22T17:37:56","guid":{"rendered":"https:\/\/kodmalopolska.pl\/?p=7959"},"modified":"2017-10-22T19:37:56","modified_gmt":"2017-10-22T17:37:56","slug":"wolnosci-oddac-nie-umiem","status":"publish","type":"post","link":"https:\/\/kodmalopolska.pl\/?p=7959","title":{"rendered":"Wolno\u015bci odda\u0107 nie umiem"},"content":{"rendered":"<p>Z szacunku do cz\u0142owieka, kt\u00f3ry w akcie sprzeciwu wobec \u0142amania zasad demokracji przez rz\u0105dz\u0105c\u0105 parti\u0119, w czwartek 19 pa\u017adziernika podpali\u0142 si\u0119 pod Pa\u0142acem Kultury i Nauki w Warszawie, publikujemy pozostawiony przez niego list.<\/p>\n<ol>\n<li>Protestuj\u0119 przeciwko ograniczaniu przez w\u0142adze wolno\u015bci obywatelskich.<br \/>\n2. Protestuj\u0119 przeciwko \u0142amaniu przez rz\u0105dz\u0105cych zasad demokracji w szczeg\u00f3lno\u015bci przeciwko zniszczeniu (w praktyce) Trybuna\u0142u Konstytucyjnego i niszczeniu systemu niezale\u017cnych s\u0105d\u00f3w.<br \/>\n3. Protestuj\u0119 przeciwko \u0142amaniu przez w\u0142adz\u0119 prawa, w szczeg\u00f3lno\u015bci Konstytucji RP. Protestuj\u0119 przeciwko temu, aby ci, kt\u00f3rzy s\u0105 za to odpowiedzialni (m.in. Prezydent) podejmowali jakikolwiek dzia\u0142ania w kierunku zmian w obecnej konstytucji &#8211; najpierw niech przestrzegaj\u0105 tej, kt\u00f3ra obecnie obowi\u0105zuje.<br \/>\n4. Protestuj\u0119 przeciwko takiemu sprawowaniu w\u0142adzy, \u017ce osoby na najwy\u017cszych stanowiskach w pa\u0144stwie realizuj\u0105 polecenia wydawane przez bli\u017cej nieokre\u015blone centrum decyzyjne zwi\u0105zane z prezesem PiS, nieponosz\u0105ce za swoje decyzje odpowiedzialno\u015bci. Protestuj\u0119 przeciwko takiej pracy w Sejmie, kiedy ustawy tworzone s\u0105 w po\u015bpiechu, bez dyskusji i odpowiednich konsultacji, cz\u0119sto po nocach, a potem musz\u0105 by\u0107 prawie od razu poprawiane.<br \/>\n5. Protestuje przeciwko marginalizowaniu roli Polski na arenie mi\u0119dzynarodowej i o\u015bmieszaniu naszego kraju.<br \/>\n6. Protestuj\u0119 przeciwko niszczeniu przyrody, szczeg\u00f3lnie przez tych, kt\u00f3rzy maj\u0105 j\u0105 broni\u0107 (wycinka Puszczy Bia\u0142owieskiej i innych obszar\u00f3w cennych przyrodniczo, forowanie lobby \u0142owieckiego, promowanie energetyki opartej na w\u0119glu).<br \/>\n7. Protestuj\u0119 przeciwko dzieleniu umacnianiu i pog\u0142\u0119bianiu tych podzia\u0142\u00f3w. W szczeg\u00f3lno\u015bci protestuj\u0119 przeciwko budowaniu &#8222;religii smole\u0144skiej&#8221; i na tym tle dzieleniu ludzi. Protestuj\u0119 przeciwko seansom nienawi\u015bci, jakimi sta\u0142y si\u0119 &#8222;miesi\u0119cznice smole\u0144skie&#8221;, przeciwko j\u0119zykowi ksenofobii i nienawi\u015bci wprowadzanemu przez w\u0142adze do debaty publicznej.<br \/>\n8. Protestuj\u0119 przeciwko obsadzaniu wszystkich mo\u017cliwych do obsadzenia stanowisk swoimi lud\u017ami, kt\u00f3rzy w wi\u0119kszo\u015bci nie maj\u0105 odpowiednich kwalifikacji.<br \/>\n9. Protestuj\u0119 przeciwko pomniejszaniu dokona\u0144, obrzucaniu b\u0142otem i niszczeniu autorytet\u00f3w, takich jak Lech Wa\u0142\u0119sa, czy byli prezesi TK.<br \/>\n10. Protestuj\u0119 przeciwko nadmiernej centralizacji pa\u0144stwa i zmianom prawa dotycz\u0105cego samorz\u0105d\u00f3w i organizacji pozarz\u0105dowych zgodnie z dora\u017anymi potrzebami politycznymi rz\u0105dz\u0105cej partii.<br \/>\n11. Protestuj\u0119 przeciwko wrogiemu stosunkowi w\u0142adzy do imigrant\u00f3w oraz przeciw dyskryminacji r\u00f3\u017cnych grup mniejszo\u015bciowych: kobiet, os\u00f3b homoseksualnych i innych LGBT, muzu\u0142man\u00f3w i innych.<br \/>\n12. Protestuj\u0119 przeciwko ca\u0142kowitemu ubezw\u0142asnowolnieniu telewizji publicznej i niemal ca\u0142ego radia i robieniu z nich tub propagandowych w\u0142adzy. Szczeg\u00f3lnie boli mnie niszczenie (na szcz\u0119\u015bcie jeszcze nie ca\u0142kowite) Tr\u00f3jki &#8211; radia, kt\u00f3rego s\u0142ucham od czas\u00f3w m\u0142odo\u015bci.<br \/>\n13. Protestuj\u0119 przeciwko wykorzystywaniu s\u0142u\u017cb specjalnych, policji i prokuratury do realizacji swoich w\u0142asnych (partyjnych b\u0105d\u017a prywatnych) cel\u00f3w.<br \/>\n14. Protestuj\u0119 przeciwko nieprzemy\u015blanej, niekonsultowanej i nieprzygotowanej reformie o\u015bwiaty.<br \/>\n15. Protestuj\u0119 przeciwko ignorowaniu ogromnych protest\u00f3w s\u0142u\u017cby zdrowia.Protest\u00f3w pod adresom obecnych w\u0142adz m\u00f3g\u0142bym sformu\u0142owa\u0107 du\u017co wi\u0119cej, ale skoncentrowa\u0142em si\u0119 na tych. kt\u00f3re s\u0105 najbardziej istotne, godz\u0105ce w istnienie i funkcjonowanie ca\u0142ego pa\u0144stwa i spo\u0142ecze\u0144stwa.<br \/>\nNie kieruj\u0119 \u017cadnych wezwa\u0144 pod adresom obecnych w\u0142adz, gdy\u017c uwa\u017cam, \u017ce nic by to nie da\u0142o. Wiele os\u00f3b m\u0105drzejszych i bardziej znanych ode mnie, podobnie jak wiele instytucji polskich i europejskich wzywa\u0142o ju\u017c t\u0119 w\u0142adz\u0119 do r\u00f3\u017cnych dzia\u0142a\u0144 i niezmiennie te apele by\u0142y ignorowane, a wzywaj\u0105cy obrzucani b\u0142otom. Najpewniej i ja za to, co zrobi\u0142em te\u017c takim b\u0142otem zostan\u0119 obrzucony. Ale przynajmniej b\u0119d\u0119 w dobrym towarzystwie.<br \/>\nNatomiast chcia\u0142bym, aby prezes PiS i PiS-owska nomenklatura przyj\u0119\u0142a do wiadomo\u015bci, \u017ce moja \u015bmier\u0107 bezpo\u015brednio ich obci\u0105\u017ca, i \u017ce maj\u0105 moj\u0105 krew na swoich r\u0119kach.<br \/>\nWezwanie swoje kieruj\u0119 do wszystkich Polek i Polak\u00f3w, tych kt\u00f3rzy decyduj\u0105 o tym kto rz\u0105dzi w Polsce, aby przeciwstawili si\u0119 temu co robi obecna w\u0142adza i przeciwko czemu ja protestuj\u0119. I nie dajcie si\u0119 zwie\u015b\u0107 temu, \u017ce co jaki\u015b czas dzia\u0142alno\u015b\u0107 w\u0142adz uspokaja si\u0119 i daje poz\u00f3r normalno\u015bci (jak cho\u0107by ostatnio) &#8211; za kilka dni czy tygodni znowu b\u0119d\u0105 kontynuowa\u0107 ofensyw\u0119, znowu b\u0119d\u0105 \u0142ama\u0107 prawo. I nigdy nie cofn\u0105 si\u0119 i nie oddadz\u0105 tego co ju\u017c raz zdobyli.<\/p>\n<p>Wprawdzie to ju\u017c do\u015b\u0107 wy\u015bwiechtane powiedzenie, ale bardzo tutaj pasuje: Je\u015bli nie my, to kto? Kto jak nie my, obywatele ma zrobi\u0107 porz\u0105dek w naszym kraju? Je\u015bli nie teraz, to kiedy?<br \/>\nKa\u017cda chwila zw\u0142oki powoduje, \u017ce sytuacja w kraju staje si\u0119 coraz trudniejsza i coraz trudniej b\u0119dzie wszystko naprawi\u0107.<br \/>\nPrzede wszystkim wzywam, aby przebudzili si\u0119 ci, kt\u00f3rzy popieraj\u0105 PiS \u2013 nawet je\u015bli podobaj\u0105 si\u0119 wam postulaty PiS-u, to we\u017acie pod uwag\u0119. \u017ce nie ka\u017cdy spos\u00f3b ich realizacji jest dopuszczalny. Realizujcie swoje pomys\u0142y w ramach demokratycznego pa\u0144stwa prawa, a nie w taki spos\u00f3b jak obecnie.<br \/>\nTych, kt\u00f3rzy nie popieraj\u0105 PiS, bo polityka jest im oboj\u0119tna albo maj\u0105 inne preferencje, wzywam do dzia\u0142ania \u2013 nie wystarczy czeka\u0107 na to co czas przyniesie, nie wystarczy wyra\u017ca\u0107 niezadowolenia w gronie znajomych, trzeba dzia\u0142a\u0107. A form mo\u017cliwo\u015bci jest naprawd\u0119 du\u017co.<br \/>\nProsz\u0119 was jednak, pami\u0119tajcie, \u017ce wyborcy PiS to nasze matki, bracia, s\u0105siedzi, przyjaciele i koledzy. Nie chodzi o to \u017ceby toczy\u0107 z nimi wojn\u0119 (tego w\u0142a\u015bnie by chcia\u0142 PiS) ani \u201enawr\u00f3ci\u0107 ich\u201d (bo to naiwne), ale o to, aby swoje pogl\u0105dy realizowali zgodnie z prawem i zasadami demokracji. By\u0107 mo\u017ce wystarczy zmiana kierownictwa partii.<br \/>\nJa, zwyk\u0142y, szary cz\u0142owiek, taki jak wy, wzywam was wszystkich \u2013 nie czekajcie d\u0142u\u017cej. Trzeba zmieni\u0107 t\u0119 w\u0142adz\u0119 jak najszybciej, zanim doszcz\u0119tnie zniszczy nasz kraj; zanim ca\u0142kowicie pozbawi nas wolno\u015bci.<br \/>\nA ja wolno\u015b\u0107 kocham ponad wszystko. Dlatego postanowi\u0142em dokona\u0107 samospalenia i mam nadziej\u0119, \u017ce moja \u015bmier\u0107 wstrz\u0105\u015bnie sumieniami wielu os\u00f3b, \u017ce spo\u0142ecze\u0144stwo si\u0119 obudzi i \u017ce nie b\u0119dziecie czeka\u0107, a\u017c wszystko zrobi\u0105 za was politycy \u2013 bo nic nie zrobi\u0105!<br \/>\nObud\u017acie si\u0119! Jeszcze nie jest za p\u00f3\u017ano!<\/li>\n<\/ol>\n","protected":false},"excerpt":{"rendered":"<p>Z szacunku do cz\u0142owieka, kt\u00f3ry w akcie sprzeciwu wobec \u0142amania zasad demokracji przez rz\u0105dz\u0105c\u0105 parti\u0119, w czwartek 19 pa\u017adziernika podpali\u0142 [&#8230;]<\/p>\n","protected":false},"author":26,"featured_media":0,"comment_status":"closed","ping_status":"open","sticky":false,"template":"","format":"standard","meta":{"_EventAllDay":false,"_EventTimezone":"","_EventStartDate":"","_EventEndDate":"","_EventStartDateUTC":"","_EventEndDateUTC":"","_EventShowMap":false,"_EventShowMapLink":false,"_EventURL":"","_EventCost":"","_EventCostDescription":"","_EventCurrencySymbol":"","_EventCurrencyCode":"","_EventCurrencyPosition":"","_EventDateTimeSeparator":"","_EventTimeRangeSeparator":"","_EventOrganizerID":[],"_EventVenueID":[],"_OrganizerEmail":"","_OrganizerPhone":"","_OrganizerWebsite":"","_VenueAddress":"","_VenueCity":"","_VenueCountry":"","_VenueProvince":"","_VenueState":"","_VenueZip":"","_VenuePhone":"","_VenueURL":"","_VenueStateProvince":"","_VenueLat":"","_VenueLng":"","_VenueShowMap":false,"_VenueShowMapLink":false,"footnotes":""},"categories":[1,303],"tags":[392,326,391,389,314,390],"class_list":["post-7959","post","type-post","status-publish","format-standard","hentry","category-bez-kategorii","category-polecane","tag-akt-sprzeciwu","tag-pis","tag-pkin","tag-podpalenie","tag-protest","tag-samospalenie","bez-kategorii","polecane"],"_links":{"self":[{"href":"https:\/\/kodmalopolska.pl\/index.php?rest_route=\/wp\/v2\/posts\/7959","targetHints":{"allow":["GET"]}}],"collection":[{"href":"https:\/\/kodmalopolska.pl\/index.php?rest_route=\/wp\/v2\/posts"}],"about":[{"href":"https:\/\/kodmalopolska.pl\/index.php?rest_route=\/wp\/v2\/types\/post"}],"author":[{"embeddable":true,"href":"https:\/\/kodmalopolska.pl\/index.php?rest_route=\/wp\/v2\/users\/26"}],"replies":[{"embeddable":true,"href":"https:\/\/kodmalopolska.pl\/index.php?rest_route=%2Fwp%2Fv2%2Fcomments&post=7959"}],"version-history":[{"count":0,"href":"https:\/\/kodmalopolska.pl\/index.php?rest_route=\/wp\/v2\/posts\/7959\/revisions"}],"wp:attachment":[{"href":"https:\/\/kodmalopolska.pl\/index.php?rest_route=%2Fwp%2Fv2%2Fmedia&parent=7959"}],"wp:term":[{"taxonomy":"category","embeddable":true,"href":"https:\/\/kodmalopolska.pl\/index.php?rest_route=%2Fwp%2Fv2%2Fcategories&post=7959"},{"taxonomy":"post_tag","embeddable":true,"href":"https:\/\/kodmalopolska.pl\/index.php?rest_route=%2Fwp%2Fv2%2Ftags&post=7959"}],"curies":[{"name":"wp","href":"https:\/\/api.w.org\/{rel}","templated":true}]}}