{"id":7942,"date":"2017-10-16T22:37:12","date_gmt":"2017-10-16T20:37:12","guid":{"rendered":"https:\/\/kodmalopolska.pl\/?p=7942"},"modified":"2017-10-16T22:37:12","modified_gmt":"2017-10-16T20:37:12","slug":"miedzy-sedzia-a-obywatelem","status":"publish","type":"post","link":"https:\/\/kodmalopolska.pl\/?p=7942","title":{"rendered":"Mi\u0119dzy s\u0119dzi\u0105 a obywatelem"},"content":{"rendered":"<p><img loading=\"lazy\" decoding=\"async\" class=\"aligncenter size-full wp-image-7943\" src=\"https:\/\/kodmalopolska.pl\/wp-content\/uploads\/2017\/10\/tem..jpg\" alt=\"\" width=\"960\" height=\"639\" srcset=\"https:\/\/kodmalopolska.pl\/wp-content\/uploads\/2017\/10\/tem..jpg 960w, https:\/\/kodmalopolska.pl\/wp-content\/uploads\/2017\/10\/tem.-400x266.jpg 400w, https:\/\/kodmalopolska.pl\/wp-content\/uploads\/2017\/10\/tem.-740x493.jpg 740w\" sizes=\"auto, (max-width: 960px) 100vw, 960px\" \/><\/p>\n<p>Dlaczego procesy s\u0105dowe trwaj\u0105 tak d\u0142ugo, kto kontroluje s\u0119dzi\u00f3w i w jaki spos\u00f3b przydzielane s\u0105 poszczeg\u00f3lne sprawy s\u0105dowe &#8211; te i wiele innych pyta\u0144 pad\u0142o na spotkaniu inauguruj\u0105cym cykl &#8222;Oko w oko z Temid\u0105&#8221;, kt\u00f3re odby\u0142o si\u0119 w poniedzia\u0142ek 16 pa\u017adziernika w sali rozpraw krakowskiego S\u0105du Okr\u0119gowego. &#8211; Obywatel musi by\u0107 \u015bwiadomy swoich praw, by m\u00f3c je egzekwowa\u0107 &#8211; m\u00f3wi\u0142a do zgromadzonych prezes S\u0105du Okr\u0119gowego w Krakowie Beata Morawiec.<\/p>\n","protected":false},"excerpt":{"rendered":"<p>Dlaczego procesy s\u0105dowe trwaj\u0105 tak d\u0142ugo, kto kontroluje s\u0119dzi\u00f3w i w jaki spos\u00f3b przydzielane s\u0105 poszczeg\u00f3lne sprawy s\u0105dowe &#8211; te [&#8230;]<\/p>\n","protected":false},"author":26,"featured_media":0,"comment_status":"closed","ping_status":"open","sticky":false,"template":"","format":"standard","meta":{"_EventAllDay":false,"_EventTimezone":"","_EventStartDate":"","_EventEndDate":"","_EventStartDateUTC":"","_EventEndDateUTC":"","_EventShowMap":false,"_EventShowMapLink":false,"_EventURL":"","_EventCost":"","_EventCostDescription":"","_EventCurrencySymbol":"","_EventCurrencyCode":"","_EventCurrencyPosition":"","_EventDateTimeSeparator":"","_EventTimeRangeSeparator":"","_EventOrganizerID":[],"_EventVenueID":[],"_OrganizerEmail":"","_OrganizerPhone":"","_OrganizerWebsite":"","_VenueAddress":"","_VenueCity":"","_VenueCountry":"","_VenueProvince":"","_VenueState":"","_VenueZip":"","_VenuePhone":"","_VenueURL":"","_VenueStateProvince":"","_VenueLat":"","_VenueLng":"","_VenueShowMap":false,"_VenueShowMapLink":false,"footnotes":""},"categories":[28,354,31],"tags":[348,347,386,107,383],"class_list":["post-7942","post","type-post","status-publish","format-standard","hentry","category-malopolskie-news","category-dzialania-wspierane-przez-kod-mlp","category-relacje-krakow","tag-prawo","tag-sad","tag-sedzia","tag-spotkanie","tag-temida","malopolskie-news","dzialania-wspierane-przez-kod-mlp","relacje-krakow"],"_links":{"self":[{"href":"https:\/\/kodmalopolska.pl\/index.php?rest_route=\/wp\/v2\/posts\/7942","targetHints":{"allow":["GET"]}}],"collection":[{"href":"https:\/\/kodmalopolska.pl\/index.php?rest_route=\/wp\/v2\/posts"}],"about":[{"href":"https:\/\/kodmalopolska.pl\/index.php?rest_route=\/wp\/v2\/types\/post"}],"author":[{"embeddable":true,"href":"https:\/\/kodmalopolska.pl\/index.php?rest_route=\/wp\/v2\/users\/26"}],"replies":[{"embeddable":true,"href":"https:\/\/kodmalopolska.pl\/index.php?rest_route=%2Fwp%2Fv2%2Fcomments&post=7942"}],"version-history":[{"count":0,"href":"https:\/\/kodmalopolska.pl\/index.php?rest_route=\/wp\/v2\/posts\/7942\/revisions"}],"wp:attachment":[{"href":"https:\/\/kodmalopolska.pl\/index.php?rest_route=%2Fwp%2Fv2%2Fmedia&parent=7942"}],"wp:term":[{"taxonomy":"category","embeddable":true,"href":"https:\/\/kodmalopolska.pl\/index.php?rest_route=%2Fwp%2Fv2%2Fcategories&post=7942"},{"taxonomy":"post_tag","embeddable":true,"href":"https:\/\/kodmalopolska.pl\/index.php?rest_route=%2Fwp%2Fv2%2Ftags&post=7942"}],"curies":[{"name":"wp","href":"https:\/\/api.w.org\/{rel}","templated":true}]}}