{"id":7889,"date":"2017-10-07T19:33:36","date_gmt":"2017-10-07T17:33:36","guid":{"rendered":"https:\/\/kodmalopolska.pl\/?p=7889"},"modified":"2017-10-07T19:48:14","modified_gmt":"2017-10-07T17:48:14","slug":"ulicami-oswiecimia-przeszedl-marsz-antyfaszystowski","status":"publish","type":"post","link":"https:\/\/kodmalopolska.pl\/?p=7889","title":{"rendered":"Ulicami O\u015bwi\u0119cimia przeszed\u0142 Marsz Antyfaszystowski"},"content":{"rendered":"<p><img loading=\"lazy\" decoding=\"async\" class=\"aligncenter size-large wp-image-7890\" src=\"https:\/\/kodmalopolska.pl\/wp-content\/uploads\/2017\/10\/osw.-1024x644.jpg\" alt=\"\" width=\"1024\" height=\"644\" srcset=\"https:\/\/kodmalopolska.pl\/wp-content\/uploads\/2017\/10\/osw.-1024x644.jpg 1024w, https:\/\/kodmalopolska.pl\/wp-content\/uploads\/2017\/10\/osw.-400x252.jpg 400w, https:\/\/kodmalopolska.pl\/wp-content\/uploads\/2017\/10\/osw.-1536x966.jpg 1536w, https:\/\/kodmalopolska.pl\/wp-content\/uploads\/2017\/10\/osw.-2048x1289.jpg 2048w, https:\/\/kodmalopolska.pl\/wp-content\/uploads\/2017\/10\/osw.-scaled-740x466.jpg 740w\" sizes=\"auto, (max-width: 1024px) 100vw, 1024px\" \/><\/p>\n<p>Nacjonalizm to nie patriotyzm &#8211; takie has\u0142o przy\u015bwieca\u0142o uczestnikom sobotniego. &#8211; Wzrost niech\u0119ci do wszystkiego, co obce, odmienne, niepolskie, jest skutkiem kampanii nienawi\u015bci, kt\u00f3r\u0105 zorganizowa\u0142a partia rz\u0105dz\u0105ca, buduj\u0105c sw\u00f3j elektorat na obawie przez uchod\u017acami &#8211; m\u00f3wi\u0142a do zebranych przewodnicz\u0105ca ma\u0142opolskiego Komitetu Obrony Demokracji Danuta Czechmanowska.<\/p>\n<p>Cz\u0142onkowie organizacji i partii opozycyjnych oraz mieszka\u0144cy O\u015bwi\u0119cimia, wzi\u0119li udzia\u0142 w marszu, kt\u00f3ry mia\u0142 przypomnie\u0107, \u017ce nacjonalizm i faszyzm nie s\u0105 drog\u0105, kt\u00f3r\u0105 warto pod\u0105\u017ca\u0107. Marsz by\u0142 reakcj\u0105 na wydarzenia z\u00a0 26 sierpnia, kiedy to podczas happeningu, &#8222;Jezus te\u017c by\u0142 uchod\u017ac\u0105&#8221;, w trakcie odczytywania wiersza Warsan Shire, kt\u00f3ra opisuje okrucie\u0144stwa wojny w swoim kraju, kilkunastu m\u0142odych ludzi ubranych na czarno zaatakowa\u0142o werbalnie oraz za pomoc\u0105 petard i jajek uczestnik\u00f3w happeningu.\u00a0To by\u0142o wydarzenie, po kt\u00f3rym my, cz\u0142onkowie i sympatycy Komitetu Obrony Demokracji oraz innych organizacji i partii opozycyjnych, musieli\u015bmy stan\u0105\u0107 w obronie warto\u015bci, w kt\u00f3re wierzymy, a warto\u015bciami tymi s\u0105: wolno\u015b\u0107, r\u00f3wno\u015b\u0107 i demokracja.<\/p>\n<p>&#8211; Spotykamy si\u0119 dzi\u015b, bo sprzeciwiamy si\u0119 faszyzmowi. Spotykamy si\u0119 dzi\u015b, bo sprzeciwiamy si\u0119 ksenofobii, niech\u0119ci do os\u00f3b wyznaj\u0105cych religie inne ni\u017c katolicyzm, czy pochodz\u0105cych z kultur innych ni\u017c polska &#8211; m\u00f3wi\u0142 w imieniu organizacji i partii opozycyjnych Tadeusz Ku\u015b, wiceprzewodnicz\u0105cy Zarz\u0105du Regionu KOD Ma\u0142opolska. &#8211; Spotykamy si\u0119 dzi\u015b, bo chcemy zaprotestowa\u0107 wobec tego, co wydarzy\u0142o si\u0119 tu ponad miesi\u0105c temu kiedy chcieli\u015bmy rozmawia\u0107 o uchod\u017acach: m\u0142odzi ludzie ubrani na czarno zaatakowali cz\u0142onk\u00f3w i cz\u0142onkinie KOD, kiedy chcieli\u015bmy powiedzie\u0107, \u017ce &#8222;Jezus te\u017c by\u0142 uchod\u017ac\u0105\u201d. W ludzi, trzymaj\u0105cych tablice z has\u0142ami przeciw ksenofobii i rasizmowi, zosta\u0142y rzucone petardy hukowe i dymne oraz jajka. Ale nie przestraszyli\u015bmy si\u0119, dlatego jeste\u015bmy tu dzisiaj, bo tylko solidarno\u015b\u0107 mi\u0119dzyludzka mo\u017ce nam pom\u00f3c. Wspominamy J\u00f3zefa Pi\u0142sudskiego, ale czy pami\u0119tamy, \u017ce w wojsku pod jego dow\u00f3dztwem za Polsk\u0119 walczyli muzu\u0142manie? Prawdziwy patriotyzm nie ma nic wsp\u00f3lnego z nienawi\u015bci\u0105. Patriotyzm to dzia\u0142ania obywatelskie, patriotyzm to troska o s\u0142abszych, patriotyzm to p\u0142acenie podatk\u00f3w. Patriotyzm to dzia\u0142anie na rzecz zapewnienia ludziom podstawowego poziomu stabilno\u015bci i bezpiecze\u0144stwa, kt\u00f3re umo\u017cliwi\u0105 im uczestnictwo w \u017cyciu spo\u0142ecznym i politycznym Nie chcemy si\u0119 ba\u0107, kiedy upominamy si\u0119 o przestrzeganie podstawowych praw cz\u0142owieka.<\/p>\n<p>G\u0142os zabra\u0142a r\u00f3wnie\u017c Magdalena Kuk z Frontu M\u0142odych: &#8211; Ledwie kilka kilometr\u00f3w st\u0105d przed ponad 70 laty toczy\u0142a si\u0119 najtragiczniejsza historia w dziejach ludzko\u015bci, u pod\u0142o\u017ca kt\u00f3rej le\u017ca\u0142a nienawi\u015b\u0107 i poczucie wy\u017cszo\u015bci. Miejsce to jest \u015bwiadectwem tego, jak szybko lepsi i gorsi mog\u0105 zmieni\u0107 si\u0119 w oprawc\u00f3w i ich ofiary. Niestety pokazuje r\u00f3wnie\u017c, do czego doprowadza bierno\u015b\u0107, akceptacja skrajno\u015bci i totalna w\u0142adza. Naszym najwi\u0119kszym wyzwaniem dzisiaj jest odzyska\u0107 zaw\u0142aszczone przez prawicowych radyka\u0142\u00f3w poj\u0119cia, dla nas podstawowe i niezb\u0119dne. Poj\u0119cia takie jak: pa\u0144stwo, prawo, patriotyzm, historia i tradycja. Polska ludzi otwartych, tolerancyjnych, pe\u0142nych szacunku do drugiego cz\u0142owieka to Polska prawdziwych patriot\u00f3w.<\/p>\n<p>Danuta Czechmanowska, przewodnicz\u0105ca Zarz\u0105du KOD Ma\u0142opolska zwr\u00f3ci\u0142a uwag\u0119 na wzrost przest\u0119pczo\u015bci wynikaj\u0105cej z nawo\u0142ywania do nienawi\u015bci. &#8211; Coraz cz\u0119\u015bciej dowiadujemy si\u0119 z medi\u00f3w o agresji wobec os\u00f3b, kt\u00f3re maj\u0105 inny kolor sk\u00f3ry lub pos\u0142uguj\u0105 si\u0119 obcym j\u0119zykiem. Konsulat Ukrainy w Rzeszowie zosta\u0142\u00a0pokryty antyukrai\u0144skimi napisami. To jest rzeczywisto\u015b\u0107 w naszej wsp\u00f3lnej przestrzeni. Wzrost niech\u0119ci do wszystkiego, co obce, odmienne, niepolskie, jest skutkiem kampanii nienawi\u015bci, kt\u00f3r\u0105 zorganizowa\u0142a partia rz\u0105dz\u0105ca, buduj\u0105c sw\u00f3j elektorat na obawie przez uchod\u017acami. Ekstremalne \u015brodowiska M\u0142odzie\u017cy Wszechpolskiej, ONR oraz niekt\u00f3rych pos\u0142\u00f3w Kukiz 15, \u015bwietnie odnalaz\u0142y si\u0119 w tej atmosferze. M\u0142odzie\u017c, pozbawiona podstawowej wiedzy historycznej, odnalaz\u0142a w kampanii antyeuropejskiej i antyuchod\u017aczej przyzwolenie na agresj\u0119 fizyczn\u0105 i hejt w Internecie. Faszystowskie gesty, has\u0142a i programy , pomimo, \u017ce ich tre\u015bci nierzadko \u0142ami\u0105 art 13 Konstytucji, nie s\u0105 \u015bcigane przez powo\u0142ane do tego s\u0142u\u017cby. Dlatego Polacy, kt\u00f3rzy nie zgadzaj\u0105 si\u0119 z retoryk\u0105 organizacji faszyzuj\u0105cych, musz\u0105 protestowa\u0107. Je\u017celi nie reaguje w\u0142adza, spo\u0142ecze\u0144stwo musi samo si\u0119 organizowa\u0107 i protestowa\u0107, podpisywa\u0107 petycje, \u00a0uczestniczy\u0107 w takich marszach jak ten zorganizowany przez zjednoczon\u0105 opozycj\u0119 w O\u015bwi\u0119cimiu.<\/p>\n<p>Marsz zorganizowali: KOD Ma\u0142opolska, Platforma Obywatelska Ma\u0142opolska, Razem, .Nowoczesna, SLD, Partia Zieloni, (S)Prawa Kobiet, Queerowy Maj,<u>R\u00f3wno\u015b\u0107.org<\/u>, Krakowski Klub Obywatelski, Front M\u0142odych, Instytut Monteskiusza, Przegl\u0105d Demokratyczny, Unia Europejskich Demokrat\u00f3w<\/p>\n<p><a href=\"https:\/\/photos.google.com\/share\/AF1QipP7C-RbWiqNrtLIJAaRnD9NaOaUNoiYphFVzEZIPCnQN8Wph_daLBo7vMrK2tmLWQ?key=SE1SZ0JpVzh5MEk2bExXWUo1VG1HdE1td2g1c1NR\">Obejrzyj zdj\u0119cia z wydarzenia!<\/a><\/p>\n<p>&nbsp;<\/p>\n<p>&nbsp;<\/p>\n<p>&nbsp;<\/p>\n<p>&nbsp;<\/p>\n","protected":false},"excerpt":{"rendered":"<p>Nacjonalizm to nie patriotyzm &#8211; takie has\u0142o przy\u015bwieca\u0142o uczestnikom sobotniego. &#8211; Wzrost niech\u0119ci do wszystkiego, co obce, odmienne, niepolskie, jest [&#8230;]<\/p>\n","protected":false},"author":26,"featured_media":0,"comment_status":"closed","ping_status":"open","sticky":false,"template":"","format":"standard","meta":{"_EventAllDay":false,"_EventTimezone":"","_EventStartDate":"","_EventEndDate":"","_EventStartDateUTC":"","_EventEndDateUTC":"","_EventShowMap":false,"_EventShowMapLink":false,"_EventURL":"","_EventCost":"","_EventCostDescription":"","_EventCurrencySymbol":"","_EventCurrencyCode":"","_EventCurrencyPosition":"","_EventDateTimeSeparator":"","_EventTimeRangeSeparator":"","_EventOrganizerID":[],"_EventVenueID":[],"_OrganizerEmail":"","_OrganizerPhone":"","_OrganizerWebsite":"","_VenueAddress":"","_VenueCity":"","_VenueCountry":"","_VenueProvince":"","_VenueState":"","_VenueZip":"","_VenuePhone":"","_VenueURL":"","_VenueStateProvince":"","_VenueLat":"","_VenueLng":"","_VenueShowMap":false,"_VenueShowMapLink":false,"footnotes":""},"categories":[28,40,80],"tags":[171,297,124,365,367,372,147,371,308,173],"class_list":["post-7889","post","type-post","status-publish","format-standard","hentry","category-malopolskie-news","category-oswiecim-i-chrzanow-okregi","category-relacje-oswiecim-i-chrzanow","tag-kod","tag-kod-malopolska","tag-marsz","tag-marsz-antyfaszystowski","tag-nazizm","tag-opozycja","tag-oswiecim","tag-patriotyzm","tag-uchodzcy","tag-wazne","malopolskie-news","oswiecim-i-chrzanow-okregi","relacje-oswiecim-i-chrzanow"],"_links":{"self":[{"href":"https:\/\/kodmalopolska.pl\/index.php?rest_route=\/wp\/v2\/posts\/7889","targetHints":{"allow":["GET"]}}],"collection":[{"href":"https:\/\/kodmalopolska.pl\/index.php?rest_route=\/wp\/v2\/posts"}],"about":[{"href":"https:\/\/kodmalopolska.pl\/index.php?rest_route=\/wp\/v2\/types\/post"}],"author":[{"embeddable":true,"href":"https:\/\/kodmalopolska.pl\/index.php?rest_route=\/wp\/v2\/users\/26"}],"replies":[{"embeddable":true,"href":"https:\/\/kodmalopolska.pl\/index.php?rest_route=%2Fwp%2Fv2%2Fcomments&post=7889"}],"version-history":[{"count":0,"href":"https:\/\/kodmalopolska.pl\/index.php?rest_route=\/wp\/v2\/posts\/7889\/revisions"}],"wp:attachment":[{"href":"https:\/\/kodmalopolska.pl\/index.php?rest_route=%2Fwp%2Fv2%2Fmedia&parent=7889"}],"wp:term":[{"taxonomy":"category","embeddable":true,"href":"https:\/\/kodmalopolska.pl\/index.php?rest_route=%2Fwp%2Fv2%2Fcategories&post=7889"},{"taxonomy":"post_tag","embeddable":true,"href":"https:\/\/kodmalopolska.pl\/index.php?rest_route=%2Fwp%2Fv2%2Ftags&post=7889"}],"curies":[{"name":"wp","href":"https:\/\/api.w.org\/{rel}","templated":true}]}}