{"id":7882,"date":"2017-10-04T23:10:15","date_gmt":"2017-10-04T21:10:15","guid":{"rendered":"https:\/\/kodmalopolska.pl\/?p=7882"},"modified":"2017-11-09T12:22:58","modified_gmt":"2017-11-09T11:22:58","slug":"posel-nie-zostanie-ukarany-za-zniewazenie-polakow","status":"publish","type":"post","link":"https:\/\/kodmalopolska.pl\/?p=7882","title":{"rendered":"Pose\u0142 nie zostanie ukarany za zniewa\u017cenie Polak\u00f3w"},"content":{"rendered":"<p>Zako\u0144czy\u0142a si\u0119 rozprawa z pow\u00f3dztwa Andrzeja Tarnawskiego przeciwko pos\u0142owi Jackowi \u017balkowi o naruszenie d\u00f3br osobistych. Zgodnie z wyrokiem s\u0105du pose\u0142 nie poniesie odpowiedzialno\u015bci za swoje s\u0142owa: &#8222;Je\u017celi to jest nar\u00f3d, to rozumiem, \u017ce to jest ten nar\u00f3d, kt\u00f3ry mia\u0142 kr\u0119puj\u0105c\u0105 przesz\u0142o\u015b\u0107 w SB i UB. Ale to nie jest nar\u00f3d polski&#8221;.<\/p>\n<p>Cytowane s\u0142owa odnosi\u0142y si\u0119 do uczestnik\u00f3w warszawskiego marszu, kt\u00f3ry zorganizowano 27 lutego ubieg\u0142ego roku pod has\u0142em: My, nar\u00f3d. Komentarz pos\u0142a Jacka \u017balek zosta\u0142 wyemitowany przez Fakty TVN dzie\u0144 po wspomnianym marszu. S\u0142owa te poruszy\u0142y znanego krakowskiego opozycjonist\u0119, adwokata z wieloletnim sta\u017cem Andrzeja Tarnawskiego, kt\u00f3ry wyst\u0105pi\u0142 przeciwko \u017balkowi z pozwem o naruszenie d\u00f3br osobistych. Rozprawa odby\u0142a si\u0119 w \u015brod\u0119 4 pa\u017adziernika w Krakowie.<\/p>\n<p>&#8211; Adwokat Andrzeja Tarnawskiego wskaza\u0142 na chlubny \u017cyciorys swojego klienta, zwr\u00f3ci\u0142 te\u017c uwag\u0119 na to, \u017ce my, osoby nie popieraj\u0105ce tzw. dobrej zmiany, spotykamy si\u0119 z obelgami ze strony polityk\u00f3w niemal ka\u017cdego dnia, i \u017ce s\u0105 one r\u00f3\u017cnego kalibru &#8211; relacjonuje obecna na sali rozpraw Anna Izabela Nowak. -Jak podkre\u015bli\u0142, \u017ce cho\u0107 z czasem przyzwyczajmy si\u0119 do tego, \u017ce politycy partii rz\u0105dz\u0105cej u\u017cywaj\u0105 wobec nas najrozmaitszych obel\u017cywych okre\u015ble\u0144, nie powinno by\u0107 na to przyzwolenia, a Andrzej Tarnawski &#8211; jako cz\u0142onek KOD-u i uczestnik manifestacji poczu\u0142 si\u0119 adresatem s\u0142\u00f3w pos\u0142a \u017balka, kt\u00f3re w tym przypadku s\u0105 nie tylko z gruntu nieprawdziwe, ale i w najwy\u017cszym stopniu obel\u017cywe.<br \/>\nW odpowiedzi adwokat pos\u0142a stwierdzi\u0142, \u017ce cytowane s\u0142owa nigdy nie pad\u0142y, cho\u0107 s\u0142ycha\u0107 je wyra\u017anie w materiale TVN24, kt\u00f3ry by\u0142 dowodem w sprawie. To w\u0142a\u015bnie fakt przedstawienia materia\u0142u telewizyjnego cytuj\u0105cego pierwotn\u0105 informacj\u0105, a nie oryginalnego nagrania dla Fakt\u00f3w TVN, by\u0142 przyczyn\u0105 oddalenia pow\u00f3dztwa przez s\u0119dziego Wojciecha \u017bukowskiego.<\/p>\n<p>&#8211; W uzasadnieniu oddalenia pow\u00f3dztwa s\u0119dzia przekonywa\u0142, \u017ce przedstawiony jako dow\u00f3d w sprawie materia\u0142 z TVN24 by\u0142 tylko om\u00f3wieniem ewentualnych s\u0142\u00f3w pos\u0142a \u017balka, a nie sam\u0105 wypowiedzi\u0105. Poza tym s\u0105d opiniuje nie indywidualne odczucia, lecz zobiektywizowane oceny &#8211; wylicza Anna Izabela Nowak. &#8211; S\u0119dzia podkre\u015bli\u0142 r\u00f3wnie\u017c, \u017ce s\u0142owa te, je\u015bli pad\u0142y, nie odnosi\u0142y si\u0119 bezpo\u015brednio do powoda, lecz do szerokiej grupy ludzi i cho\u0107 by\u0142y krytyk\u0105 brutaln\u0105, to wci\u0105\u017c po prostu krytyk\u0105.<\/p>\n<p>Pozew zosta\u0142 oddalony w ca\u0142o\u015bci a od powoda &#8211; Andrzeja Tarnawskiego &#8211; zosta\u0142a na rzecz pozwanego Jacka \u017balka, zosta\u0142a zas\u0105dzona kwota 1900 z\u0142otych tytu\u0142em zwrotu koszt\u00f3w i op\u0142aty skarbowej. Andrzej Tarnawski zamierza z\u0142o\u017cy\u0107 odwo\u0142anie od dzisiejszego wyroku.<\/p>\n<p>Wi\u0119cej informacji na temat sprawy poni\u017cej:<\/p>\n<p><a href=\"https:\/\/szklokontaktowe.tvn24.pl\/az-zal-sluchac,623208.html\">https:\/\/szklokontaktowe.tvn24.pl\/az-zal-sluchac,623208.html<\/a><br \/>\n<a href=\"https:\/\/www.tvn24.pl\/wiadomosci-z-kraju,3\/marsz-kod-prawo-i-sprawiedliwosc-nie-szczedzi-slow-krytyki,623098.html\">https:\/\/www.tvn24.pl\/wiadomosci-z-kraju,3\/marsz-kod-prawo-i-sprawiedliwosc-nie-szczedzi-slow-krytyki,623098.html<\/a><br \/>\n<a href=\"https:\/\/www.tvn24.pl\/kropka-nad-i,3,m\/mateusz-kijowski-i-jacek-zalek-w-kropce-nad-i,624503.html\">https:\/\/www.tvn24.pl\/kropka-nad-i,3,m\/mateusz-kijowski-i-jacek-zalek-w-kropce-nad-i,624503.html<\/a><br \/>\n<a href=\"http:\/\/wyborcza.pl\/7,75968,21956157,cale-szczescie-ze-pis-ma-zmysl-estetyki-i-usuwa-brzydkie-rzeczy.html\">http:\/\/wyborcza.pl\/7,75968,21956157,cale-szczescie-ze-pis-ma-zmysl-estetyki-i-usuwa-brzydkie-rzeczy.html<\/a><br \/>\n<a href=\"http:\/\/www.rp.pl\/prawo-i-sprawiedliwosc\/160309689-posel-pis-oprawcy-z-ub-na-demonstracjach-kod.html\">http:\/\/www.rp.pl\/prawo-i-sprawiedliwosc\/160309689-posel-pis-oprawcy-z-ub-na-demonstracjach-kod.html<\/a><\/p>\n","protected":false},"excerpt":{"rendered":"<p>Zako\u0144czy\u0142a si\u0119 rozprawa z pow\u00f3dztwa Andrzeja Tarnawskiego przeciwko pos\u0142owi Jackowi \u017balkowi o naruszenie d\u00f3br osobistych. Zgodnie z wyrokiem s\u0105du pose\u0142 [&#8230;]<\/p>\n","protected":false},"author":26,"featured_media":7883,"comment_status":"closed","ping_status":"open","sticky":false,"template":"","format":"standard","meta":{"_EventAllDay":false,"_EventTimezone":"","_EventStartDate":"","_EventEndDate":"","_EventStartDateUTC":"","_EventEndDateUTC":"","_EventShowMap":false,"_EventShowMapLink":false,"_EventURL":"","_EventCost":"","_EventCostDescription":"","_EventCurrencySymbol":"","_EventCurrencyCode":"","_EventCurrencyPosition":"","_EventDateTimeSeparator":"","_EventTimeRangeSeparator":"","_EventOrganizerID":[],"_EventVenueID":[],"_OrganizerEmail":"","_OrganizerPhone":"","_OrganizerWebsite":"","_VenueAddress":"","_VenueCity":"","_VenueCountry":"","_VenueProvince":"","_VenueState":"","_VenueZip":"","_VenuePhone":"","_VenueURL":"","_VenueStateProvince":"","_VenueLat":"","_VenueLng":"","_VenueShowMap":false,"_VenueShowMapLink":false,"footnotes":""},"categories":[28,344],"tags":[],"class_list":["post-7882","post","type-post","status-publish","format-standard","has-post-thumbnail","hentry","category-malopolskie-news","category-artykuly-nasze","malopolskie-news","artykuly-nasze"],"_links":{"self":[{"href":"https:\/\/kodmalopolska.pl\/index.php?rest_route=\/wp\/v2\/posts\/7882","targetHints":{"allow":["GET"]}}],"collection":[{"href":"https:\/\/kodmalopolska.pl\/index.php?rest_route=\/wp\/v2\/posts"}],"about":[{"href":"https:\/\/kodmalopolska.pl\/index.php?rest_route=\/wp\/v2\/types\/post"}],"author":[{"embeddable":true,"href":"https:\/\/kodmalopolska.pl\/index.php?rest_route=\/wp\/v2\/users\/26"}],"replies":[{"embeddable":true,"href":"https:\/\/kodmalopolska.pl\/index.php?rest_route=%2Fwp%2Fv2%2Fcomments&post=7882"}],"version-history":[{"count":0,"href":"https:\/\/kodmalopolska.pl\/index.php?rest_route=\/wp\/v2\/posts\/7882\/revisions"}],"wp:featuredmedia":[{"embeddable":true,"href":"https:\/\/kodmalopolska.pl\/index.php?rest_route=\/wp\/v2\/media\/7883"}],"wp:attachment":[{"href":"https:\/\/kodmalopolska.pl\/index.php?rest_route=%2Fwp%2Fv2%2Fmedia&parent=7882"}],"wp:term":[{"taxonomy":"category","embeddable":true,"href":"https:\/\/kodmalopolska.pl\/index.php?rest_route=%2Fwp%2Fv2%2Fcategories&post=7882"},{"taxonomy":"post_tag","embeddable":true,"href":"https:\/\/kodmalopolska.pl\/index.php?rest_route=%2Fwp%2Fv2%2Ftags&post=7882"}],"curies":[{"name":"wp","href":"https:\/\/api.w.org\/{rel}","templated":true}]}}