{"id":7864,"date":"2017-10-02T21:20:45","date_gmt":"2017-10-02T19:20:45","guid":{"rendered":"https:\/\/kodmalopolska.pl\/?p=7864"},"modified":"2017-11-13T15:06:22","modified_gmt":"2017-11-13T14:06:22","slug":"znachor-na-sali-operacyjnej","status":"publish","type":"post","link":"https:\/\/kodmalopolska.pl\/?p=7864","title":{"rendered":"Znachor na sali operacyjnej"},"content":{"rendered":"<p><strong><em>O tym, dlaczego prezydenckie propozycje ustaw dotycz\u0105cych S\u0105du Najwy\u017cszego i Krajowej Rady S\u0105downictwa \u015bwiadcz\u0105 o braku zrozumienia prawa i jak mog\u0105 wp\u0142yn\u0105\u0107 na ka\u017cdego obywatela, m\u00f3wi profesor nauk prawnych Fryderyk Zoll.<\/em><\/strong><\/p>\n<p><strong>\u2015 Jakie znaczenie ma dla przeci\u0119tnego obywatela S\u0105d Najwy\u017cszy?<\/strong><\/p>\n<p>\u2015 S\u0105d Najwy\u017cszy ma znaczenie dla nas wszystkich zar\u00f3wno w spos\u00f3b po\u015bredni jak i bezpo\u015bredni. Bezpo\u015bredni, poniewa\u017c rozstrzyga w sprawach skarg kasacyjnych, czyli naszych odwo\u0142a\u0144 od orzecze\u0144 zapadaj\u0105cych w s\u0105dach drugiej instancji (apelacyjnych i okr\u0119gowych), cho\u0107 w niekiedy, np. w sprawach cywilnych o mniejszej warto\u015bci, skarga kasacyjna mo\u017ce nam nie przys\u0142ugiwa\u0107. S\u0105d Najwy\u017cszy jest cz\u0119sto s\u0105dem ostatniej szansy,\u00a0 udziela tak\u017ce s\u0105dom ni\u017cszej instancji odpowiedzi na pytania prawne, gdy istniej\u0105 powa\u017cne trudno\u015bci dotycz\u0105ce wyk\u0142adni prawa lub jakich\u015b rozbie\u017cno\u015bci.<\/p>\n<p>Jego orzecznictwo ma ogromne znaczenie dla wszystkich s\u0105d\u00f3w, kt\u00f3re kieruj\u0105 sie pogl\u0105dami S\u0105du Najwy\u017cszego tak\u017ce w innych sprawach. Nie da si\u0119 zrozumie\u0107 poszczeg\u00f3lnych dziedzin prawa bez znajomo\u015bci orzecznictwa SN. Orzecznictwo to ma ogromny wp\u0142yw na okre\u015blenie jakie mamy prawa i obowi\u0105zki.<\/p>\n<p>S\u0105d Najwy\u017cszy rozstrzyga r\u00f3wnie\u017c o wa\u017cno\u015bci wybor\u00f3w.<\/p>\n<p><strong>\u2015 Dlaczego wprowadzenie \u0142awnik\u00f3w do S\u0105du Najwy\u017cszego nie polepszy jego orzecznictwa?<\/strong><\/p>\n<p>\u2015 Ten pomys\u0142 pokazuje ca\u0142kowite niezrozumienie funkcji S\u0105du Najwy\u017cszego. SN orzeka przede wszystkim o prawie. To nie jest z zasady s\u0105d orzekaj\u0105cy o faktach, ale s\u0105d, kt\u00f3ry ma za zadanie zweryfikowa\u0107 prawid\u0142owo\u015b\u0107 orzecze\u0144 s\u0105d\u00f3w ni\u017cszych instancji. Do tego potrzeba ogromnej wiedzy prawniczej. Wprowadzenie \u0142awnik\u00f3w ma oznacza\u0107, ze SN b\u0119dzie si\u0119 kierowa\u0142 w swoich orzeczeniach (w przypadku skargi nadzwyczajnej) ocenami pozaprawnymi &#8211; swoistym wyczuciem \u0142awnik\u00f3w. Mo\u017cna ten pomys\u0142 por\u00f3wna\u0107 do wprowadzenia obowi\u0105zku udzia\u0142u znachor\u00f3w w operacjach transplantacyjnych.<\/p>\n<p><strong>\u2015 Czym jest proponowana skarga nadzwyczajna? Przypuszczam, \u017ce wielu osobom negatywnie oceniaj\u0105cym prac\u0119 s\u0105d\u00f3w\u00a0 wydaje si\u0119 kusz\u0105ca.<\/strong><\/p>\n<p>\u2015 Takie rozwi\u0105zanie by\u0142o charakterystyczne dla pa\u0144stw bloku sowieckiego. Skarga nadzwyczajna ma pozwala\u0107 okre\u015blonym podmiotom (np. grupie pos\u0142\u00f3w lub grupie senator\u00f3w <img loading=\"lazy\" decoding=\"async\" class=\"aligncenter size-full wp-image-7865\" src=\"https:\/\/kodmalopolska.pl\/wp-content\/uploads\/2017\/10\/zoll.jpg\" alt=\"\" width=\"892\" height=\"515\" srcset=\"https:\/\/kodmalopolska.pl\/wp-content\/uploads\/2017\/10\/zoll.jpg 892w, https:\/\/kodmalopolska.pl\/wp-content\/uploads\/2017\/10\/zoll-400x231.jpg 400w, https:\/\/kodmalopolska.pl\/wp-content\/uploads\/2017\/10\/zoll-740x427.jpg 740w\" sizes=\"auto, (max-width: 892px) 100vw, 892px\" \/>\u2013 za zgod\u0105 marsza\u0142ka, \u00a0prezydentowi, ministrowi sprawiedliwo\u015bci, rzecznikowi praw obywatelskich) \u00a0z powodu szczeg\u00f3lnie powa\u017cnych narusze\u0144 prawa zaskar\u017cy\u0107 orzeczenia w pe\u0142ni zako\u0144czonych ju\u017c post\u0119powa\u0144, niezale\u017cnie od tego, czy strony si\u0119 wcze\u015bniej si\u0119 odwo\u0142ywa\u0142y. Ma to dotyczy\u0107 orzecze\u0144, kt\u00f3re zapad\u0142y nie dawniej ni\u017c w ci\u0105gu ostatnich dwudziestu lat. Podwa\u017ca to ca\u0142kowicie zaufanie do prawa. W ten spos\u00f3b mo\u017cna by zakwestionowa\u0107 wyniki dawno rozstrzygni\u0119tych wybor\u00f3w, powoduj\u0105c zupe\u0142nie nieprawdopodobny chaos prawny. Chaos taki m\u00f3g\u0142by zapanowa\u0107 jednak we wszystkich sprawach. Niemal nigdy nie mogliby\u015bmy by\u0107 pewni, \u017ce nasz sp\u00f3r si\u0119 sko\u0144czy\u0142. Poza tym udzia\u0142 \u0142awnik\u00f3w (wybieranych przez Senat) oznacza\u0142by, \u017ce \u00a0niekoniecznie prawo b\u0119dzie kryterium rozstrzygni\u0119cia. Uzasadnienie projektu odwo\u0142uje si\u0119 do sprawiedliwo\u015bci spo\u0142ecznej. Tym samym opuszczamy wsp\u00f3lnot\u0119 tych pa\u0144stw, kt\u00f3re rz\u0105dz\u0105 si\u0119 prawem. Tutaj b\u0119dzie rozstrzyga\u0107 nieodgadnione poczucie sprawiedliwo\u015bci. Pomys\u0142 ten grozi zniesieniem jakiejkolwiek przewidywalno\u015bci rozstrzygni\u0119\u0107 s\u0105dowych. Nikt z nas nie mia\u0142by gwarancji, \u017ce jego spor w ko\u0144cu jest rozstrzygni\u0119ty i \u017ce mo\u017cna zaufa\u0107 orzeczeniu, nawet gdy przeciwnik si\u0119 nie odwo\u0142a\u0142.<\/p>\n<p><strong>\u2015 Przeci\u0119tny obywatel, kt\u00f3ry nie wchodzi w meandry prawa, nie rozumie, dlaczego politycy &#8211; obdarzeni mandatem spo\u0142ecznym, nie powinni wybiera\u0107 cz\u0142onk\u00f3w Krajowej Rady S\u0105downictwa. Jak upolitycznienie KRS mo\u017ce wp\u0142yn\u0105\u0107 na \u017cycie ka\u017cdego z nas?<\/strong><\/p>\n<p>\u2015 KRS ma chroni\u0107 niezawis\u0142o\u015b\u0107 s\u0119dziowsk\u0105 przed politykami oraz chroni\u0107 niezale\u017cno\u015b\u0107 s\u0105downictwa. Ma uczestniczy\u0107 w procesie wy\u0142aniania s\u0119dzi\u00f3w, kt\u00f3rzy musz\u0105 by\u0107 najlepiej kwalifikowani. Kandydaci do Rady nie mog\u0105 prowadzi\u0107 kampanii, sk\u0142adaj\u0105c propozycje wyborcze. Oni maja zapewni\u0107, \u017ce kandydaci na s\u0119dzi\u00f3w, czy na wy\u017csze stanowiska s\u0119dziowskie spe\u0142niaj\u0105 wymogi merytoryczne, niezale\u017cnie od pogl\u0105d\u00f3w politycznych, kt\u00f3re tu nie powinny odgrywa\u0107 tu \u017cadnej roli. Dlatego wyb\u00f3r cz\u0142onk\u00f3w Rady przez polityk\u00f3w podwa\u017ca sens tego organu, jako chroni\u0105cego system sadowniczy przed politykami.<\/p>\n","protected":false},"excerpt":{"rendered":"<p>O tym, dlaczego prezydenckie propozycje ustaw dotycz\u0105cych S\u0105du Najwy\u017cszego i Krajowej Rady S\u0105downictwa \u015bwiadcz\u0105 o braku zrozumienia prawa i jak [&#8230;]<\/p>\n","protected":false},"author":26,"featured_media":0,"comment_status":"closed","ping_status":"open","sticky":false,"template":"","format":"standard","meta":{"_EventAllDay":false,"_EventTimezone":"","_EventStartDate":"","_EventEndDate":"","_EventStartDateUTC":"","_EventEndDateUTC":"","_EventShowMap":false,"_EventShowMapLink":false,"_EventURL":"","_EventCost":"","_EventCostDescription":"","_EventCurrencySymbol":"","_EventCurrencyCode":"","_EventCurrencyPosition":"","_EventDateTimeSeparator":"","_EventTimeRangeSeparator":"","_EventOrganizerID":[],"_EventVenueID":[],"_OrganizerEmail":"","_OrganizerPhone":"","_OrganizerWebsite":"","_VenueAddress":"","_VenueCity":"","_VenueCountry":"","_VenueProvince":"","_VenueState":"","_VenueZip":"","_VenuePhone":"","_VenueURL":"","_VenueStateProvince":"","_VenueLat":"","_VenueLng":"","_VenueShowMap":false,"_VenueShowMapLink":false,"footnotes":""},"categories":[344],"tags":[201,361,321,362,348,363,359,360,364],"class_list":["post-7864","post","type-post","status-publish","format-standard","hentry","category-artykuly-nasze","tag-konstytucja","tag-krajowa-rada-sadownictwa","tag-krs","tag-lawnicy","tag-prawo","tag-prezydent","tag-sad-najwyzszy","tag-sn","tag-uchwala","artykuly-nasze"],"_links":{"self":[{"href":"https:\/\/kodmalopolska.pl\/index.php?rest_route=\/wp\/v2\/posts\/7864","targetHints":{"allow":["GET"]}}],"collection":[{"href":"https:\/\/kodmalopolska.pl\/index.php?rest_route=\/wp\/v2\/posts"}],"about":[{"href":"https:\/\/kodmalopolska.pl\/index.php?rest_route=\/wp\/v2\/types\/post"}],"author":[{"embeddable":true,"href":"https:\/\/kodmalopolska.pl\/index.php?rest_route=\/wp\/v2\/users\/26"}],"replies":[{"embeddable":true,"href":"https:\/\/kodmalopolska.pl\/index.php?rest_route=%2Fwp%2Fv2%2Fcomments&post=7864"}],"version-history":[{"count":0,"href":"https:\/\/kodmalopolska.pl\/index.php?rest_route=\/wp\/v2\/posts\/7864\/revisions"}],"wp:attachment":[{"href":"https:\/\/kodmalopolska.pl\/index.php?rest_route=%2Fwp%2Fv2%2Fmedia&parent=7864"}],"wp:term":[{"taxonomy":"category","embeddable":true,"href":"https:\/\/kodmalopolska.pl\/index.php?rest_route=%2Fwp%2Fv2%2Fcategories&post=7864"},{"taxonomy":"post_tag","embeddable":true,"href":"https:\/\/kodmalopolska.pl\/index.php?rest_route=%2Fwp%2Fv2%2Ftags&post=7864"}],"curies":[{"name":"wp","href":"https:\/\/api.w.org\/{rel}","templated":true}]}}