{"id":7856,"date":"2017-10-02T14:06:28","date_gmt":"2017-10-02T12:06:28","guid":{"rendered":"https:\/\/kodmalopolska.pl\/?p=7856"},"modified":"2017-10-29T20:44:05","modified_gmt":"2017-10-29T19:44:05","slug":"czarne-parasolki","status":"publish","type":"post","link":"https:\/\/kodmalopolska.pl\/?p=7856","title":{"rendered":"Czarne parasolki"},"content":{"rendered":"<p>Za ka\u017cdym razem, gdy kto\u015b odg\u00f3rnie pr\u00f3buje decydowa\u0107 o mnie: o moim ciele, podejmowanych wyborach, zasadach, na jakich mog\u0119 funkcjonowa\u0107 w spo\u0142ecze\u0144stwie, zastanawiam si\u0119, czy ma mnie za osob\u0119 wyzut\u0105 z emocji, pozbawion\u0105 moralno\u015bci i umiej\u0119tno\u015bci rozumowania. Bo nic &#8211; ani \u017cadne badania naukowe, ani statystyki, ani historia &#8211; nie wskazuje na to, \u017ce urodziwszy si\u0119 kobiet\u0105, jestem kim\u015b, za kogo trzeba my\u015ble\u0107.<\/p>\n<p>Jestem wkurzona. Jestem wkurzona, poniewa\u017c zmusza si\u0119 mnie do porzucenia swoich spraw, by walczy\u0107 o co\u015b, co powinno by\u0107 oczywisto\u015bci\u0105. Zamiast czyta\u0107, redagowa\u0107, t\u0142umaczy\u0107, ba &#8211; zamiast bawi\u0107 si\u0119 z dzieckiem, w\u0142\u00f3czy\u0107 si\u0119 po g\u00f3rach czy zajmowa\u0107 czymkolwiek innym, na co w danej chwili mia\u0142abym ochot\u0119, musz\u0119 wyj\u015b\u0107 na ulic\u0119 i przypomina\u0107, \u017ce mam swoje niezbywalne prawa. \u017be mam je ja, moja c\u00f3rka, siostra, matka, kole\u017canki. \u017be maj\u0105 je wszystkie kobiety-\u00a0 czyli samice z gatunku <em>Homo sapiens<\/em>. Mamy prawo do wolno\u015bci, decydowania o sobie, swoim ciele, mamy prawo wyra\u017ca\u0107 swoje potrzeby i \u017cy\u0107 w poczuciu poszanowania tego, kim jeste\u015bmy.<\/p>\n<p>Z biologicznego punktu widzenia g\u0142\u00f3wna r\u00f3\u017cnica mi\u0119dzy kobietami a m\u0119\u017cczyznami, je\u015bli nie liczy\u0107 narz\u0105d\u00f3w rozrodczych, to dymorfizm p\u0142ciowy. M\u0119\u017cczy\u017ani s\u0105 wi\u0119ksi i silniejsi. Maj\u0105 te\u017c o oko\u0142o 10 procent wi\u0119ksze m\u00f3zgi ni\u017c kobiety, ale to jedynie wynik ich og\u00f3lnie wi\u0119kszych rozmiar\u00f3w, a nie wi\u0119kszych zdolno\u015bci. W m\u0119skich m\u00f3zgach jest wi\u0119cej neuron\u00f3w odpowiedzialnych za rozumowanie, ale w kobiecych jest wi\u0119cej po\u0142\u0105cze\u0144 mi\u0119dzy nimi, a cia\u0142o modzelowate, czyli pasmo w\u0142\u00f3kien nerwowych \u0142\u0105cz\u0105ce p\u00f3\u0142kule m\u00f3zgu jest o 12 procent wi\u0119ksze u kobiet ni\u017c u m\u0119\u017cczyzn. To wszystko sprawia, \u017ce cho\u0107 m\u00f3zgi kobiet s\u0105 mniejsze, to ich sprawno\u015b\u0107 w \u017caden spos\u00f3b nie ust\u0119puje sprawno\u015bci m\u00f3zg\u00f3w m\u0119\u017cczyzn. Doreen Kimura, kanadyjska neurobiolog i \u015bwiatowej s\u0142awy badaczka zr\u00f3\u017cnicowania ludzkich zdolno\u015bci, po\u015bwi\u0119ci\u0142a \u017cycie badaniom r\u00f3\u017cnic pomi\u0119dzy kobietami i m\u0119\u017cczyznami. W jednym z wywiad\u00f3w powiedzia\u0142a, \u017ce cz\u0142owiek, kt\u00f3ry uwa\u017ca m\u00f3zgi kobiet i m\u0119\u017cczyzn za dok\u0142adnie takie same, nie wie nic o neurobiologii. Te m\u00f3zgi s\u0105 r\u00f3\u017cne, ale s\u0105 te\u017c jak dwie nogi, kt\u00f3re pozwalaj\u0105 naszemu gatunkowi sprawnie si\u0119 przemieszcza\u0107. Kobiety lepiej odczytuj\u0105 emocje, maj\u0105 naturaln\u0105 \u0142atwo\u015b\u0107 komunikowania si\u0119, a m\u0119\u017cczy\u017ani maj\u0105 wi\u0119ksz\u0105 sk\u0142onno\u015b\u0107 do zachowa\u0144 ryzykownych, s\u0105 nastawieni na rywalizacj\u0119. Jeste\u015bmy po prostu stworzeni tak, by si\u0119 dope\u0142nia\u0107.<\/p>\n<p>A jaki jest cel tego wszystkiego? To wyj\u0105tkowo proste: przekazanie gen\u00f3w i zapewnienie trwa\u0142o\u015bci gatunkowi. Dla matki natury nic nie jest wa\u017cniejsze i zrobi\u0142a wiele, by nas do tego zadania nak\u0142oni\u0107. Konieczno\u015b\u0107 zachowania gatunku, czyli po prostu posiadania potomstwa, le\u017cy u samej podstawy ka\u017cdego \u017cycia, czyli r\u00f3wnie\u017c nas. Reszta, w tym ca\u0142a cywilizacja, s\u0105 wobec tej konieczno\u015bci wt\u00f3rne. I naprawd\u0119 niezale\u017cnie od tego, jak bardzo b\u0119dzie nas kusi\u0142 \u015bwiat, kariera czy rado\u015bci \u017cycia doczesnego, my \u00a0dzieci mie\u0107 b\u0119dziemy, bo to pragnienie w nas b\u0119dzie zawsze \u017cywe. Nikt nie musi odbiera\u0107 nam mo\u017cliwo\u015b\u0107 stosowania antykoncepcji czy pr\u00f3bowa\u0107 ponownie uwi\u0119zi\u0107 w domowych pieleszach. Spokojnie, my i tak b\u0119dziemy rodzi\u0107, bo to zwyczajnie le\u017cy w naszej naturze. Ale dajcie nam decydowa\u0107, kiedy i jak cz\u0119sto chcemy to robi\u0107. To nie \u015bredniowiecze, kiedy z dziesi\u0119ciorga urodzonych przez kobiet\u0119 dzieci prze\u017cywa\u0142o jedno. \u015amiertelno\u015b\u0107 oko\u0142oporodowa jest najni\u017csza w historii, mamy nowoczesn\u0105 medycyn\u0119 i naprawd\u0119 po to, by przekaza\u0107 geny, nie musimy rodzi\u0107 rok po roku. A je\u015bli powodem zmuszania kobiety do rodzenia wi\u0119kszej liczby dzieci ma by\u0107 przestarza\u0142y system emerytalny, to mo\u017ce czas zreformowa\u0107 ten system, a nie stosowa\u0107 przemoc wobec kobiet.<\/p>\n<p>Bo to jest przemoc. Nikt poza mn\u0105 sam\u0105 nie ma prawa do mojego cia\u0142a. Z\u0142amanie tej zasady jest gwa\u0142tem i nie powinno by\u0107 postrzegane inaczej. Niedawno przeczyta\u0142am na stronie internetowej jednej z organizacji kobiecych post pewnego hm&#8230; pana, kt\u00f3ry nie wstydz\u0105c si\u0119 swej umys\u0142owo\u015bci, napisa\u0142, co nast\u0119puje: &#8222;wy g\u0142upie czarne kurwy macie rodzi\u0107, to wasz obowi\u0105zek&#8221;. Chyba faktycznie nic poza gwa\u0142tem nie mog\u0142oby zmusi\u0107 kobiety do urodzenia potomka komu\u015b takiemu. Kobieta z zasady na ojca swego dziecka wybierze najlepszego dost\u0119pnego m\u0119\u017cczyzn\u0119. M\u0119\u017cczyzna taki musi posiada\u0107 przynajmniej dwie z trzech cech: mie\u0107 dobre geny, by\u0107 opieku\u0144czy i zaradny \u017cyciowo. Geny m\u0119\u017cczyzn, kt\u00f3rzy tych cech nie posiadaj\u0105, po prostu wypadn\u0105 z obiegu. Chyba, \u017ce m\u0119\u017cczyzna ucieknie si\u0119 do gwa\u0142tu.<br \/>\nAle skoro m\u00f3wili\u015bmy o m\u00f3zgach, to warto przypomnie\u0107 pewn\u0105 ich wyj\u0105tkow\u0105 zdolno\u015b\u0107: &#8211; s\u0105 plastyczne. Neuroplastyczno\u015b\u0107 to umiej\u0119tno\u015b\u0107 tworzenia nowych po\u0142\u0105cze\u0144 maj\u0105cych na celu zreorganizowanie si\u0119 czy adaptacj\u0119 do nowych warunk\u00f3w. Innymi s\u0142owy, zdolno\u015b\u0107 ta pozwala nam si\u0119 uczy\u0107, i to uczy\u0107 przez ca\u0142e \u017cycie. Mo\u017ce wi\u0119c zamiast ucieka\u0107 si\u0119 do gwa\u0142tu, powtarza\u0107 brednie o tradycyjnej roli kobiet (w takim wypadku zawsze mam ochot\u0119 zapyta\u0107, do jakiego konkretnie okresu ta tradycja si\u0119 odnosi i dlaczego tylko do niego?), warto wykorzysta\u0107 mo\u017cliwo\u015bci swojego m\u00f3zgu i po prostu sta\u0107 si\u0119 lepszymi partnerami? Ka\u017cda ze stron by\u0142aby zadowolona: m\u0119\u017cczy\u017ani mieliby potomk\u00f3w, kobiety-partner\u00f3w, a parasolki by\u0142yby u\u017cywane masowo tylko w czasie deszczu.<\/p>\n<p>Protest pod has\u0142em &#8222;Nie sk\u0142adamy parasolek&#8221; odb\u0119dzie si\u0119 we wtorek 3 pa\u017adziernika. Organizatorzy zapraszaj\u0105 wszystkich, kt\u00f3rym le\u017cy na sercu dobro kobiet, na ulic\u0119 Retoryka 7, gdzie mie\u015bci si\u0119 siedziba krakowskiego PiS. Wydarzenie rozpocznie si\u0119 o godz. 18<\/p>\n<p><strong>Ewelina Zambrzycka-Ko\u015bcielnicka<\/strong><\/p>\n<p><img loading=\"lazy\" decoding=\"async\" class=\"aligncenter size-large wp-image-7857\" src=\"https:\/\/kodmalopolska.pl\/wp-content\/uploads\/2017\/10\/Strajk-Kobiet-Nie-skladamy-parasolek-1024x385.jpg\" alt=\"\" width=\"1024\" height=\"385\" srcset=\"https:\/\/kodmalopolska.pl\/wp-content\/uploads\/2017\/10\/Strajk-Kobiet-Nie-skladamy-parasolek-1024x385.jpg 1024w, https:\/\/kodmalopolska.pl\/wp-content\/uploads\/2017\/10\/Strajk-Kobiet-Nie-skladamy-parasolek-400x150.jpg 400w, https:\/\/kodmalopolska.pl\/wp-content\/uploads\/2017\/10\/Strajk-Kobiet-Nie-skladamy-parasolek-740x278.jpg 740w, https:\/\/kodmalopolska.pl\/wp-content\/uploads\/2017\/10\/Strajk-Kobiet-Nie-skladamy-parasolek.jpg 1200w\" sizes=\"auto, (max-width: 1024px) 100vw, 1024px\" \/><\/p>\n<p>&nbsp;<\/p>\n","protected":false},"excerpt":{"rendered":"<p>Za ka\u017cdym razem, gdy kto\u015b odg\u00f3rnie pr\u00f3buje decydowa\u0107 o mnie: o moim ciele, podejmowanych wyborach, zasadach, na jakich mog\u0119 funkcjonowa\u0107 [&#8230;]<\/p>\n","protected":false},"author":26,"featured_media":0,"comment_status":"closed","ping_status":"open","sticky":false,"template":"","format":"standard","meta":{"_EventAllDay":false,"_EventTimezone":"","_EventStartDate":"","_EventEndDate":"","_EventStartDateUTC":"","_EventEndDateUTC":"","_EventShowMap":false,"_EventShowMapLink":false,"_EventURL":"","_EventCost":"","_EventCostDescription":"","_EventCurrencySymbol":"","_EventCurrencyCode":"","_EventCurrencyPosition":"","_EventDateTimeSeparator":"","_EventTimeRangeSeparator":"","_EventOrganizerID":[],"_EventVenueID":[],"_OrganizerEmail":"","_OrganizerPhone":"","_OrganizerWebsite":"","_VenueAddress":"","_VenueCity":"","_VenueCountry":"","_VenueProvince":"","_VenueState":"","_VenueZip":"","_VenuePhone":"","_VenueURL":"","_VenueStateProvince":"","_VenueLat":"","_VenueLng":"","_VenueShowMap":false,"_VenueShowMapLink":false,"footnotes":""},"categories":[344,343,332],"tags":[357,217,169,358,348,356],"class_list":["post-7856","post","type-post","status-publish","format-standard","hentry","category-artykuly-nasze","category-publicystyka","category-wydarzenie","tag-czarny-wtorek","tag-demonstracja","tag-manifestacja","tag-prawa-kobiet","tag-prawo","tag-strajk-kobiet","artykuly-nasze","publicystyka","wydarzenie"],"_links":{"self":[{"href":"https:\/\/kodmalopolska.pl\/index.php?rest_route=\/wp\/v2\/posts\/7856","targetHints":{"allow":["GET"]}}],"collection":[{"href":"https:\/\/kodmalopolska.pl\/index.php?rest_route=\/wp\/v2\/posts"}],"about":[{"href":"https:\/\/kodmalopolska.pl\/index.php?rest_route=\/wp\/v2\/types\/post"}],"author":[{"embeddable":true,"href":"https:\/\/kodmalopolska.pl\/index.php?rest_route=\/wp\/v2\/users\/26"}],"replies":[{"embeddable":true,"href":"https:\/\/kodmalopolska.pl\/index.php?rest_route=%2Fwp%2Fv2%2Fcomments&post=7856"}],"version-history":[{"count":0,"href":"https:\/\/kodmalopolska.pl\/index.php?rest_route=\/wp\/v2\/posts\/7856\/revisions"}],"wp:attachment":[{"href":"https:\/\/kodmalopolska.pl\/index.php?rest_route=%2Fwp%2Fv2%2Fmedia&parent=7856"}],"wp:term":[{"taxonomy":"category","embeddable":true,"href":"https:\/\/kodmalopolska.pl\/index.php?rest_route=%2Fwp%2Fv2%2Fcategories&post=7856"},{"taxonomy":"post_tag","embeddable":true,"href":"https:\/\/kodmalopolska.pl\/index.php?rest_route=%2Fwp%2Fv2%2Ftags&post=7856"}],"curies":[{"name":"wp","href":"https:\/\/api.w.org\/{rel}","templated":true}]}}