{"id":7748,"date":"2017-09-23T11:17:35","date_gmt":"2017-09-23T09:17:35","guid":{"rendered":"https:\/\/kodmalopolska.pl\/?p=7748"},"modified":"2017-09-23T11:17:35","modified_gmt":"2017-09-23T09:17:35","slug":"marsz-w-oswiecimiu-odwolany","status":"publish","type":"post","link":"https:\/\/kodmalopolska.pl\/?p=7748","title":{"rendered":"MARSZ W O\u015aWI\u0118CIMIU ODWO\u0141ANY"},"content":{"rendered":"<h1 style=\"text-align: center;\"><strong>IMPREZY 23.09. ODWO\u0141ANE!<\/strong><\/h1>\n<p style=\"text-align: center;\">Ze wzgl\u0119du na obfite opady i zwi\u0105zane z nimi zagro\u017cenie powodziowe (tak\u017ce drogowe)<br \/>\nodwo\u0142ujemy o\u015bwi\u0119cimski marsz i wadowicki happening.<\/p>\n","protected":false},"excerpt":{"rendered":"<p>IMPREZY 23.09. ODWO\u0141ANE! Ze wzgl\u0119du na obfite opady i zwi\u0105zane z nimi zagro\u017cenie powodziowe (tak\u017ce drogowe) odwo\u0142ujemy o\u015bwi\u0119cimski marsz i [&#8230;]<\/p>\n","protected":false},"author":11,"featured_media":0,"comment_status":"closed","ping_status":"open","sticky":false,"template":"","format":"standard","meta":{"_EventAllDay":false,"_EventTimezone":"","_EventStartDate":"","_EventEndDate":"","_EventStartDateUTC":"","_EventEndDateUTC":"","_EventShowMap":false,"_EventShowMapLink":false,"_EventURL":"","_EventCost":"","_EventCostDescription":"","_EventCurrencySymbol":"","_EventCurrencyCode":"","_EventCurrencyPosition":"","_EventDateTimeSeparator":"","_EventTimeRangeSeparator":"","_EventOrganizerID":[],"_EventVenueID":[],"_OrganizerEmail":"","_OrganizerPhone":"","_OrganizerWebsite":"","_VenueAddress":"","_VenueCity":"","_VenueCountry":"","_VenueProvince":"","_VenueState":"","_VenueZip":"","_VenuePhone":"","_VenueURL":"","_VenueStateProvince":"","_VenueLat":"","_VenueLng":"","_VenueShowMap":false,"_VenueShowMapLink":false,"footnotes":""},"categories":[79],"tags":[],"class_list":["post-7748","post","type-post","status-publish","format-standard","hentry","category-zapowiedzi-oswiecim-i-chrzanow","zapowiedzi-oswiecim-i-chrzanow"],"_links":{"self":[{"href":"https:\/\/kodmalopolska.pl\/index.php?rest_route=\/wp\/v2\/posts\/7748","targetHints":{"allow":["GET"]}}],"collection":[{"href":"https:\/\/kodmalopolska.pl\/index.php?rest_route=\/wp\/v2\/posts"}],"about":[{"href":"https:\/\/kodmalopolska.pl\/index.php?rest_route=\/wp\/v2\/types\/post"}],"author":[{"embeddable":true,"href":"https:\/\/kodmalopolska.pl\/index.php?rest_route=\/wp\/v2\/users\/11"}],"replies":[{"embeddable":true,"href":"https:\/\/kodmalopolska.pl\/index.php?rest_route=%2Fwp%2Fv2%2Fcomments&post=7748"}],"version-history":[{"count":0,"href":"https:\/\/kodmalopolska.pl\/index.php?rest_route=\/wp\/v2\/posts\/7748\/revisions"}],"wp:attachment":[{"href":"https:\/\/kodmalopolska.pl\/index.php?rest_route=%2Fwp%2Fv2%2Fmedia&parent=7748"}],"wp:term":[{"taxonomy":"category","embeddable":true,"href":"https:\/\/kodmalopolska.pl\/index.php?rest_route=%2Fwp%2Fv2%2Fcategories&post=7748"},{"taxonomy":"post_tag","embeddable":true,"href":"https:\/\/kodmalopolska.pl\/index.php?rest_route=%2Fwp%2Fv2%2Ftags&post=7748"}],"curies":[{"name":"wp","href":"https:\/\/api.w.org\/{rel}","templated":true}]}}