{"id":7633,"date":"2017-08-24T13:53:51","date_gmt":"2017-08-24T11:53:51","guid":{"rendered":"https:\/\/kodmalopolska.pl\/?p=7633"},"modified":"2017-08-24T13:53:51","modified_gmt":"2017-08-24T11:53:51","slug":"konferencja-prasowa-ratujmy-kobiety-z-udzialem-przedstawiciela-kod-malopolska","status":"publish","type":"post","link":"https:\/\/kodmalopolska.pl\/?p=7633","title":{"rendered":"Konferencja prasowa &#8222;Ratujmy Kobiety&#8221; z udzia\u0142em przedstawiciela KOD Ma\u0142opolska"},"content":{"rendered":"<p>24.08.2017r odby\u0142a si\u0119 konferencja prasowa w sprawie akcji Ratujmy Kobiety, do kt\u00f3rej do\u0142\u0105czyli r\u00f3wnie\u017c cz\u0142onkowie KOD Ma\u0142opolska. Odczytano na niej nast\u0119puj\u0105ce o\u015bwiadczenie:<\/p>\n<p>KOD Ma\u0142opolska w\u0142\u0105cza si\u0119 w akcj\u0119 zbierania podpis\u00f3w pod projektem ustawy o prawach kobiet i \u015bwiadomym rodzicielstwie.<\/p>\n<p>Podpisy mo\u017cna sk\u0142ada\u0107 w naszym biurze przy ulicy Ko\u015bciuszki 74\/13 od poniedzia\u0142ku do pi\u0105tku w godzinach od 13 do 19. Osoby ch\u0119tne do samodzielnego zbierania podpis\u00f3w mog\u0105 r\u00f3wnie\u017c otrzyma\u0107 wydrukowane formularze i pozostawi\u0107 wype\u0142nione listy podpis\u00f3w do przekazania organizatorom akcji.<\/p>\n<p>W akcj\u0119 zbierania podpis\u00f3w zaanga\u017cowa\u0142y si\u0119 tak\u017ce grupy lokalne KOD Ma\u0142opolska. Podpisy zbierane b\u0119d\u0105 m. in. w Tarnowie, Nowym Targu, Zakopanem, My\u015blenicach, Miechowie, Nowym S\u0105czu, Gorlicach, O\u015bwi\u0119cimiu, Chrzanowie, Wadowicach i Wieliczce.<\/p>\n<p>Og\u00f3lnopolska Rada Region\u00f3w KOD pozytywnie zarekomendowa\u0142a t\u0119 inicjatyw\u0119, zastrzegaj\u0105c, \u017ce cz\u0142onkowie KOD b\u0119d\u0105 si\u0119 w ni\u0105 anga\u017cowa\u0107 w ramach swoich indywidualnych przekona\u0144.  <\/p>\n<p>\u201cW moim osobistym przekonaniu walka o prawa kobiet, w tym o prawa reprodukcyjne nie jest walk\u0105 o przywileje, ale o elementarne prawa cz\u0142owieka do decydowania o w\u0142asnym zdrowiu i \u017cyciu. Protekcjonalne i przedmiotowe traktowanie po\u0142owy polskiego spo\u0142ecze\u0144stwa jak\u0105 stanowi\u0105 kobiety jest zaprzeczeniem idei demokracji. <\/p>\n<p>\t\u015arodowiska lobbuj\u0105ce za zaostrzeniem prawa aborcyjnego obna\u017caj\u0105 niemoc i bezsilno\u015b\u0107 idei za nimi stoj\u0105cych. Nie b\u0119d\u0105c w stanie przekona\u0107 Polek i Polak\u00f3w do swoich przekona\u0144, pr\u00f3buj\u0105 je wymusi\u0107 za pomoc\u0105 pa\u0144stwowego aparatu represji. <\/p>\n<p>\tTymczasem ta sfera jest najintymniejsz\u0105 dziedzin\u0105 dla ka\u017cdego cz\u0142owieka, powinna zale\u017ce\u0107 wy\u0142\u0105cznie od jego osobistych przekona\u0144 i by\u0107 wolna od ideologicznego przymusu. Pa\u0144stwo winno zapewnia\u0107 opiek\u0119 medyczna zgodn\u0105 z aktualnym stanem wiedzy naukowej, a oceny etyczne i decyzje z nich wynikaj\u0105ce &#8211; pozostawi\u0107 swoim obywatelkom i obywatelom.\u201d <\/p>\n<p>Micha\u0142 Grzemowski, cz\u0142onek zarz\u0105du KOD Ma\u0142opolska<\/p>\n<p><img loading=\"lazy\" decoding=\"async\" src=\"https:\/\/kodmalopolska.pl\/wp-content\/uploads\/2017\/06\/logo-hor-baner_1920_central.png\" alt=\"\" width=\"1920\" height=\"150\" class=\"alignnone size-full wp-image-6955\" srcset=\"https:\/\/kodmalopolska.pl\/wp-content\/uploads\/2017\/06\/logo-hor-baner_1920_central.png 1920w, https:\/\/kodmalopolska.pl\/wp-content\/uploads\/2017\/06\/logo-hor-baner_1920_central-400x31.png 400w, https:\/\/kodmalopolska.pl\/wp-content\/uploads\/2017\/06\/logo-hor-baner_1920_central-1024x80.png 1024w, https:\/\/kodmalopolska.pl\/wp-content\/uploads\/2017\/06\/logo-hor-baner_1920_central-1536x120.png 1536w, https:\/\/kodmalopolska.pl\/wp-content\/uploads\/2017\/06\/logo-hor-baner_1920_central-740x58.png 740w\" sizes=\"auto, (max-width: 1920px) 100vw, 1920px\" \/><\/p>\n","protected":false},"excerpt":{"rendered":"<p>24.08.2017r odby\u0142a si\u0119 konferencja prasowa w sprawie akcji Ratujmy Kobiety, do kt\u00f3rej do\u0142\u0105czyli r\u00f3wnie\u017c cz\u0142onkowie KOD Ma\u0142opolska. Odczytano na niej [&#8230;]<\/p>\n","protected":false},"author":22,"featured_media":0,"comment_status":"closed","ping_status":"open","sticky":false,"template":"","format":"standard","meta":{"_EventAllDay":false,"_EventTimezone":"","_EventStartDate":"","_EventEndDate":"","_EventStartDateUTC":"","_EventEndDateUTC":"","_EventShowMap":false,"_EventShowMapLink":false,"_EventURL":"","_EventCost":"","_EventCostDescription":"","_EventCurrencySymbol":"","_EventCurrencyCode":"","_EventCurrencyPosition":"","_EventDateTimeSeparator":"","_EventTimeRangeSeparator":"","_EventOrganizerID":[],"_EventVenueID":[],"_OrganizerEmail":"","_OrganizerPhone":"","_OrganizerWebsite":"","_VenueAddress":"","_VenueCity":"","_VenueCountry":"","_VenueProvince":"","_VenueState":"","_VenueZip":"","_VenuePhone":"","_VenueURL":"","_VenueStateProvince":"","_VenueLat":"","_VenueLng":"","_VenueShowMap":false,"_VenueShowMapLink":false,"footnotes":""},"categories":[354],"tags":[],"class_list":["post-7633","post","type-post","status-publish","format-standard","hentry","category-dzialania-wspierane-przez-kod-mlp","dzialania-wspierane-przez-kod-mlp"],"_links":{"self":[{"href":"https:\/\/kodmalopolska.pl\/index.php?rest_route=\/wp\/v2\/posts\/7633","targetHints":{"allow":["GET"]}}],"collection":[{"href":"https:\/\/kodmalopolska.pl\/index.php?rest_route=\/wp\/v2\/posts"}],"about":[{"href":"https:\/\/kodmalopolska.pl\/index.php?rest_route=\/wp\/v2\/types\/post"}],"author":[{"embeddable":true,"href":"https:\/\/kodmalopolska.pl\/index.php?rest_route=\/wp\/v2\/users\/22"}],"replies":[{"embeddable":true,"href":"https:\/\/kodmalopolska.pl\/index.php?rest_route=%2Fwp%2Fv2%2Fcomments&post=7633"}],"version-history":[{"count":0,"href":"https:\/\/kodmalopolska.pl\/index.php?rest_route=\/wp\/v2\/posts\/7633\/revisions"}],"wp:attachment":[{"href":"https:\/\/kodmalopolska.pl\/index.php?rest_route=%2Fwp%2Fv2%2Fmedia&parent=7633"}],"wp:term":[{"taxonomy":"category","embeddable":true,"href":"https:\/\/kodmalopolska.pl\/index.php?rest_route=%2Fwp%2Fv2%2Fcategories&post=7633"},{"taxonomy":"post_tag","embeddable":true,"href":"https:\/\/kodmalopolska.pl\/index.php?rest_route=%2Fwp%2Fv2%2Ftags&post=7633"}],"curies":[{"name":"wp","href":"https:\/\/api.w.org\/{rel}","templated":true}]}}