{"id":7618,"date":"2017-08-18T23:32:03","date_gmt":"2017-08-18T21:32:03","guid":{"rendered":"https:\/\/kodmalopolska.pl\/?p=7618"},"modified":"2017-08-18T23:32:03","modified_gmt":"2017-08-18T21:32:03","slug":"swiatelko-dla-sadow-17-sierpnia-2017-lawnicy","status":"publish","type":"post","link":"https:\/\/kodmalopolska.pl\/?p=7618","title":{"rendered":"\u015awiate\u0142ko dla S\u0105d\u00f3w \u2013 17 sierpnia 2017 \u2013 \u0141awnicy"},"content":{"rendered":"<h1 style=\"text-align: center;\"><b>Drugie spotkanie \u201e\u0141awnicy\u201d<\/b><\/h1>\n<p>\u2013 na barce na Wi\u015ble, kt\u00f3re odby\u0142o si\u0119 17.08.2017 rozpocz\u0119\u0142o si\u0119 od projekcji kr\u00f3tkiego fragmentu filmu z 1957 r. \u201eDwunastu gniewnych ludzi\u201d.<\/p>\n<p>Zadajmy sobie pytanie: Jak \u0142awnicy wsp\u00f3\u0142decyduj\u0105? \u2013 zaproponowa\u0142 prof. Fryderyk Zoll. Co ich \u0142\u0105czy w r\u00f3\u017cnych systemach prawnych? Przede wszystkim nie s\u0105 zawodowymi prawnikami i decyduj\u0105 o losach drugiego cz\u0142owieka. S\u0105 czynnikiem spo\u0142ecznym \u2013 obywatelskim.<\/p>\n<p>Dyskusja nad skal\u0105 roli \u0142awnik\u00f3w w systemie prawnym by\u0142a bardzo o\u017cywiona<br \/>\na zdania w\u015br\u00f3d publiczno\u015bci znacz\u0105co podzielone.<\/p>\n<p>W rozmowie podkre\u015blono niebezpiecze\u0144stwo nadmiernej rutyny w orzekaniu. \u0141awnik mo\u017ce spojrze\u0107 na spraw\u0119 \u015bwie\u017cym okiem. Z drugiej strony nieprofesjonalni orzekaj\u0105cy r\u00f3wnie\u017c mog\u0105 da\u0107 si\u0119 ponie\u015b\u0107 emocjom.<\/p>\n<p>S\u0119dzia Maciej Czajka powiedzia\u0142: Po wielu latach do\u015bwiadcze\u0144 profesjonalni s\u0119dziowie s\u0105 w stanie przewidzie\u0107 tok sytuacyjny w sprawach. Codziennie zadaj\u0119 sobie pytanie \u2013 co to jest sprawiedliwo\u015b\u0107 w s\u0105dzie? Kto jest w stanie j\u0105 zapewni\u0107?\u00a0 Nikt tego nie wie. S\u0119dzia nie ma monopolu na sprawiedliwo\u015b\u0107. S\u0119dziowie staraj\u0105 si\u0119 zastosowa\u0107 jak najprofesjonalniej przepisy prawa. Profesjonalizm jest bardzo wa\u017cny, ale nie wyczerpuje sprawiedliwo\u015bci orzekania. Jako s\u0119dzia podejmuj\u0119 decyzj\u0119 sam, k\u0142ad\u0119 si\u0119 z ni\u0105 wieczorem sam i podpisuj\u0119 j\u0105 sam. Tak by\u0107 nie powinno. Powiedzenie czego\u015b na g\u0142os &#8211; nawet do samego siebie &#8211; zmienia sytuacj\u0119. Je\u015bli mam \u0142awnik\u00f3w \u2013 mog\u0119 z nimi porozmawia\u0107. Mog\u0105 mi zwr\u00f3ci\u0107 uwag\u0119 na co\u015b, czego nie widz\u0119. Po wielu latach w ka\u017cdy zaw\u00f3d wkrada si\u0119 rutyna. To jest naturalne. Spotkanie z drugim cz\u0142owiekiem \u2013 \u0142awnikiem ma du\u017c\u0105 wag\u0119. Razem przyjmujemy odpowiedzialno\u015b\u0107 za decyzje. Zwykli obywatele firmuj\u0105 ze mn\u0105 decyzj\u0119 w sprawie innego obywatela.<\/p>\n<p>W dyskusji podkre\u015blono, \u017ce opr\u00f3cz sprawiedliwo\u015bci jest te\u017c\u00a0<b>poczucie<\/b>\u00a0<b>sprawiedliwo\u015bci.<\/b><\/p>\n<p>Prof. Zoll: Proces nie mo\u017ce by\u0107 rutynowym spektaklem.<\/p>\n<p>S\u0119dzia Beata Donhoffner-Grodzicka: najbardziej znacz\u0105ca w filmie \u201eDwunastu gniewnych ludzi\u201d i w realnym \u017cyciu jest dla mnie ch\u0119\u0107 ucieczki \u0142awnik\u00f3w przed konieczno\u015bci\u0105 podj\u0119cia decyzji. Z mojego do\u015bwiadczenia wynika, \u017ce \u0142awnicy nie zawsze chc\u0105 si\u0119 zastanowi\u0107 nad spraw\u0105. Oczekuj\u0119 od nich, \u017ce wezm\u0105 odpowiedzialno\u015b\u0107 za podj\u0119t\u0105 decyzj\u0119 a nie \u017ce podejm\u0105 j\u0105 szybko.<\/p>\n<p>G\u0142os zabra\u0142a r\u00f3wnie\u017c jedna z krakowskich \u0142awniczek: czasem jest tak, \u017ce po orzekaniu w s\u0105dzie nie \u015bpi\u0119 i zastanawiam si\u0119 czy podj\u0119\u0142am w\u0142a\u015bciw\u0105 decyzj\u0119. Ka\u017cdy \u0142awnik jest cz\u0142owiekiem. W procesie natomiast du\u017co zale\u017cy od s\u0119dziego. Je\u015bli chce wraz z \u0142awnikami podj\u0105\u0107 decyzj\u0119, to tak robi.<\/p>\n<p>W dyskusji rola czynnika ludzkiego w orzekaniu okaza\u0142a si\u0119 szalenie znacz\u0105ca zar\u00f3wno u s\u0119dzi\u00f3w jak i \u0142awnik\u00f3w.<\/p>\n<p>Kolejne zasadnicze pytanie, jakie pad\u0142o to: \u0141awnicy nagradzani czy selekcjonowani? Dlaczego brakuje \u0142awnik\u00f3w?<\/p>\n<p>Dostrze\u017cono, \u017ce \u0142awnicy mog\u0105 zar\u00f3wno wp\u0142ywa\u0107 na zwi\u0119kszenie niezawis\u0142o\u015bci s\u0105du, ale je\u015bli \u017ale ukszta\u0142tuje si\u0119 pozycj\u0119 \u0142awnik\u00f3w, mog\u0105 oni by\u0107 tak\u017ce \u017ar\u00f3d\u0142em zagro\u017cenia wp\u0142ywem w\u0142adzy na s\u0105dy.<\/p>\n<p>Dyskutowano o r\u00f3\u017cnych sposobach wybierania \u0142awnik\u00f3w oraz praw<br \/>\ni obowi\u0105zk\u00f3w wszystkich obywateli zwi\u0105zanych z wymierzaniem sprawiedliwo\u015bci.\u00a0\u00a0\u00a0\u00a0\u00a0\u00a0\u00a0\u00a0\u00a0\u00a0\u00a0\u00a0\u00a0\u00a0<wbr><\/wbr>\u00a0 \u00a0\u00a0\u00a0\u00a0\u00a0\u00a0\u00a0\u00a0\u00a0\u00a0\u00a0\u00a0\u00a0\u00a0\u00a0\u00a0\u00a0\u00a0\u00a0\u00a0\u00a0\u00a0\u00a0\u00a0\u00a0\u00a0\u00a0\u00a0\u00a0\u00a0<wbr><\/wbr>\u00a0\u00a0\u00a0\u00a0\u00a0\u00a0\u00a0\u00a0\u00a0\u00a0\u00a0\u00a0\u00a0\u00a0\u00a0\u00a0\u00a0\u00a0\u00a0\u00a0\u00a0\u00a0\u00a0\u00a0\u00a0\u00a0\u00a0\u00a0\u00a0\u00a0<wbr><\/wbr><\/p>\n<p>W dzisiejszej dyskusji udzia\u0142 wzi\u0119li m.in.:<\/p>\n<p>S\u0119dzia Beata Donhoffner-Grodzicka<\/p>\n<p>S\u0119dzia Maciej Czajka.<\/p>\n<p><img loading=\"lazy\" decoding=\"async\" class=\"alignnone size-full wp-image-7619\" src=\"https:\/\/kodmalopolska.pl\/wp-content\/uploads\/2017\/08\/20638185_580088685714142_842500258795497861_n.jpg\" alt=\"\" width=\"960\" height=\"678\" srcset=\"https:\/\/kodmalopolska.pl\/wp-content\/uploads\/2017\/08\/20638185_580088685714142_842500258795497861_n.jpg 960w, https:\/\/kodmalopolska.pl\/wp-content\/uploads\/2017\/08\/20638185_580088685714142_842500258795497861_n-400x283.jpg 400w, https:\/\/kodmalopolska.pl\/wp-content\/uploads\/2017\/08\/20638185_580088685714142_842500258795497861_n-698x493.jpg 698w\" sizes=\"auto, (max-width: 960px) 100vw, 960px\" \/><\/p>\n<p>kilka fotek <strong><a href=\"https:\/\/goo.gl\/photos\/A6QRFzk9kMmjtUxHA\">&lt; KLIK &gt;<\/a><\/strong><br \/>\nwydarzenie na FB <a href=\"https:\/\/www.facebook.com\/events\/258864167935350\/\"><strong>&lt; KLIK &gt;<\/strong><\/a><\/p>\n<p><i>\u015awiate\u0142ko dla s\u0105d\u00f3w<\/i>\u00a0przygotowuj\u0105 nast\u0119puj\u0105ce organizacje:<\/p>\n<ul>\n<li>Komitet Obrony Demokracji Region Ma\u0142opolska<\/li>\n<li>Nowoczesna<\/li>\n<li>Platforma Obywatelska<\/li>\n<li>Stowarzyszenie &#8222;M\u0142odzi Demokraci&#8221;<\/li>\n<li>Razem,<\/li>\n<li>(S)prawa Kobiet<\/li>\n<li>Stowarzyszenie Queerowy Maj<\/li>\n<li>Fundacja R\u00f3wno\u015b\u0107.org.pl<\/li>\n<li>Instytut Monteskiusza<\/li>\n<li>Klub Obywatelski<\/li>\n<li>Unia Europejskich Demokrat\u00f3w<\/li>\n<li>Sojusz Lewicy Demokratycznej<\/li>\n<li>Polskie Stronnictwo Ludowe<\/li>\n<li>Zieloni<\/li>\n<li>M\u0142ody KOD Ma\u0142opolska<\/li>\n<li>M\u0142odzi Nowocze\u015bni<\/li>\n<\/ul>\n<p><a href=\"https:\/\/www.facebook.com\/SwiatelkoDlaSadow\/\" target=\"_blank\" rel=\"noopener\">https:\/\/www.facebook.com\/<wbr><\/wbr>SwiatelkoDlaSadow\/<\/a><\/p>\n<p>Zapraszamy pod s\u0105d w Krakowie 21 sierpnia o godz. 21:00<\/p>\n<p><a href=\"http:\/\/bit.ly\/2wkvNni\" target=\"_blank\" rel=\"noopener\">http:\/\/bit.ly\/2wkvNni<\/a><\/p>\n","protected":false},"excerpt":{"rendered":"<p>Drugie spotkanie \u201e\u0141awnicy\u201d \u2013 na barce na Wi\u015ble, kt\u00f3re odby\u0142o si\u0119 17.08.2017 rozpocz\u0119\u0142o si\u0119 od projekcji kr\u00f3tkiego fragmentu filmu z [&#8230;]<\/p>\n","protected":false},"author":11,"featured_media":7619,"comment_status":"closed","ping_status":"open","sticky":false,"template":"","format":"standard","meta":{"_EventAllDay":false,"_EventTimezone":"","_EventStartDate":"","_EventEndDate":"","_EventStartDateUTC":"","_EventEndDateUTC":"","_EventShowMap":false,"_EventShowMapLink":false,"_EventURL":"","_EventCost":"","_EventCostDescription":"","_EventCurrencySymbol":"","_EventCurrencyCode":"","_EventCurrencyPosition":"","_EventDateTimeSeparator":"","_EventTimeRangeSeparator":"","_EventOrganizerID":[],"_EventVenueID":[],"_OrganizerEmail":"","_OrganizerPhone":"","_OrganizerWebsite":"","_VenueAddress":"","_VenueCity":"","_VenueCountry":"","_VenueProvince":"","_VenueState":"","_VenueZip":"","_VenuePhone":"","_VenueURL":"","_VenueStateProvince":"","_VenueLat":"","_VenueLng":"","_VenueShowMap":false,"_VenueShowMapLink":false,"footnotes":""},"categories":[31],"tags":[103,171,297,208,104],"class_list":["post-7618","post","type-post","status-publish","format-standard","has-post-thumbnail","hentry","category-relacje-krakow","tag-klub-obywatelski","tag-kod","tag-kod-malopolska","tag-krakow","tag-prof-zoll","relacje-krakow"],"_links":{"self":[{"href":"https:\/\/kodmalopolska.pl\/index.php?rest_route=\/wp\/v2\/posts\/7618","targetHints":{"allow":["GET"]}}],"collection":[{"href":"https:\/\/kodmalopolska.pl\/index.php?rest_route=\/wp\/v2\/posts"}],"about":[{"href":"https:\/\/kodmalopolska.pl\/index.php?rest_route=\/wp\/v2\/types\/post"}],"author":[{"embeddable":true,"href":"https:\/\/kodmalopolska.pl\/index.php?rest_route=\/wp\/v2\/users\/11"}],"replies":[{"embeddable":true,"href":"https:\/\/kodmalopolska.pl\/index.php?rest_route=%2Fwp%2Fv2%2Fcomments&post=7618"}],"version-history":[{"count":0,"href":"https:\/\/kodmalopolska.pl\/index.php?rest_route=\/wp\/v2\/posts\/7618\/revisions"}],"wp:featuredmedia":[{"embeddable":true,"href":"https:\/\/kodmalopolska.pl\/index.php?rest_route=\/wp\/v2\/media\/7619"}],"wp:attachment":[{"href":"https:\/\/kodmalopolska.pl\/index.php?rest_route=%2Fwp%2Fv2%2Fmedia&parent=7618"}],"wp:term":[{"taxonomy":"category","embeddable":true,"href":"https:\/\/kodmalopolska.pl\/index.php?rest_route=%2Fwp%2Fv2%2Fcategories&post=7618"},{"taxonomy":"post_tag","embeddable":true,"href":"https:\/\/kodmalopolska.pl\/index.php?rest_route=%2Fwp%2Fv2%2Ftags&post=7618"}],"curies":[{"name":"wp","href":"https:\/\/api.w.org\/{rel}","templated":true}]}}