{"id":7367,"date":"2017-07-21T23:54:10","date_gmt":"2017-07-21T21:54:10","guid":{"rendered":"https:\/\/kodmalopolska.pl\/?p=7367"},"modified":"2017-07-22T13:18:34","modified_gmt":"2017-07-22T11:18:34","slug":"krakow-22-07-17","status":"publish","type":"post","link":"https:\/\/kodmalopolska.pl\/?p=7367","title":{"rendered":"Krak\u00f3w, 21.07.17"},"content":{"rendered":"<div class=\"fb-video\" data-href=\"https:\/\/web.facebook.com\/jacek.niedzwiecki.102\/videos\/570766239979720\/\" data-width=\"740\" data-show-text=\"false\">\n<blockquote class=\"fb-xfbml-parse-ignore\" cite=\"https:\/\/www.facebook.com\/jacek.niedzwiecki.102\/videos\/570766239979720\/\"><p>Wolno\u015b\u0107 &#8211; Krak\u00f3w Manifestuje<\/p>\n<p>Opublikowany przez <a href=\"https:\/\/www.facebook.com\/jacek.niedzwiecki.102\">Jacek Nied\u017awiecki<\/a> na 21 lipca 2017<\/p><\/blockquote>\n<\/div>\n","protected":false},"excerpt":{"rendered":"<p>Wolno\u015b\u0107 &#8211; Krak\u00f3w Manifestuje Opublikowany przez Jacek Nied\u017awiecki na 21 lipca 2017<\/p>\n","protected":false},"author":2,"featured_media":0,"comment_status":"closed","ping_status":"open","sticky":false,"template":"","format":"standard","meta":{"_EventAllDay":false,"_EventTimezone":"","_EventStartDate":"","_EventEndDate":"","_EventStartDateUTC":"","_EventEndDateUTC":"","_EventShowMap":false,"_EventShowMapLink":false,"_EventURL":"","_EventCost":"","_EventCostDescription":"","_EventCurrencySymbol":"","_EventCurrencyCode":"","_EventCurrencyPosition":"","_EventDateTimeSeparator":"","_EventTimeRangeSeparator":"","_EventOrganizerID":[],"_EventVenueID":[],"_OrganizerEmail":"","_OrganizerPhone":"","_OrganizerWebsite":"","_VenueAddress":"","_VenueCity":"","_VenueCountry":"","_VenueProvince":"","_VenueState":"","_VenueZip":"","_VenuePhone":"","_VenueURL":"","_VenueStateProvince":"","_VenueLat":"","_VenueLng":"","_VenueShowMap":false,"_VenueShowMapLink":false,"footnotes":""},"categories":[31],"tags":[],"class_list":["post-7367","post","type-post","status-publish","format-standard","hentry","category-relacje-krakow","relacje-krakow"],"_links":{"self":[{"href":"https:\/\/kodmalopolska.pl\/index.php?rest_route=\/wp\/v2\/posts\/7367","targetHints":{"allow":["GET"]}}],"collection":[{"href":"https:\/\/kodmalopolska.pl\/index.php?rest_route=\/wp\/v2\/posts"}],"about":[{"href":"https:\/\/kodmalopolska.pl\/index.php?rest_route=\/wp\/v2\/types\/post"}],"author":[{"embeddable":true,"href":"https:\/\/kodmalopolska.pl\/index.php?rest_route=\/wp\/v2\/users\/2"}],"replies":[{"embeddable":true,"href":"https:\/\/kodmalopolska.pl\/index.php?rest_route=%2Fwp%2Fv2%2Fcomments&post=7367"}],"version-history":[{"count":0,"href":"https:\/\/kodmalopolska.pl\/index.php?rest_route=\/wp\/v2\/posts\/7367\/revisions"}],"wp:attachment":[{"href":"https:\/\/kodmalopolska.pl\/index.php?rest_route=%2Fwp%2Fv2%2Fmedia&parent=7367"}],"wp:term":[{"taxonomy":"category","embeddable":true,"href":"https:\/\/kodmalopolska.pl\/index.php?rest_route=%2Fwp%2Fv2%2Fcategories&post=7367"},{"taxonomy":"post_tag","embeddable":true,"href":"https:\/\/kodmalopolska.pl\/index.php?rest_route=%2Fwp%2Fv2%2Ftags&post=7367"}],"curies":[{"name":"wp","href":"https:\/\/api.w.org\/{rel}","templated":true}]}}