{"id":7088,"date":"2017-07-14T18:42:44","date_gmt":"2017-07-14T16:42:44","guid":{"rendered":"https:\/\/kodmalopolska.pl\/?p=7088"},"modified":"2017-07-18T00:58:32","modified_gmt":"2017-07-17T22:58:32","slug":"solidarni-z-ofiarami-wojny","status":"publish","type":"post","link":"https:\/\/kodmalopolska.pl\/?p=7088","title":{"rendered":"Solidarni z ofiarami wojny"},"content":{"rendered":"<h2 style=\"text-align: center;\"><strong><br \/>\nHappening i pokaz filmowy po\u015bwi\u0119cony losowi uchod\u017ac\u00f3w<\/strong><\/h2>\n<div class=\"_h8t\">\n<div class=\"_5wd9 direction_ltr\">\n<div class=\"_5wde _n4o\">\n<div class=\"_5w1r _3_om _5wdf\">\n<div class=\"_4gx_\">\n<div class=\"_d97\"><span class=\"_5yl5\">Ma\u0142opolski region Komitetu Obrony Demokracji zorganizowa\u0142 w czwartek 13 lipca 2017 r. na placu Bohater\u00f3w Getta w Krakowie happening po\u015bwi\u0119cony losowi uchod\u017ac\u00f3w z Syrii. Plac Bohater\u00f3w Getta zosta\u0142 wybrany nieprzypadkowo, gdy\u017c stanowi on sam w sobie szczeg\u00f3lny pomnik wielkiej ludzkiej tragedii.<\/span><\/div>\n<h2 class=\"_d97\"><\/h2>\n<div class=\"_d97\">\u00a0<em><strong>\u201eChcemy pokaza\u0107 krakowianom, \u017ce uchod\u017acy s\u0105 ofiarami wojny i potrzebuj\u0105 naszej pomocy. Chcemy przypomnie\u0107, \u017ce Polacy te\u017c \u2013 w ca\u0142ej historii naszego narodu \u2013 wielokrotnie korzystali z\u00a0pomocy ludzi z\u00a0innych kraj\u00f3w.\u201d<\/strong><\/em><\/div>\n<h2 class=\"_d97\"><\/h2>\n<div class=\"_d97\"><span class=\"_5yl5\">W happeningu wykorzystano obsypany nagrodami wiersz Somalijki Warsan Shire \u201eDom\u201d przeczytany w\u00a0polskim t\u0142umaczeniu oraz wy\u015bwietlono film, w kt\u00f3rym w przejmuj\u0105cy spos\u00f3b zestawione zosta\u0142y zdj\u0119cia pokazuj\u0105ce losy polskich i syryjskich uchod\u017ac\u00f3w oraz obrazy zrujnowanej Warszawy i Aleppo. <\/span><\/div>\n<h2 class=\"_d97\"><\/h2>\n<div class=\"_d97\">\u00a0<span class=\"_5yl5\">Na placu przy ka\u017cdym krze\u015ble zgromadzili si\u0119 niemi \u015bwiadkowie tragedii, niekt\u00f3rzy w strojach uchod\u017ac\u00f3w, z has\u0142ami np. \u201eStop wojnie, nie uchod\u017acom\u201d, \u201eNo One is Illegal\u201d&#8230;<\/span><\/div>\n<h2 class=\"_d97\"><\/h2>\n<div class=\"_d97\">\u00a0Muzycznie happening ilustrowa\u0142 Zbigniew Pawe\u0142czyk.<\/div>\n<\/div>\n<\/div>\n<div class=\"_5w1r _3_om _5wdf\">\n<div class=\"_d97\">.<\/div>\n<\/div>\n<div class=\"_d97\">&#8212;&#8212;&#8212;&#8212;&#8212;&#8212;&#8212;&#8212;&#8212;&#8212;&#8212;&#8212;&#8212;&#8212;&#8212;&#8212;&#8212;&#8212;&#8212;&#8212;&#8212;&#8211;<\/div>\n<div class=\"_d97\">\n<p><em>Warsan Shire<\/em><br \/>\n<em><strong>Dom<\/strong><\/em><\/p>\n<p><em>nie porzuca si\u0119 domu, chyba \u017ce\u00a0<\/em><br \/>\n<em>dom to paszcza rekina<\/em><br \/>\n<em>biegniesz ku granicy tylko wtedy<\/em><br \/>\n<em>gdy ca\u0142e miasto biegnie razem z tob\u0105<\/em><\/p>\n<p><em>s\u0105siedzi biegn\u0105 szybciej ni\u017c ty<\/em><br \/>\n<em>a oddech krwawy w ich gard\u0142ach<\/em><br \/>\n<em>ch\u0142opak, kt\u00f3ry chodzi\u0142 z tob\u0105 do szko\u0142y<\/em><br \/>\n<em>kt\u00f3ry ca\u0142owa\u0142 ci\u0119 do nieprzytomno\u015bci\u00a0<\/em><br \/>\n<em>za star\u0105 fabryk\u0105 cyny<\/em><br \/>\n<em>niesie karabin wi\u0119kszy od siebie<\/em><br \/>\n<em>porzucasz sw\u00f3j dom tylko wtedy<\/em><br \/>\n<em>gdy dom nie pozwala ci zosta\u0107<\/em><\/p>\n<p><em>nie porzuca si\u0119 domu, chyba \u017ce<\/em><br \/>\n<em>dom ci\u0119 wygania<\/em><br \/>\n<em>ogie\u0144 pod twymi stopami<\/em><br \/>\n<em>gor\u0105ca krew w twych wn\u0119trzno\u015bciach<\/em><br \/>\n<em>nigdy nawet przez my\u015bl ci nie przesz\u0142o<\/em><br \/>\n<em>\u017ce kiedykolwiek to zrobisz<\/em><br \/>\n<em>a\u017c ostrze wypali\u0142o swe gro\u017aby\u00a0<\/em><br \/>\n<em>na twej szyi<\/em><br \/>\n<em>ale nawet wtedy nucisz hymn pod nosem<\/em><br \/>\n<em>i dopiero w toalecie na lotnisku drzesz sw\u00f3j paszport<\/em><br \/>\n<em>szlochaj\u0105c, gdy\u017c ka\u017cdy k\u0119s papieru<\/em><br \/>\n<em>u\u015bwiadamia ci, \u017ce powrotu nie b\u0119dzie<\/em><\/p>\n<p><em>musisz zrozumie\u0107<\/em><br \/>\n<em>\u017ce nikt nie wk\u0142ada swych dzieci do \u0142odzi<\/em><br \/>\n<em>chyba \u017ce woda jest bezpieczniejsza ni\u017c l\u0105d<\/em><br \/>\n<em>nikt nie parzy swych d\u0142oni<\/em><br \/>\n<em>pod poci\u0105gami<\/em><br \/>\n<em>pod wagonami<\/em><br \/>\n<em>nikt nie sp\u0119dza dni i nocy<\/em><br \/>\n<em>w czelu\u015bciach ci\u0119\u017car\u00f3wek<\/em><br \/>\n<em>jedz\u0105c gazety, chyba \u017ce<\/em><br \/>\n<em>przebyte mile<\/em><br \/>\n<em>oznaczaj\u0105 co\u015b wi\u0119cej ni\u017c podr\u00f3\u017c<\/em><br \/>\n<em>nikt nie przeczo\u0142guje si\u0119 pod p\u0142otami<\/em><br \/>\n<em>nikt nie chce by\u0107 bity<\/em><br \/>\n<em>by\u0107 obiektem lito\u015bci<\/em><\/p>\n<p><em>nikt nie wybiera oboz\u00f3w dla uchod\u017ac\u00f3w<\/em><br \/>\n<em>ani rewizji osobistej<\/em><br \/>\n<em>kiedy twe cia\u0142o rozdziera b\u00f3l<\/em><br \/>\n<em>ani wi\u0119zienia<\/em><br \/>\n<em>poniewa\u017c wi\u0119zienie jest bezpieczniejsze<\/em><br \/>\n<em>ni\u017c miasto w ogniu<\/em><br \/>\n<em>a jeden stra\u017cnik wi\u0119zienny<\/em><br \/>\n<em>noc\u0105<\/em><br \/>\n<em>jest lepszy ni\u017c ca\u0142a ci\u0119\u017car\u00f3wka<\/em><br \/>\n<em>m\u0119\u017cczyzn w wieku twego ojca<\/em><br \/>\n<em>nikt nie m\u00f3g\u0142by tego wytrzyma\u0107<\/em><br \/>\n<em>nikt nie m\u00f3g\u0142by tego znie\u015b\u0107<\/em><br \/>\n<em>niczyja sk\u00f3ra nie by\u0142aby do\u015b\u0107 twarda<\/em><\/p>\n<p><em>te<\/em><br \/>\n<em>ciapaci do domu<\/em><br \/>\n<em>uchod\u017acy<\/em><br \/>\n<em>brudni imigranci<\/em><br \/>\n<em>azylanci<\/em><br \/>\n<em>wyzyskiwacze naszego kraju<\/em><br \/>\n<em>\u017cebrz\u0105ce czarnuchy<\/em><br \/>\n<em>\u015bmierdziele<\/em><br \/>\n<em>roznosz\u0105ce paso\u017cyty<\/em><br \/>\n<em>rozwalili sw\u00f3j kraj, a teraz chc\u0105<\/em><br \/>\n<em>rozwali\u0107 nasz<\/em><br \/>\n<em>jak te s\u0142owa<\/em><br \/>\n<em>te nienawistne spojrzenia<\/em><br \/>\n<em>sp\u0142ywaj\u0105 po tobie<\/em><br \/>\n<em>mo\u017ce dlatego, \u017ce uderzenie mniej boli<\/em><br \/>\n<em>ni\u017c wyrywana ko\u0144czyna<\/em><\/p>\n<p><em>lub \u017ce s\u0142owa s\u0105 \u0142agodniejsze<\/em><br \/>\n<em>ni\u017c tuzin m\u0119\u017cczyzn mi\u0119dzy<\/em><br \/>\n<em>twymi nogami<\/em><br \/>\n<em>albo, \u017ce obelgi \u0142atwiej<\/em><br \/>\n<em>prze\u0142kn\u0105\u0107<\/em><br \/>\n<em>ni\u017c ruiny<\/em><br \/>\n<em>ni\u017c ko\u015bci<\/em><br \/>\n<em>ni\u017c cia\u0142o twego dziecka<\/em><br \/>\n<em>w kawa\u0142kach<\/em><br \/>\n<em>chc\u0119 wr\u00f3ci\u0107 do domu<\/em><br \/>\n<em>ale dom to paszcza rekina<\/em><br \/>\n<em>dom jest luf\u0105 karabinu<\/em><br \/>\n<em>i nikt nie porzuci\u0142by domu<\/em><br \/>\n<em>chyba \u017ce dom pogoni\u0142by ci\u0119 na brzeg<\/em><br \/>\n<em>chyba \u017ce dom kaza\u0142by ci<\/em><br \/>\n<em>szybciej biec<\/em><br \/>\n<em>zostawi\u0107 swe rzeczy<\/em><br \/>\n<em>czo\u0142ga\u0107 si\u0119 przez pustyni\u0119<\/em><br \/>\n<em>brodzi\u0107 przez oceany<\/em><br \/>\n<em>ton\u0105\u0107<\/em><br \/>\n<em>g\u0142odowa\u0107<\/em><br \/>\n<em>\u017cebra\u0107<\/em><br \/>\n<em>porzuci\u0107 dum\u0119<\/em><br \/>\n<em>twoje przetrwanie jest jednak wa\u017cniejsze<\/em><\/p>\n<p><em>nikt nie porzuca domu, p\u00f3ki dom nie jest<\/em><br \/>\n<em>spoconym g\u0142osem w twych uszach<\/em><br \/>\n<em>m\u00f3wi\u0105cym<\/em><br \/>\n<em>uciekaj<\/em><br \/>\n<em>uciekaj ode mnie natychmiast<\/em><br \/>\n<em>nie wiem, kim si\u0119 sta\u0142am<\/em><br \/>\n<em>ale wiem, \u017ce wsz\u0119dzie\u00a0<\/em><br \/>\n<em>jest bezpieczniej, ni\u017c tutaj<\/em><\/p>\n<\/div>\n<div class=\"_d97\">&#8212;&#8212;&#8212;&#8212;&#8212;&#8212;&#8212;&#8212;&#8212;&#8212;&#8212;&#8212;&#8212;&#8212;&#8212;&#8212;&#8212;&#8212;&#8212;&#8212;&#8212;&#8211;<\/div>\n<div class=\"_5w1r _3_om _5wdf\">.<\/div>\n<div class=\"_5w1r _3_om _5wdf\"><strong>Film wy\u015bwietlany w trakcie happeningu:<\/strong> &lt; <a href=\"https:\/\/www.facebook.com\/KODMalopolskie\/videos\/1920077454929600\/?fref=mentions\"><strong>KLIK<\/strong><\/a> &gt;<\/div>\n<div class=\"_5w1r _3_om _5wdf\"><strong>Foto<\/strong> Wojtek Kogut (wojtek.kogut@gmail.com):\u00a0<strong>&lt;\u00a0<a href=\"https:\/\/photos.app.goo.gl\/akhoAZBhQujC444Q2\">KLIK<\/a> &gt;<\/strong><\/div>\n<div class=\"_5w1r _3_om _5wdf\"><strong>VideoRelacja z happeningu<\/strong> (Krzysztof Nowak): &lt; <a href=\"https:\/\/drive.google.com\/file\/d\/0B8T7r2FV2E3XV3dHY0JnY2xPbk0\/view\"><strong>KLIK<\/strong><\/a> &gt;<\/div>\n<div class=\"_5w1r _3_om _5wdf\">Kilka uj\u0119\u0107 z przygotowa\u0144 i z happeningu (TeKa): <strong>&lt; <a href=\"https:\/\/photos.app.goo.gl\/OIIXil1hXyttG3QU2\">KLIK<\/a> &gt;<\/strong><\/div>\n<\/div>\n<\/div>\n<\/div>\n","protected":false},"excerpt":{"rendered":"<p>Happening i pokaz filmowy po\u015bwi\u0119cony losowi uchod\u017ac\u00f3w Ma\u0142opolski region Komitetu Obrony Demokracji zorganizowa\u0142 w czwartek 13 lipca 2017 r. na [&#8230;]<\/p>\n","protected":false},"author":11,"featured_media":7089,"comment_status":"closed","ping_status":"open","sticky":false,"template":"","format":"standard","meta":{"_EventAllDay":false,"_EventTimezone":"","_EventStartDate":"","_EventEndDate":"","_EventStartDateUTC":"","_EventEndDateUTC":"","_EventShowMap":false,"_EventShowMapLink":false,"_EventURL":"","_EventCost":"","_EventCostDescription":"","_EventCurrencySymbol":"","_EventCurrencyCode":"","_EventCurrencyPosition":"","_EventDateTimeSeparator":"","_EventTimeRangeSeparator":"","_EventOrganizerID":[],"_EventVenueID":[],"_OrganizerEmail":"","_OrganizerPhone":"","_OrganizerWebsite":"","_VenueAddress":"","_VenueCity":"","_VenueCountry":"","_VenueProvince":"","_VenueState":"","_VenueZip":"","_VenuePhone":"","_VenueURL":"","_VenueStateProvince":"","_VenueLat":"","_VenueLng":"","_VenueShowMap":false,"_VenueShowMapLink":false,"footnotes":""},"categories":[31],"tags":[324,171,208,126,308],"class_list":["post-7088","post","type-post","status-publish","format-standard","has-post-thumbnail","hentry","category-relacje-krakow","tag-happening","tag-kod","tag-krakow","tag-relacja","tag-uchodzcy","relacje-krakow"],"_links":{"self":[{"href":"https:\/\/kodmalopolska.pl\/index.php?rest_route=\/wp\/v2\/posts\/7088","targetHints":{"allow":["GET"]}}],"collection":[{"href":"https:\/\/kodmalopolska.pl\/index.php?rest_route=\/wp\/v2\/posts"}],"about":[{"href":"https:\/\/kodmalopolska.pl\/index.php?rest_route=\/wp\/v2\/types\/post"}],"author":[{"embeddable":true,"href":"https:\/\/kodmalopolska.pl\/index.php?rest_route=\/wp\/v2\/users\/11"}],"replies":[{"embeddable":true,"href":"https:\/\/kodmalopolska.pl\/index.php?rest_route=%2Fwp%2Fv2%2Fcomments&post=7088"}],"version-history":[{"count":0,"href":"https:\/\/kodmalopolska.pl\/index.php?rest_route=\/wp\/v2\/posts\/7088\/revisions"}],"wp:featuredmedia":[{"embeddable":true,"href":"https:\/\/kodmalopolska.pl\/index.php?rest_route=\/wp\/v2\/media\/7089"}],"wp:attachment":[{"href":"https:\/\/kodmalopolska.pl\/index.php?rest_route=%2Fwp%2Fv2%2Fmedia&parent=7088"}],"wp:term":[{"taxonomy":"category","embeddable":true,"href":"https:\/\/kodmalopolska.pl\/index.php?rest_route=%2Fwp%2Fv2%2Fcategories&post=7088"},{"taxonomy":"post_tag","embeddable":true,"href":"https:\/\/kodmalopolska.pl\/index.php?rest_route=%2Fwp%2Fv2%2Ftags&post=7088"}],"curies":[{"name":"wp","href":"https:\/\/api.w.org\/{rel}","templated":true}]}}