{"id":6912,"date":"2017-06-05T17:43:02","date_gmt":"2017-06-05T15:43:02","guid":{"rendered":"https:\/\/kodmalopolska.pl\/?p=6912"},"modified":"2017-06-05T17:43:02","modified_gmt":"2017-06-05T15:43:02","slug":"lyk-wolnosci-w-myslenicach-relacja","status":"publish","type":"post","link":"https:\/\/kodmalopolska.pl\/?p=6912","title":{"rendered":"\u0141yk Wolno\u015bci w My\u015blenicach &#8211; relacja"},"content":{"rendered":"<p>4 czerwca w My\u015blenicach odby\u0142o si\u0119 tradycyjne spotkanie z okazji Dnia Wolno\u015bci i Praw Obywatelskich. Spotkanie pod has\u0142em \u0141yk Wolno\u015bci &#8211; kt\u00f3re w tym samym czasie odbywa\u0142y si\u0119 w ca\u0142ej Polsce &#8211; mia\u0142o na celu przypomnienie pierwszych wolnych wybor\u00f3w 4 czerwca 1989. W obchodach uczestniczyli mi\u0119dzy innymi Pani Europos\u0142anka R\u00f3\u017ca Thun oraz Senator Stanis\u0142aw Bisztyga, sympatycy PO, cz\u0142onkowie i sympatycy My\u015blenickiej Grupy Lokalnej KOD i Nowoczesnej.<\/p>\n<p>W mi\u0142ej &#8211; mo\u017cna wr\u0119cz powiedzie\u0107 &#8211; rodzinnej atmosferze po tradycyjnym toa\u015bcie, przybyli na t\u0119 uroczysto\u015b\u0107 mieszka\u0144cy My\u015blenic i okolic wsp\u00f3lnie \u015bwi\u0119towali i wspominali 4 czerwca i kolejne rocznice zwi\u0105zane z tym wydarzeniem.<\/p>\n<p>Pani R\u00f3\u017cy tradycyjnie wr\u0119czyli\u015bmy my\u015blenicki znaczek \ud83d\ude42<\/p>\n<p>&nbsp;<\/p>\n<div class=\"rl-gallery-container \" id=\"rl-gallery-container-1\" data-gallery_id=\"0\"> <div class=\"rl-gallery rl-basicmasonry-gallery \" id=\"rl-gallery-1\" data-gallery_no=\"1\"> <div class=\"rl-gutter-sizer\"><\/div><div class=\"rl-grid-sizer\"><\/div> <div class=\"rl-gallery-item rl-gallery-item-width-4\" > <div class=\"rl-gallery-item-content\"> <a href=\"https:\/\/kodmalopolska.pl\/wp-content\/uploads\/2017\/06\/lyk.jpg\" title=\"\" data-rl_title=\"\" class=\"rl-gallery-link\" data-rl_caption=\"\" data-rel=\"lightbox-gallery-bGlnaHRib3gtZ2FsbGVyeS0x\" data-rl_title=\"\" data-rl_caption=\"\"><img loading=\"lazy\" decoding=\"async\" src=\"https:\/\/kodmalopolska.pl\/wp-content\/uploads\/2017\/06\/lyk-400x225.jpg\" width=\"400\" height=\"225\" alt=\"\" \/><\/a> <\/div> <\/div> <div class=\"rl-gallery-item\" > <div class=\"rl-gallery-item-content\"> <a href=\"https:\/\/kodmalopolska.pl\/wp-content\/uploads\/2017\/06\/18881854_255527834926979_6427058988025970791_n.jpg\" title=\"\" data-rl_title=\"\" class=\"rl-gallery-link\" data-rl_caption=\"\" data-rel=\"lightbox-gallery-bGlnaHRib3gtZ2FsbGVyeS0x\" data-rl_title=\"\" data-rl_caption=\"\"><img loading=\"lazy\" decoding=\"async\" src=\"https:\/\/kodmalopolska.pl\/wp-content\/uploads\/2017\/06\/18881854_255527834926979_6427058988025970791_n-400x300.jpg\" width=\"400\" height=\"300\" alt=\"\" \/><\/a> <\/div> <\/div> <div class=\"rl-gallery-item\" > <div class=\"rl-gallery-item-content\"> <a href=\"https:\/\/kodmalopolska.pl\/wp-content\/uploads\/2017\/06\/18814333_255528484926914_9219019215246414843_n.jpg\" title=\"\" data-rl_title=\"\" class=\"rl-gallery-link\" data-rl_caption=\"\" data-rel=\"lightbox-gallery-bGlnaHRib3gtZ2FsbGVyeS0x\" data-rl_title=\"\" data-rl_caption=\"\"><img loading=\"lazy\" decoding=\"async\" src=\"https:\/\/kodmalopolska.pl\/wp-content\/uploads\/2017\/06\/18814333_255528484926914_9219019215246414843_n-400x300.jpg\" width=\"400\" height=\"300\" alt=\"\" \/><\/a> <\/div> <\/div> <div class=\"rl-gallery-item\" > <div class=\"rl-gallery-item-content\"> <a href=\"https:\/\/kodmalopolska.pl\/wp-content\/uploads\/2017\/06\/IMG_0356-1024x1024.jpg\" title=\"\" data-rl_title=\"\" class=\"rl-gallery-link\" data-rl_caption=\"\" data-rel=\"lightbox-gallery-bGlnaHRib3gtZ2FsbGVyeS0x\" data-rl_title=\"\" data-rl_caption=\"\"><img loading=\"lazy\" decoding=\"async\" src=\"https:\/\/kodmalopolska.pl\/wp-content\/uploads\/2017\/06\/IMG_0356-1024x1024-400x300.jpg\" width=\"400\" height=\"300\" alt=\"\" \/><\/a> <\/div> <\/div> <div class=\"rl-gallery-item\" > <div class=\"rl-gallery-item-content\"> <a href=\"https:\/\/kodmalopolska.pl\/wp-content\/uploads\/2017\/06\/IMG_0351-1024x1024.jpg\" title=\"\" data-rl_title=\"\" class=\"rl-gallery-link\" data-rl_caption=\"\" data-rel=\"lightbox-gallery-bGlnaHRib3gtZ2FsbGVyeS0x\" data-rl_title=\"\" data-rl_caption=\"\"><img loading=\"lazy\" decoding=\"async\" src=\"https:\/\/kodmalopolska.pl\/wp-content\/uploads\/2017\/06\/IMG_0351-1024x1024-400x300.jpg\" width=\"400\" height=\"300\" alt=\"\" \/><\/a> <\/div> <\/div> <div class=\"rl-gallery-item\" > <div class=\"rl-gallery-item-content\"> <a href=\"https:\/\/kodmalopolska.pl\/wp-content\/uploads\/2017\/06\/IMG_0358-1024x1024.jpg\" title=\"\" data-rl_title=\"\" class=\"rl-gallery-link\" data-rl_caption=\"\" data-rel=\"lightbox-gallery-bGlnaHRib3gtZ2FsbGVyeS0x\" data-rl_title=\"\" data-rl_caption=\"\"><img loading=\"lazy\" decoding=\"async\" src=\"https:\/\/kodmalopolska.pl\/wp-content\/uploads\/2017\/06\/IMG_0358-1024x1024-400x300.jpg\" width=\"400\" height=\"300\" alt=\"\" \/><\/a> <\/div> <\/div> <\/div> <\/div>\n<p>&nbsp;<\/p>\n<p>\u017ar\u00f3d\u0142o: kmy.pl (<a href=\"http:\/\/kmy.pl\/lyk-wolnosci\/\">http:\/\/kmy.pl\/lyk-wolnosci\/<\/a>)<br \/>\nzdj\u0119cia: kmy.pl, PO My\u015blenice<\/p>\n","protected":false},"excerpt":{"rendered":"<p>4 czerwca w My\u015blenicach odby\u0142o si\u0119 tradycyjne spotkanie z okazji Dnia Wolno\u015bci i Praw Obywatelskich. Spotkanie pod has\u0142em \u0141yk Wolno\u015bci [&#8230;]<\/p>\n","protected":false},"author":24,"featured_media":6918,"comment_status":"closed","ping_status":"open","sticky":false,"template":"","format":"standard","meta":{"_EventAllDay":false,"_EventTimezone":"","_EventStartDate":"","_EventEndDate":"","_EventStartDateUTC":"","_EventEndDateUTC":"","_EventShowMap":false,"_EventShowMapLink":false,"_EventURL":"","_EventCost":"","_EventCostDescription":"","_EventCurrencySymbol":"","_EventCurrencyCode":"","_EventCurrencyPosition":"","_EventDateTimeSeparator":"","_EventTimeRangeSeparator":"","_EventOrganizerID":[],"_EventVenueID":[],"_OrganizerEmail":"","_OrganizerPhone":"","_OrganizerWebsite":"","_VenueAddress":"","_VenueCity":"","_VenueCountry":"","_VenueProvince":"","_VenueState":"","_VenueZip":"","_VenuePhone":"","_VenueURL":"","_VenueStateProvince":"","_VenueLat":"","_VenueLng":"","_VenueShowMap":false,"_VenueShowMapLink":false,"footnotes":""},"categories":[238],"tags":[261,119,107,109],"class_list":["post-6912","post","type-post","status-publish","format-standard","has-post-thumbnail","hentry","category-relacje-msle","tag-myslenice","tag-roza-thun","tag-spotkanie","tag-spotkanie-otwarte","relacje-msle"],"_links":{"self":[{"href":"https:\/\/kodmalopolska.pl\/index.php?rest_route=\/wp\/v2\/posts\/6912","targetHints":{"allow":["GET"]}}],"collection":[{"href":"https:\/\/kodmalopolska.pl\/index.php?rest_route=\/wp\/v2\/posts"}],"about":[{"href":"https:\/\/kodmalopolska.pl\/index.php?rest_route=\/wp\/v2\/types\/post"}],"author":[{"embeddable":true,"href":"https:\/\/kodmalopolska.pl\/index.php?rest_route=\/wp\/v2\/users\/24"}],"replies":[{"embeddable":true,"href":"https:\/\/kodmalopolska.pl\/index.php?rest_route=%2Fwp%2Fv2%2Fcomments&post=6912"}],"version-history":[{"count":0,"href":"https:\/\/kodmalopolska.pl\/index.php?rest_route=\/wp\/v2\/posts\/6912\/revisions"}],"wp:featuredmedia":[{"embeddable":true,"href":"https:\/\/kodmalopolska.pl\/index.php?rest_route=\/wp\/v2\/media\/6918"}],"wp:attachment":[{"href":"https:\/\/kodmalopolska.pl\/index.php?rest_route=%2Fwp%2Fv2%2Fmedia&parent=6912"}],"wp:term":[{"taxonomy":"category","embeddable":true,"href":"https:\/\/kodmalopolska.pl\/index.php?rest_route=%2Fwp%2Fv2%2Fcategories&post=6912"},{"taxonomy":"post_tag","embeddable":true,"href":"https:\/\/kodmalopolska.pl\/index.php?rest_route=%2Fwp%2Fv2%2Ftags&post=6912"}],"curies":[{"name":"wp","href":"https:\/\/api.w.org\/{rel}","templated":true}]}}