{"id":6860,"date":"2017-05-29T09:17:02","date_gmt":"2017-05-29T07:17:02","guid":{"rendered":"http:\/\/kodmalopolska.pl\/?p=6860"},"modified":"2017-05-29T19:17:33","modified_gmt":"2017-05-29T17:17:33","slug":"wiesci-z-walnego-zebrania-delegatow","status":"publish","type":"post","link":"https:\/\/kodmalopolska.pl\/?p=6860","title":{"rendered":"Wie\u015bci z Walnego Zebrania Delegat\u00f3w"},"content":{"rendered":"<h3>Informacje i zdj\u0119cia z Walnego Zebrania Delegat\u00f3w w Toruniu<br \/>\nNiech \u017cyje KOD!<\/h3>\n<p>Dzisiejsze obrady zako\u0144czy\u0142y si\u0119 sukcesem. Mamy nowy Zarz\u0105d G\u0142\u00f3wny, kt\u00f3ry mo\u017ce dzia\u0142a\u0107 maj\u0105c pe\u0142n\u0105 demokratyczn\u0105 legitymacj\u0119.<\/p>\n<p>Nie zabrak\u0142o ma\u0142opolskich akcent\u00f3w: Dominika Ja\u017awiecka jest naszym pierwszym ma\u0142opolskim cz\u0142onkiem ZG, kt\u00f3rego do tej pory brakowa\u0142o.<br \/>\nEl\u017cbieta Pytlarz, kt\u00f3ra przewodzi\u0142a Komisji Rewizyjnej wykona\u0142a olbrzymi\u0105 prac\u0119, powszechnie tu uznan\u0105. Bart\u0142omiej Swaczyna podni\u00f3s\u0142 rang\u0119 Ma\u0142opolan w wyborach do ZG.<\/p>\n<div id=\"attachment_6862\" style=\"width: 1034px\" class=\"wp-caption alignnone\"><img loading=\"lazy\" decoding=\"async\" aria-describedby=\"caption-attachment-6862\" class=\"wp-image-6862 size-large\" src=\"\/\/kodmalopolska.pl\/wp-content\/uploads\/2017\/05\/lozinski_gw-1024x576.jpg\" alt=\"\" width=\"1024\" height=\"576\" srcset=\"https:\/\/kodmalopolska.pl\/wp-content\/uploads\/2017\/05\/lozinski_gw-1024x576.jpg 1024w, https:\/\/kodmalopolska.pl\/wp-content\/uploads\/2017\/05\/lozinski_gw-400x225.jpg 400w, https:\/\/kodmalopolska.pl\/wp-content\/uploads\/2017\/05\/lozinski_gw-740x416.jpg 740w, https:\/\/kodmalopolska.pl\/wp-content\/uploads\/2017\/05\/lozinski_gw.jpg 1536w\" sizes=\"auto, (max-width: 1024px) 100vw, 1024px\" \/><p id=\"caption-attachment-6862\" class=\"wp-caption-text\">Przewodnicz\u0105cym zosta\u0142 Krzysztof \u0141ozi\u0144ski (przepraszam GW za po\u017cyczenie zdj\u0119cia)<\/p><\/div>\n<h3>Nowy Zarz\u0105d<\/h3>\n<p><img loading=\"lazy\" decoding=\"async\" class=\"alignnone wp-image-6865 size-full\" src=\"\/\/kodmalopolska.pl\/wp-content\/uploads\/2017\/05\/zarzad-bogna.jpg\" alt=\"\" width=\"860\" height=\"614\" srcset=\"https:\/\/kodmalopolska.pl\/wp-content\/uploads\/2017\/05\/zarzad-bogna.jpg 860w, https:\/\/kodmalopolska.pl\/wp-content\/uploads\/2017\/05\/zarzad-bogna-400x286.jpg 400w, https:\/\/kodmalopolska.pl\/wp-content\/uploads\/2017\/05\/zarzad-bogna-691x493.jpg 691w\" sizes=\"auto, (max-width: 860px) 100vw, 860px\" \/><\/p>\n<h4>Gratulacje dla naszej Dominiki<\/h4>\n<p><img loading=\"lazy\" decoding=\"async\" class=\"alignnone size-full wp-image-6868\" src=\"\/\/kodmalopolska.pl\/wp-content\/uploads\/2017\/05\/Dominika.jpg\" alt=\"\" width=\"496\" height=\"496\" srcset=\"https:\/\/kodmalopolska.pl\/wp-content\/uploads\/2017\/05\/Dominika.jpg 496w, https:\/\/kodmalopolska.pl\/wp-content\/uploads\/2017\/05\/Dominika-400x400.jpg 400w, https:\/\/kodmalopolska.pl\/wp-content\/uploads\/2017\/05\/Dominika-150x150.jpg 150w, https:\/\/kodmalopolska.pl\/wp-content\/uploads\/2017\/05\/Dominika-493x493.jpg 493w\" sizes=\"auto, (max-width: 496px) 100vw, 496px\" \/><\/p>\n<h3>Mamy nowy S\u0105d Kole\u017ce\u0144ski<\/h3>\n<p><img loading=\"lazy\" decoding=\"async\" class=\"alignnone wp-image-6866 size-full\" src=\"\/\/kodmalopolska.pl\/wp-content\/uploads\/2017\/05\/sad-kol.jpg\" alt=\"\" width=\"837\" height=\"430\" srcset=\"https:\/\/kodmalopolska.pl\/wp-content\/uploads\/2017\/05\/sad-kol.jpg 837w, https:\/\/kodmalopolska.pl\/wp-content\/uploads\/2017\/05\/sad-kol-400x205.jpg 400w, https:\/\/kodmalopolska.pl\/wp-content\/uploads\/2017\/05\/sad-kol-740x380.jpg 740w\" sizes=\"auto, (max-width: 837px) 100vw, 837px\" \/><\/p>\n<h3>Mamy te\u017c now\u0105 Komisj\u0119 Rewizyjn\u0105:<\/h3>\n<ol>\n<li><strong>Agnieszka Bizuga<\/strong><\/li>\n<li><strong>Dagmara D\u0142u\u017cniewska<\/strong><\/li>\n<li><strong>Micha\u0142 Klementowski<\/strong><\/li>\n<li><strong>Piotr Pietrusi\u0144ski<\/strong><\/li>\n<li><strong>Bo\u017cena Powaga<\/strong><\/li>\n<\/ol>\n<h4>Tak wygl\u0105daj\u0105:<\/h4>\n<p><img loading=\"lazy\" decoding=\"async\" class=\"alignnone size-full wp-image-6867\" src=\"\/\/kodmalopolska.pl\/wp-content\/uploads\/2017\/05\/kr-zdjecie.jpg\" alt=\"\" width=\"1063\" height=\"601\" srcset=\"https:\/\/kodmalopolska.pl\/wp-content\/uploads\/2017\/05\/kr-zdjecie.jpg 1063w, https:\/\/kodmalopolska.pl\/wp-content\/uploads\/2017\/05\/kr-zdjecie-400x226.jpg 400w, https:\/\/kodmalopolska.pl\/wp-content\/uploads\/2017\/05\/kr-zdjecie-1024x579.jpg 1024w, https:\/\/kodmalopolska.pl\/wp-content\/uploads\/2017\/05\/kr-zdjecie-740x418.jpg 740w\" sizes=\"auto, (max-width: 1063px) 100vw, 1063px\" \/><\/p>\n<h3>Tak Pisze Danuta Fija\u0142\u0142o Czechmanowska, przewodnicz\u0105ca ZR Ma\u0142opolska<\/h3>\n<p>Wracamy do Krakowa po Walnym. Komitet Obrony Demokracji ma nowe w\u0142adze. Ma\u0142opolska ma swoj\u0105 przedstawicielk\u0119 w Zarz\u0105dzie G\u0142\u00f3wnym, Dominika Ja\u017awiecka. To nasz wsp\u00f3lny sukces. Gratulacje dla Dominiki i ca\u0142ego KOD Ma\u0142opolska \ud83d\ude42<br \/>\nOceniam Zjazd pozytywnie. Ufam, \u017ce wsp\u00f3\u0142praca z nowym Zarz\u0105dem G\u0142\u00f3wnym b\u0119dzie dobra. Si\u0142\u0105 KODu s\u0105 Regiony, nasz nale\u017cy do czo\u0142\u00f3wki, a to zobowi\u0105zuje \ud83d\ude42 Najwa\u017cniejszym wydarzeniem w tym miesi\u0105cu jest zorganizowanie \u015bwi\u0119to 4 czerwca (Plac Wolnica , godzina 16.00), opracowanie planu wyjazd\u00f3w do powiat\u00f3w (spotkanie organizacyjne 30 czerwca godzina 19.00, biuro KOD) oraz organizacja lokalnych grup krakowskich (terminy zostan\u0105 og\u0142oszone w osobnym po\u015bcie oraz smsami).<br \/>\nW dniu 1 czerwca Zarz\u0105d KOD Ma\u0142opolska b\u0119dzie obradowa\u0142 w Gorlicach. Posiedzenie Zarz\u0105du zostanie po\u0142\u0105czone ze spotkaniem z cz\u0142onkami Grupy Lokalnej Nowy S\u0105cz.<br \/>\nZapraszam Pa\u0144stwa do biura KOD, kt\u00f3re jest czynne od poniedzia\u0142ku do pi\u0105tku od godziny 13.00 do 19.00. Od czwartku mamy do dyspozycji drukark\u0119. Je\u017celi chcieliby Pa\u0144stwo wspom\u00f3c KOD ryz\u0105 papieru A-4, A-3, to serdecznie namawiam.<br \/>\nW biurze mo\u017cna napi\u0107 si\u0119 dobrej kawy, przeczyta\u0107 gazety z innych region\u00f3w oraz wypo\u017cyczy\u0107 ksi\u0105\u017cki.<br \/>\nPodczas naszej wizyty w Toruniu znale\u017ali\u015bmy kaczorka skarbonk\u0119. Zosta\u0142 uprowadzony do Krakowa. Do zobaczenia w biurze.<\/p>\n","protected":false},"excerpt":{"rendered":"<p>Informacje i zdj\u0119cia z Walnego Zebrania Delegat\u00f3w w Toruniu Niech \u017cyje KOD! Dzisiejsze obrady zako\u0144czy\u0142y si\u0119 sukcesem. Mamy nowy Zarz\u0105d [&#8230;]<\/p>\n","protected":false},"author":2,"featured_media":6863,"comment_status":"closed","ping_status":"open","sticky":false,"template":"","format":"standard","meta":{"_EventAllDay":false,"_EventTimezone":"","_EventStartDate":"","_EventEndDate":"","_EventStartDateUTC":"","_EventEndDateUTC":"","_EventShowMap":false,"_EventShowMapLink":false,"_EventURL":"","_EventCost":"","_EventCostDescription":"","_EventCurrencySymbol":"","_EventCurrencyCode":"","_EventCurrencyPosition":"","_EventDateTimeSeparator":"","_EventTimeRangeSeparator":"","_EventOrganizerID":[],"_EventVenueID":[],"_OrganizerEmail":"","_OrganizerPhone":"","_OrganizerWebsite":"","_VenueAddress":"","_VenueCity":"","_VenueCountry":"","_VenueProvince":"","_VenueState":"","_VenueZip":"","_VenuePhone":"","_VenueURL":"","_VenueStateProvince":"","_VenueLat":"","_VenueLng":"","_VenueShowMap":false,"_VenueShowMapLink":false,"footnotes":""},"categories":[306],"tags":[],"class_list":["post-6860","post","type-post","status-publish","format-standard","has-post-thumbnail","hentry","category-wzd-torun-2017","wzd-torun-2017"],"_links":{"self":[{"href":"https:\/\/kodmalopolska.pl\/index.php?rest_route=\/wp\/v2\/posts\/6860","targetHints":{"allow":["GET"]}}],"collection":[{"href":"https:\/\/kodmalopolska.pl\/index.php?rest_route=\/wp\/v2\/posts"}],"about":[{"href":"https:\/\/kodmalopolska.pl\/index.php?rest_route=\/wp\/v2\/types\/post"}],"author":[{"embeddable":true,"href":"https:\/\/kodmalopolska.pl\/index.php?rest_route=\/wp\/v2\/users\/2"}],"replies":[{"embeddable":true,"href":"https:\/\/kodmalopolska.pl\/index.php?rest_route=%2Fwp%2Fv2%2Fcomments&post=6860"}],"version-history":[{"count":0,"href":"https:\/\/kodmalopolska.pl\/index.php?rest_route=\/wp\/v2\/posts\/6860\/revisions"}],"wp:featuredmedia":[{"embeddable":true,"href":"https:\/\/kodmalopolska.pl\/index.php?rest_route=\/wp\/v2\/media\/6863"}],"wp:attachment":[{"href":"https:\/\/kodmalopolska.pl\/index.php?rest_route=%2Fwp%2Fv2%2Fmedia&parent=6860"}],"wp:term":[{"taxonomy":"category","embeddable":true,"href":"https:\/\/kodmalopolska.pl\/index.php?rest_route=%2Fwp%2Fv2%2Fcategories&post=6860"},{"taxonomy":"post_tag","embeddable":true,"href":"https:\/\/kodmalopolska.pl\/index.php?rest_route=%2Fwp%2Fv2%2Ftags&post=6860"}],"curies":[{"name":"wp","href":"https:\/\/api.w.org\/{rel}","templated":true}]}}