{"id":6835,"date":"2017-05-25T22:10:18","date_gmt":"2017-05-25T20:10:18","guid":{"rendered":"http:\/\/kodmalopolska.pl\/?p=6835"},"modified":"2017-05-25T22:10:18","modified_gmt":"2017-05-25T20:10:18","slug":"oswiadczenie-zarzadu-regionu-komitetu-obrony-demokracji","status":"publish","type":"post","link":"https:\/\/kodmalopolska.pl\/?p=6835","title":{"rendered":"O\u015bwiadczenie zarz\u0105du regionu  Komitetu Obrony Demokracji"},"content":{"rendered":"<p>Zbli\u017ca si\u0119 100 rocznica odzyskania przez Polsk\u0119 niepodleg\u0142o\u015bci. Czy rz\u0105dz\u0105cy b\u0119d\u0105 czci\u0107 to wa\u017cne \u015bwi\u0119to razem z grupkami, dla kt\u00f3rych bohaterem jest morderca pierwszego prezydenta odrodzonej Rzeczypospolitej?<\/p>\n<p>Po raz pierwszy w historii zdarzy\u0142o si\u0119, \u017ce cz\u0142onkowie rz\u0105du III RP wyrazili publicznie wol\u0119 wsp\u00f3\u0142pracy z aktywistami organizacji prawicowego marginesu, takiego jak &#8222;Falanga&#8221;, ONR czy NOP &#8211; grup odwo\u0142uj\u0105cych si\u0119 w swojej retoryce czy propagandzie do ideologii faszyzmu, grup propaguj\u0105cych postawy ksenofobiczne, skrajnie nacjonalistyczne i rasistowskie. Weszli oni &#8211; wraz z pos\u0142ami, senatorami i grup\u0105 duchownych Ko\u015bcio\u0142a Katolickiego &#8211; w sk\u0142ad Komitetu Honorowego Obchod\u00f3w Narodowego Dnia Pami\u0119ci Ofiar Ludob\u00f3jstwa dokonanego przez ukrai\u0144skich nacjonalist\u00f3w na obywatelach II Rzeczypospolitej Polskiej. Wyra\u017camy dezaprobat\u0119 wobec politycznego sojuszu polityk\u00f3w PiS-u z takimi \u015brodowiskami. Szukanie politycznego poparcia w tych kr\u0119gach to polityczny cynizm, kt\u00f3rego skutkiem b\u0119dzie wy\u0142\u0105cznie legitymizacja i popularyzacja nacjonalistycznego marginesu o m\u0119tnych powi\u0105zaniach mi\u0119dzynarodowych.<\/p>\n<p>Obywatelom II RP pomordowanym przez ukrai\u0144skich nacjonalist\u00f3w nale\u017cy si\u0119 pami\u0119\u0107. Pami\u0119\u0107 oparta na prawdzie historycznej. Pami\u0119\u0107, kt\u00f3ra prowadzi do porozumienia polsko-ukrai\u0144skiego. Pami\u0119\u0107, kt\u00f3ra ma pom\u00f3c unikn\u0105\u0107 w przysz\u0142o\u015bci takich zbrodni. Co rz\u0105dz\u0105cy Polsk\u0105 politycy chc\u0105 osi\u0105gn\u0105\u0107, zawieraj\u0105c ku czci ofiar skrajnego nacjonalizmu, sojusz ze skrajnymi nacjonalistami?<br \/>\n<div id=\"attachment_6395\" style=\"width: 490px\" class=\"wp-caption alignnone\"><img loading=\"lazy\" decoding=\"async\" aria-describedby=\"caption-attachment-6395\" src=\"http:\/\/kodmalopolska.pl\/wp-content\/uploads\/2017\/03\/Flaga_KOD2_BMiK.jpg\" alt=\"Logo Biuro Medi\u00f3w i Komunikacji\" width=\"480\" height=\"320\" class=\"size-full wp-image-6395\" srcset=\"https:\/\/kodmalopolska.pl\/wp-content\/uploads\/2017\/03\/Flaga_KOD2_BMiK.jpg 480w, https:\/\/kodmalopolska.pl\/wp-content\/uploads\/2017\/03\/Flaga_KOD2_BMiK-400x266.jpg 400w\" sizes=\"auto, (max-width: 480px) 100vw, 480px\" \/><p id=\"caption-attachment-6395\" class=\"wp-caption-text\">Biuro Medi\u00f3w i Komunikacji<\/p><\/div>\n","protected":false},"excerpt":{"rendered":"<p>Zbli\u017ca si\u0119 100 rocznica odzyskania przez Polsk\u0119 niepodleg\u0142o\u015bci. Czy rz\u0105dz\u0105cy b\u0119d\u0105 czci\u0107 to wa\u017cne \u015bwi\u0119to razem z grupkami, dla kt\u00f3rych [&#8230;]<\/p>\n","protected":false},"author":22,"featured_media":0,"comment_status":"closed","ping_status":"open","sticky":false,"template":"","format":"standard","meta":{"_EventAllDay":false,"_EventTimezone":"","_EventStartDate":"","_EventEndDate":"","_EventStartDateUTC":"","_EventEndDateUTC":"","_EventShowMap":false,"_EventShowMapLink":false,"_EventURL":"","_EventCost":"","_EventCostDescription":"","_EventCurrencySymbol":"","_EventCurrencyCode":"","_EventCurrencyPosition":"","_EventDateTimeSeparator":"","_EventTimeRangeSeparator":"","_EventOrganizerID":[],"_EventVenueID":[],"_OrganizerEmail":"","_OrganizerPhone":"","_OrganizerWebsite":"","_VenueAddress":"","_VenueCity":"","_VenueCountry":"","_VenueProvince":"","_VenueState":"","_VenueZip":"","_VenuePhone":"","_VenueURL":"","_VenueStateProvince":"","_VenueLat":"","_VenueLng":"","_VenueShowMap":false,"_VenueShowMapLink":false,"footnotes":""},"categories":[1],"tags":[],"class_list":["post-6835","post","type-post","status-publish","format-standard","hentry","category-bez-kategorii","bez-kategorii"],"_links":{"self":[{"href":"https:\/\/kodmalopolska.pl\/index.php?rest_route=\/wp\/v2\/posts\/6835","targetHints":{"allow":["GET"]}}],"collection":[{"href":"https:\/\/kodmalopolska.pl\/index.php?rest_route=\/wp\/v2\/posts"}],"about":[{"href":"https:\/\/kodmalopolska.pl\/index.php?rest_route=\/wp\/v2\/types\/post"}],"author":[{"embeddable":true,"href":"https:\/\/kodmalopolska.pl\/index.php?rest_route=\/wp\/v2\/users\/22"}],"replies":[{"embeddable":true,"href":"https:\/\/kodmalopolska.pl\/index.php?rest_route=%2Fwp%2Fv2%2Fcomments&post=6835"}],"version-history":[{"count":0,"href":"https:\/\/kodmalopolska.pl\/index.php?rest_route=\/wp\/v2\/posts\/6835\/revisions"}],"wp:attachment":[{"href":"https:\/\/kodmalopolska.pl\/index.php?rest_route=%2Fwp%2Fv2%2Fmedia&parent=6835"}],"wp:term":[{"taxonomy":"category","embeddable":true,"href":"https:\/\/kodmalopolska.pl\/index.php?rest_route=%2Fwp%2Fv2%2Fcategories&post=6835"},{"taxonomy":"post_tag","embeddable":true,"href":"https:\/\/kodmalopolska.pl\/index.php?rest_route=%2Fwp%2Fv2%2Ftags&post=6835"}],"curies":[{"name":"wp","href":"https:\/\/api.w.org\/{rel}","templated":true}]}}