{"id":6682,"date":"2017-05-02T13:02:46","date_gmt":"2017-05-02T11:02:46","guid":{"rendered":"http:\/\/kodmalopolska.pl\/?p=6682"},"modified":"2017-05-12T13:12:57","modified_gmt":"2017-05-12T11:12:57","slug":"swieto-flagi-w-myslenicach-relacja","status":"publish","type":"post","link":"https:\/\/kodmalopolska.pl\/?p=6682","title":{"rendered":"\u015awi\u0119to Flagi w My\u015blenicach &#8211; relacja"},"content":{"rendered":"<p>2 maja o godzinie 10:00 na my\u015blenickim Rynku jak co roku odby\u0142o si\u0119 \u015bwi\u0119towanie Dnia Flagi. Wydarzenie zorganizowa\u0142a Platforma Obywatelska powiatu my\u015blenickiego. Do udzia\u0142u zostali\u015bmy zaproszeni r\u00f3wnie\u017c my, Nowoczesna, oraz wszyscy sympatycy.<\/p>\n<p>My\u015bleniczanom rozdali\u015bmy 200 flag, 110 kotylion\u00f3w, 60 egzemplarzy Konstytucji, ma\u0142e flagi oraz dobr\u0105 atmosfer\u0119 i rado\u015b\u0107. Po rozdaniu od\u015bpiewali\u015bmy hymn pod &#8222;Teresk\u0105&#8221; i przeszli\u015bmy spacerem z flagami wok\u00f3\u0142 Rynku.<\/p>\n<p>Dzi\u0119kujemy wszystkim za udzia\u0142, zw\u0142aszcza go\u015bciom z Krakowa kt\u00f3rzy nas odwiedzili by do\u0142\u0105czy\u0107 si\u0119 do wsp\u00f3lnego \u015bwi\u0119towania. Bo polska flaga \u0142\u0105czy &#8211; nie dzieli!<\/p>\n<p>&nbsp;<\/p>\n<div class=\"video-shortcode\" style=\"max-width:1280px;max-height:720px;\"><iframe loading=\"lazy\" title=\"YouTube video player\" width=\"1280\" height=\"720\" src=\"http:\/\/www.youtube.com\/embed\/Pthxoya7esA?rel=0&amp;wmode=transparent\" allowFullScreen><\/iframe><\/div>\n<p>&nbsp;<\/p>\n<p><em>fot.: kmy.pl<br \/>\n<\/em><\/p>\n","protected":false},"excerpt":{"rendered":"<p>2 maja o godzinie 10:00 na my\u015blenickim Rynku jak co roku odby\u0142o si\u0119 \u015bwi\u0119towanie Dnia Flagi. Wydarzenie zorganizowa\u0142a Platforma Obywatelska [&#8230;]<\/p>\n","protected":false},"author":1,"featured_media":6683,"comment_status":"closed","ping_status":"open","sticky":false,"template":"","format":"standard","meta":{"_EventAllDay":false,"_EventTimezone":"","_EventStartDate":"","_EventEndDate":"","_EventStartDateUTC":"","_EventEndDateUTC":"","_EventShowMap":false,"_EventShowMapLink":false,"_EventURL":"","_EventCost":"","_EventCostDescription":"","_EventCurrencySymbol":"","_EventCurrencyCode":"","_EventCurrencyPosition":"","_EventDateTimeSeparator":"","_EventTimeRangeSeparator":"","_EventOrganizerID":[],"_EventVenueID":[],"_OrganizerEmail":"","_OrganizerPhone":"","_OrganizerWebsite":"","_VenueAddress":"","_VenueCity":"","_VenueCountry":"","_VenueProvince":"","_VenueState":"","_VenueZip":"","_VenuePhone":"","_VenueURL":"","_VenueStateProvince":"","_VenueLat":"","_VenueLng":"","_VenueShowMap":false,"_VenueShowMapLink":false,"footnotes":""},"categories":[238],"tags":[261,189],"class_list":["post-6682","post","type-post","status-publish","format-standard","has-post-thumbnail","hentry","category-relacje-msle","tag-myslenice","tag-spacer-z-flagami","relacje-msle"],"_links":{"self":[{"href":"https:\/\/kodmalopolska.pl\/index.php?rest_route=\/wp\/v2\/posts\/6682","targetHints":{"allow":["GET"]}}],"collection":[{"href":"https:\/\/kodmalopolska.pl\/index.php?rest_route=\/wp\/v2\/posts"}],"about":[{"href":"https:\/\/kodmalopolska.pl\/index.php?rest_route=\/wp\/v2\/types\/post"}],"author":[{"embeddable":true,"href":"https:\/\/kodmalopolska.pl\/index.php?rest_route=\/wp\/v2\/users\/1"}],"replies":[{"embeddable":true,"href":"https:\/\/kodmalopolska.pl\/index.php?rest_route=%2Fwp%2Fv2%2Fcomments&post=6682"}],"version-history":[{"count":0,"href":"https:\/\/kodmalopolska.pl\/index.php?rest_route=\/wp\/v2\/posts\/6682\/revisions"}],"wp:featuredmedia":[{"embeddable":true,"href":"https:\/\/kodmalopolska.pl\/index.php?rest_route=\/wp\/v2\/media\/6683"}],"wp:attachment":[{"href":"https:\/\/kodmalopolska.pl\/index.php?rest_route=%2Fwp%2Fv2%2Fmedia&parent=6682"}],"wp:term":[{"taxonomy":"category","embeddable":true,"href":"https:\/\/kodmalopolska.pl\/index.php?rest_route=%2Fwp%2Fv2%2Fcategories&post=6682"},{"taxonomy":"post_tag","embeddable":true,"href":"https:\/\/kodmalopolska.pl\/index.php?rest_route=%2Fwp%2Fv2%2Ftags&post=6682"}],"curies":[{"name":"wp","href":"https:\/\/api.w.org\/{rel}","templated":true}]}}