{"id":6669,"date":"2017-05-01T16:29:39","date_gmt":"2017-05-01T14:29:39","guid":{"rendered":"http:\/\/kodmalopolska.pl\/?p=6669"},"modified":"2017-05-01T16:30:11","modified_gmt":"2017-05-01T14:30:11","slug":"3-maja-w-oswiecimiu","status":"publish","type":"post","link":"https:\/\/kodmalopolska.pl\/?p=6669","title":{"rendered":"3 Maja w O\u015bwi\u0119cimiu"},"content":{"rendered":"<p style=\"text-align: center;\"><strong>\u015awi\u0119tuj z nami w O\u015bwi\u0119cimiu.<\/strong><\/p>\n<p style=\"text-align: left;\">Zapraszamy do wsp\u00f3lnego uczczenia rocznicy uchwalenia Konstytucji 3 Maja \u2013 po uroczysto\u015bciach miejskich b\u0119dziemy czeka\u0107 na Rynku G\u0142\u00f3wnym.<\/p>\n","protected":false},"excerpt":{"rendered":"<p>\u015awi\u0119tuj z nami w O\u015bwi\u0119cimiu. Zapraszamy do wsp\u00f3lnego uczczenia rocznicy uchwalenia Konstytucji 3 Maja \u2013 po uroczysto\u015bciach miejskich b\u0119dziemy czeka\u0107 [&#8230;]<\/p>\n","protected":false},"author":11,"featured_media":6667,"comment_status":"closed","ping_status":"open","sticky":false,"template":"","format":"standard","meta":{"_EventAllDay":false,"_EventTimezone":"","_EventStartDate":"","_EventEndDate":"","_EventStartDateUTC":"","_EventEndDateUTC":"","_EventShowMap":false,"_EventShowMapLink":false,"_EventURL":"","_EventCost":"","_EventCostDescription":"","_EventCurrencySymbol":"","_EventCurrencyCode":"","_EventCurrencyPosition":"","_EventDateTimeSeparator":"","_EventTimeRangeSeparator":"","_EventOrganizerID":[],"_EventVenueID":[],"_OrganizerEmail":"","_OrganizerPhone":"","_OrganizerWebsite":"","_VenueAddress":"","_VenueCity":"","_VenueCountry":"","_VenueProvince":"","_VenueState":"","_VenueZip":"","_VenuePhone":"","_VenueURL":"","_VenueStateProvince":"","_VenueLat":"","_VenueLng":"","_VenueShowMap":false,"_VenueShowMapLink":false,"footnotes":""},"categories":[79],"tags":[179,148,171,169,147],"class_list":["post-6669","post","type-post","status-publish","format-standard","has-post-thumbnail","hentry","category-zapowiedzi-oswiecim-i-chrzanow","tag-3-maja","tag-chrzanow","tag-kod","tag-manifestacja","tag-oswiecim","zapowiedzi-oswiecim-i-chrzanow"],"_links":{"self":[{"href":"https:\/\/kodmalopolska.pl\/index.php?rest_route=\/wp\/v2\/posts\/6669","targetHints":{"allow":["GET"]}}],"collection":[{"href":"https:\/\/kodmalopolska.pl\/index.php?rest_route=\/wp\/v2\/posts"}],"about":[{"href":"https:\/\/kodmalopolska.pl\/index.php?rest_route=\/wp\/v2\/types\/post"}],"author":[{"embeddable":true,"href":"https:\/\/kodmalopolska.pl\/index.php?rest_route=\/wp\/v2\/users\/11"}],"replies":[{"embeddable":true,"href":"https:\/\/kodmalopolska.pl\/index.php?rest_route=%2Fwp%2Fv2%2Fcomments&post=6669"}],"version-history":[{"count":0,"href":"https:\/\/kodmalopolska.pl\/index.php?rest_route=\/wp\/v2\/posts\/6669\/revisions"}],"wp:featuredmedia":[{"embeddable":true,"href":"https:\/\/kodmalopolska.pl\/index.php?rest_route=\/wp\/v2\/media\/6667"}],"wp:attachment":[{"href":"https:\/\/kodmalopolska.pl\/index.php?rest_route=%2Fwp%2Fv2%2Fmedia&parent=6669"}],"wp:term":[{"taxonomy":"category","embeddable":true,"href":"https:\/\/kodmalopolska.pl\/index.php?rest_route=%2Fwp%2Fv2%2Fcategories&post=6669"},{"taxonomy":"post_tag","embeddable":true,"href":"https:\/\/kodmalopolska.pl\/index.php?rest_route=%2Fwp%2Fv2%2Ftags&post=6669"}],"curies":[{"name":"wp","href":"https:\/\/api.w.org\/{rel}","templated":true}]}}