{"id":6586,"date":"2017-04-22T15:28:18","date_gmt":"2017-04-22T13:28:18","guid":{"rendered":"http:\/\/kodmalopolska.pl\/?p=6586"},"modified":"2017-05-12T13:26:35","modified_gmt":"2017-05-12T11:26:35","slug":"wybory-w-myslenicach-relacja","status":"publish","type":"post","link":"https:\/\/kodmalopolska.pl\/?p=6586","title":{"rendered":"Wybory w My\u015blenicach &#8211; relacja"},"content":{"rendered":"<p>22 kwietnia 2017 odby\u0142o si\u0119 I Walne Lokalne Zebranie Cz\u0142onk\u00f3w My\u015blenickiej Grupy Lokalnej. Podczas zebrania zosta\u0142 wybrany Zarz\u0105d Grupy w sk\u0142adzie (alfabetycznie):<br \/>\n1) Boles\u0142aw Burda<br \/>\n2) Krystyna Nalepa<br \/>\n3) Maciek Nalepa<br \/>\n4) Stefan Patyk<span class=\"text_exposed_show\"><br \/>\n5) \u0141ukasz P\u0142atek<\/span><\/p>\n<p><span class=\"text_exposed_show\"><br \/>\nDzi\u0119kujemy wszystkim, kt\u00f3rzy przyczynili si\u0119 w jakikolwiek spos\u00f3b do zorganizowania Zebrania. <\/span><\/p>\n<p><span class=\"text_exposed_show\">Dzi\u0119kujemy Zarz\u0105dowi Regionu za wsparcie (Andrzej Kowalczyk, Piotr \u015aroda). <\/span><\/p>\n<p><span class=\"text_exposed_show\">Dzi\u0119kujemy tym, bez kt\u00f3rych Grupa My\u015blenicka by nie powsta\u0142a &#8211; Magdalena Musia\u0142, Piotr Gawlik. Szczeg\u00f3lnie dzi\u0119kujemy Magdzie, kt\u00f3ra poprowadzi\u0142a dzisiejsze Zebranie. <\/span><\/p>\n<p><span class=\"text_exposed_show\">Dzi\u0119kujemy przedstawicielom partii politycznych (PO i Nowoczesna), na kt\u00f3rych wsparcie zawsze mo\u017cemy liczy\u0107. Dzi\u0119kujemy dyrektorowi I LO w My\u015blenicach za go\u015bcin\u0119. <\/span><\/p>\n<p><span class=\"text_exposed_show\">Dzi\u0119kujemy przede wszystkim cz\u0142onkom, kt\u00f3rzy wzi\u0119li udzia\u0142 w zebraniu i pracach Komisji Skrutacyjnej (Janina Padlikowska, Leszek Figlewicz, Stanis\u0142aw Sukta), Wnioskowej (Maja Golczyk, Marta Go\u015bci\u0144ska-Kalisz) oraz Prezydium Andrzej Urba\u0144ski, Iwona Dobrzy\u0144ska).<\/span><\/p>\n","protected":false},"excerpt":{"rendered":"<p>22 kwietnia 2017 odby\u0142o si\u0119 I Walne Lokalne Zebranie Cz\u0142onk\u00f3w My\u015blenickiej Grupy Lokalnej. Podczas zebrania zosta\u0142 wybrany Zarz\u0105d Grupy w [&#8230;]<\/p>\n","protected":false},"author":1,"featured_media":6587,"comment_status":"closed","ping_status":"open","sticky":false,"template":"","format":"standard","meta":{"_EventAllDay":false,"_EventTimezone":"","_EventStartDate":"","_EventEndDate":"","_EventStartDateUTC":"","_EventEndDateUTC":"","_EventShowMap":false,"_EventShowMapLink":false,"_EventURL":"","_EventCost":"","_EventCostDescription":"","_EventCurrencySymbol":"","_EventCurrencyCode":"","_EventCurrencyPosition":"","_EventDateTimeSeparator":"","_EventTimeRangeSeparator":"","_EventOrganizerID":[],"_EventVenueID":[],"_OrganizerEmail":"","_OrganizerPhone":"","_OrganizerWebsite":"","_VenueAddress":"","_VenueCity":"","_VenueCountry":"","_VenueProvince":"","_VenueState":"","_VenueZip":"","_VenuePhone":"","_VenueURL":"","_VenueStateProvince":"","_VenueLat":"","_VenueLng":"","_VenueShowMap":false,"_VenueShowMapLink":false,"footnotes":""},"categories":[238],"tags":[261],"class_list":["post-6586","post","type-post","status-publish","format-standard","has-post-thumbnail","hentry","category-relacje-msle","tag-myslenice","relacje-msle"],"_links":{"self":[{"href":"https:\/\/kodmalopolska.pl\/index.php?rest_route=\/wp\/v2\/posts\/6586","targetHints":{"allow":["GET"]}}],"collection":[{"href":"https:\/\/kodmalopolska.pl\/index.php?rest_route=\/wp\/v2\/posts"}],"about":[{"href":"https:\/\/kodmalopolska.pl\/index.php?rest_route=\/wp\/v2\/types\/post"}],"author":[{"embeddable":true,"href":"https:\/\/kodmalopolska.pl\/index.php?rest_route=\/wp\/v2\/users\/1"}],"replies":[{"embeddable":true,"href":"https:\/\/kodmalopolska.pl\/index.php?rest_route=%2Fwp%2Fv2%2Fcomments&post=6586"}],"version-history":[{"count":0,"href":"https:\/\/kodmalopolska.pl\/index.php?rest_route=\/wp\/v2\/posts\/6586\/revisions"}],"wp:featuredmedia":[{"embeddable":true,"href":"https:\/\/kodmalopolska.pl\/index.php?rest_route=\/wp\/v2\/media\/6587"}],"wp:attachment":[{"href":"https:\/\/kodmalopolska.pl\/index.php?rest_route=%2Fwp%2Fv2%2Fmedia&parent=6586"}],"wp:term":[{"taxonomy":"category","embeddable":true,"href":"https:\/\/kodmalopolska.pl\/index.php?rest_route=%2Fwp%2Fv2%2Fcategories&post=6586"},{"taxonomy":"post_tag","embeddable":true,"href":"https:\/\/kodmalopolska.pl\/index.php?rest_route=%2Fwp%2Fv2%2Ftags&post=6586"}],"curies":[{"name":"wp","href":"https:\/\/api.w.org\/{rel}","templated":true}]}}