{"id":6396,"date":"2017-03-19T20:57:44","date_gmt":"2017-03-19T19:57:44","guid":{"rendered":"http:\/\/kodmalopolska.pl\/?p=6396"},"modified":"2017-03-19T20:57:44","modified_gmt":"2017-03-19T19:57:44","slug":"cykl-debat-bezpieczenstwo-wolnosc-strach-spotkanie-pierwsze","status":"publish","type":"post","link":"https:\/\/kodmalopolska.pl\/?p=6396","title":{"rendered":"CYKL DEBAT \u201eBEZPIECZE\u0143STWO-WOLNO\u015a\u0106-STRACH\u201d SPOTKANIE PIERWSZE"},"content":{"rendered":"<p>CYKL DEBAT \u201eBEZPIECZE\u0143STWO-WOLNO\u015a\u0106-STRACH\u201d SPOTKANIE PIERWSZE<\/p>\n<p>Pierwsze spotkanie odb\u0119dzie si\u0119 w czwart\u0105 rocznic\u0119 \u015bmierci Krzysztofa Koz\u0142owskiego. B\u0119dzie ono dotyczy\u0107 pocz\u0105tk\u00f3w funkcjonowania s\u0142u\u017cb ochrony pa\u0144stwa w wolnej Polsce.<\/p>\n<p>Krzysztof Koz\u0142owski urodzi\u0142 si\u0119 18 sierpnia 1931 roku, zmar\u0142 26 marca 2013 roku, by\u0142 dzia\u0142aczem opozycji w okresie PRL, znanym dziennikarzem Tygodnika Powszechnego, filozofem, pierwszym Szefem UOP, a nast\u0119pnie Ministrem Spraw Wewn\u0119trznych, wsp\u00f3\u0142tw\u00f3rc\u0105 s\u0142u\u017cb ochrony pa\u0144stwa w wolnej Polsce, a tak\u017ce senatorem I, II, III i IV kadencji.<\/p>\n<p>W spotkaniu wezm\u0105 udzia\u0142:<\/p>\n<p>1. Bogdan Klich Dzia\u0142acz opozycji w okresie PRL, pose\u0142 do Parlamentu Europejskiego (2004-2007), pose\u0142 na Sejm IV kadencji, w latach 2007\u20132011 Minister Obrony Narodowej, senator VIII i IX kadencji.<\/p>\n<p>2. Andrzej Milczanowski Dzia\u0142acz opozycji w okresie PRL, prawnik, Szef UOP a nast\u0119pnie Minister Spraw Wewn\u0119trznych w latach 1990 \u20131995.<\/p>\n<p>3. Gen. Krzysztof Bondaryk Dzia\u0142acz opozycji w okresie PRL, Szef ABW w latach 2008 \u2013 2013, doradca Ministra obrony Narodowej (2013-2015), tw\u00f3rca Narodowego Centrum Kryptologii.<\/p>\n<p>4. Prof. Micha\u0142 Komar Pisarz, publicysta; profesor w Collegium Civitas, autor powie\u015bci, esej\u00f3w i rozm\u00f3w-rzek (min. z Krzysztofem Koz\u0142owskim).<\/p>\n<p>5. Piotr Niemczyk Dzia\u0142acz opozycji w okresie PRL, funkcjonariusz UOP i Zast\u0119pca Szefa Zarz\u0105du Wywiadu w latach 1990-1995, ekspert sejmowej Komisji ds. S\u0142u\u017cb Specjalnych, ekspert z zakresu bezpiecze\u0144stwa.<\/p>\n<p>6. Witold Bere\u015b Dzia\u0142acz opozycji w okresie PRL, dziennikarz, autor ksi\u0105\u017cek (w tym po\u015bwi\u0119conych Krzysztofowi Koz\u0142owskiemu), scenarzysta, re\u017cyser i producent filmowy, wsp\u00f3\u0142tw\u00f3rca portalu Polska ma Sens.<\/p>\n<p>OPIS CYKLU SPOTKA\u0143<\/p>\n<p>Bezpiecze\u0144stwo nieprzypadkowo jest jednym z kluczowych element\u00f3w programu PiS. Pod tym szyldem PiS wprowadza do przestrzeni publicznej rozwi\u0105zania natury prawnej i organizacyjnej, kt\u00f3re umo\u017cliwiaj\u0105 kontrol\u0119 (bezpo\u015bredni\u0105 i po\u015bredni\u0105) nad coraz szerszymi obszarami \u017cycia spo\u0142ecznego i gospodarczego (przepisy antyterrorystyczne, policyjne, skarbowe, prokuratorskie, Obrona Terytorialna itp.). W dalszej perspektywie, dzia\u0142ania te, zapewne maj\u0105 by\u0107 jednym z kluczowych czynnik\u00f3w umo\u017cliwiaj\u0105cych odniesienie kolejnego zwyci\u0119stwa wyborczego, czy to na zasadach klientelistycznych (powi\u0105zania instytucjonalne &#8211; tw\u00f3j los zale\u017cy od nas), czy te\u017c swoistego szanta\u017cu \u201epatriotycznego\u201d (nie popierasz PiS &#8211; popierasz niebezpiecze\u0144stwo), a nawet strachu (lepiej z nami nie zadzieraj). R\u00f3wnolegle, w swoich dzia\u0142aniach PiS stosuje sprawdzon\u0105 metod\u0119 straszenia spo\u0142ecze\u0144stwa realnymi lub wymy\u015blonymi zagro\u017ceniami, kt\u00f3re uzasadniaj\u0105 rozszerzanie zakresu dzia\u0142a\u0144 aparatu bezpiecze\u0144stwa\/rz\u0105du kosztem ograniczania sfery wolno\u015bci obywatelskiej oraz kosztem samodzielno\u015bci i niezale\u017cno\u015bci r\u00f3\u017cnych instytucji demokratycznego pa\u0144stwa. Przestraszeni, zdezorientowani obywatele, s\u0105 podatni na populistyczne propozycje w\u0142adzy i b\u0119d\u0105 bardziej sk\u0142onni ponownie odda\u0107 na nich g\u0142os, je\u015bli zostan\u0105 przekonani, \u017ce tylko ta w\u0142adza jest w stanie zapewni\u0107 im bezpiecze\u0144stwo. W rzeczywisto\u015bci, dzia\u0142alno\u015b\u0107 PiS w obszarze bezpiecze\u0144stwa, pomimo patriotycznej i niepodleg\u0142o\u015bciowej retoryki, prowadzi do realnego os\u0142abienia Polski i mo\u017ce doprowadzi\u0107 do naruszenia fundament\u00f3w bezpiecze\u0144stwa kraju (sojusze, armia, zaufanie spo\u0142eczne). Wobec powy\u017cszego, obecna opozycja powinna zaj\u0105\u0107 si\u0119 t\u0105 tematyk\u0105 &#8211; to na niej spoczywa dzisiaj szczeg\u00f3lna odpowiedzialno\u015b\u0107 za nasz kraj. Nale\u017cy wskazywa\u0107 i wyja\u015bnia\u0107 opinii publicznej istot\u0119 zagro\u017ce\u0144 dla bezpiecze\u0144stwa Polski zwi\u0105zanych z dzia\u0142alno\u015bci\u0105 PiS oraz przygotowywa\u0107 odpowiednie instrumenty koryguj\u0105ce.<\/p>\n<p>Wydarzenie &lt;<a href=\"https:\/\/www.facebook.com\/events\/2003969313163666\/\">klik<\/a>&gt;<\/p>\n","protected":false},"excerpt":{"rendered":"<p>CYKL DEBAT \u201eBEZPIECZE\u0143STWO-WOLNO\u015a\u0106-STRACH\u201d SPOTKANIE PIERWSZE Pierwsze spotkanie odb\u0119dzie si\u0119 w czwart\u0105 rocznic\u0119 \u015bmierci Krzysztofa Koz\u0142owskiego. B\u0119dzie ono dotyczy\u0107 pocz\u0105tk\u00f3w funkcjonowania [&#8230;]<\/p>\n","protected":false},"author":1,"featured_media":6398,"comment_status":"closed","ping_status":"open","sticky":false,"template":"","format":"standard","meta":{"_EventAllDay":false,"_EventTimezone":"","_EventStartDate":"","_EventEndDate":"","_EventStartDateUTC":"","_EventEndDateUTC":"","_EventShowMap":false,"_EventShowMapLink":false,"_EventURL":"","_EventCost":"","_EventCostDescription":"","_EventCurrencySymbol":"","_EventCurrencyCode":"","_EventCurrencyPosition":"","_EventDateTimeSeparator":"","_EventTimeRangeSeparator":"","_EventOrganizerID":[],"_EventVenueID":[],"_OrganizerEmail":"","_OrganizerPhone":"","_OrganizerWebsite":"","_VenueAddress":"","_VenueCity":"","_VenueCountry":"","_VenueProvince":"","_VenueState":"","_VenueZip":"","_VenuePhone":"","_VenueURL":"","_VenueStateProvince":"","_VenueLat":"","_VenueLng":"","_VenueShowMap":false,"_VenueShowMapLink":false,"footnotes":""},"categories":[28,303],"tags":[],"class_list":["post-6396","post","type-post","status-publish","format-standard","has-post-thumbnail","hentry","category-malopolskie-news","category-polecane","malopolskie-news","polecane"],"_links":{"self":[{"href":"https:\/\/kodmalopolska.pl\/index.php?rest_route=\/wp\/v2\/posts\/6396","targetHints":{"allow":["GET"]}}],"collection":[{"href":"https:\/\/kodmalopolska.pl\/index.php?rest_route=\/wp\/v2\/posts"}],"about":[{"href":"https:\/\/kodmalopolska.pl\/index.php?rest_route=\/wp\/v2\/types\/post"}],"author":[{"embeddable":true,"href":"https:\/\/kodmalopolska.pl\/index.php?rest_route=\/wp\/v2\/users\/1"}],"replies":[{"embeddable":true,"href":"https:\/\/kodmalopolska.pl\/index.php?rest_route=%2Fwp%2Fv2%2Fcomments&post=6396"}],"version-history":[{"count":0,"href":"https:\/\/kodmalopolska.pl\/index.php?rest_route=\/wp\/v2\/posts\/6396\/revisions"}],"wp:featuredmedia":[{"embeddable":true,"href":"https:\/\/kodmalopolska.pl\/index.php?rest_route=\/wp\/v2\/media\/6398"}],"wp:attachment":[{"href":"https:\/\/kodmalopolska.pl\/index.php?rest_route=%2Fwp%2Fv2%2Fmedia&parent=6396"}],"wp:term":[{"taxonomy":"category","embeddable":true,"href":"https:\/\/kodmalopolska.pl\/index.php?rest_route=%2Fwp%2Fv2%2Fcategories&post=6396"},{"taxonomy":"post_tag","embeddable":true,"href":"https:\/\/kodmalopolska.pl\/index.php?rest_route=%2Fwp%2Fv2%2Ftags&post=6396"}],"curies":[{"name":"wp","href":"https:\/\/api.w.org\/{rel}","templated":true}]}}