{"id":6242,"date":"2017-03-02T18:45:56","date_gmt":"2017-03-02T17:45:56","guid":{"rendered":"http:\/\/kodmalopolska.pl\/?p=6242"},"modified":"2017-03-02T18:51:48","modified_gmt":"2017-03-02T17:51:48","slug":"6242-2","status":"publish","type":"post","link":"https:\/\/kodmalopolska.pl\/?p=6242","title":{"rendered":"O\u015aWIADCZENIE Z DNIA 01.03.2017 r."},"content":{"rendered":"<div class=\"_39k5 _5s6c\">\n<div>\n<div class=\"_2cuy _3dgx _2vxa\"><strong>O\u015aWIADCZENIE Z DNIA 01.03.2017 r. w sprawie krakowskiego marszu pami\u0119ci \u017bo\u0142nierzy Wykl\u0119tych w dniu 26.02.2017 r.<\/strong><\/div>\n<div class=\"_2cuy _3dgx _2vxa\"><\/div>\n<div class=\"_2cuy _3dgx _2vxa\">My, ni\u017cej podpisani stajemy w obronie wszystkich, kt\u00f3rych uczucia patriotyczne i przywi\u0105zanie do polskiej wsp\u00f3lnoty narodowej zosta\u0142y naruszone ekscesami przedstawicieli niekt\u00f3rych opcji politycznych podczas krakowskiego marszu pami\u0119ci \u017bo\u0142nierzy Wykl\u0119tych w dniu 26 lutego 2017 r. \u017bo\u0142nierze powojennego podziemia antykomunistycznego \u2013 przy ca\u0142ej ich skomplikowanej historii \u2013 zas\u0142uguj\u0105 na pami\u0119\u0107, szacunek i godnie obchodzone \u015bwi\u0119to. \u015awi\u0119tuj\u0105c je pragniemy nawi\u0105zywa\u0107 do najlepszych postaw polskiego patriotyzmu, oddania dla wsp\u00f3lnoty narodowej, pa\u0144stwa i odpowiedzialno\u015bci za dobro wsp\u00f3lne. Tak pojmowany patriotyzm jest dla nas obowi\u0105zkiem codziennym, nie tylko od\u015bwi\u0119tnym. Patriotyzm to tak\u017ce szacunek dla pozosta\u0142ych Polak\u00f3w, nawet je\u015bli maj\u0105 inne pogl\u0105dy polityczne, wyznanie lub pochodzenie etniczne. To r\u00f3wnie\u017c poszanowanie r\u00f3\u017cnych polskich tradycji politycznych, r\u00f3\u017cnych bohaterskich postaw historycznych. Sprzeciwiamy si\u0119 organizowaniu przez w\u0142adze pa\u0144stwowe i \u015bwiadomemu aprobowaniu przez nie takich obchod\u00f3w Narodowego Dnia Pami\u0119ci \u017bo\u0142nierzy Wykl\u0119tych, kt\u00f3re przekszta\u0142caj\u0105 je w \u015bwi\u0119to polskich nacjonalist\u00f3w, rasist\u00f3w i ksenofob\u00f3w. Sprzeciwiamy si\u0119 tolerowaniu mowy nienawi\u015bci i publicznego wyra\u017cania pogardy dla Polak\u00f3w innego pochodzenia, rasy lub preferencji seksualnej. Sprzeciwiamy si\u0119 ustawicznemu dzieleniu Polak\u00f3w dla dora\u017anych korzy\u015bci politycznych obecnej w\u0142adzy. Uwa\u017camy, \u017ce sianie nienawi\u015bci i k\u0142amstwa historycznego szkodzi polskiej wsp\u00f3lnocie narodowej i polskiemu patriotyzmowi.<\/div>\n<div class=\"_2cuy _3dgx _2vxa\"><\/div>\n<div class=\"_2cuy _3dgx _2vxa\">Bogdan Klich \u2013 Senator &#8211; PO<\/div>\n<div class=\"_2cuy _3dgx _2vxa\">Danuta Czechmanowska \u2013 Przewodnicz\u0105ca KOD Ma\u0142opolska<\/div>\n<div class=\"_2cuy _3dgx _2vxa\">Fryderyk Zoll \u2013 Wiceprzewodnicz\u0105cy KOD Ma\u0142opolska<\/div>\n<div class=\"_2cuy _3dgx _2vxa\">Andrzej Kowalczyk \u2013 Cz\u0142onek Zarz\u0105du KOD Ma\u0142opolska<\/div>\n<div class=\"_2cuy _3dgx _2vxa\">Ryszard \u015amia\u0142ek \u2013 Przewodnicz\u0105cy SLD Ma\u0142opolska<\/div>\n<div class=\"_2cuy _3dgx _2vxa\">Rafa\u0142 Trzaskowski \u2013 pose\u0142 RP &#8211; PO<\/div>\n<div class=\"_2cuy _3dgx _2vxa\">Ireneusz Ra\u015b &#8211; pose\u0142 PO<\/div>\n<div class=\"_2cuy _3dgx _2vxa\">Jerzy Meysztowicz \u2013 pose\u0142 RP &#8211; Nowoczesna<\/div>\n<div class=\"_2cuy _3dgx _2vxa\">Marek Sowa &#8211; pose\u0142 RP &#8211; Nowoczesna<\/div>\n<div class=\"_2cuy _3dgx _2vxa\">Grzegorz Filipek &#8211; Przewodnicz\u0105cy Nowoczesna Ma\u0142opolskie<\/div>\n<div class=\"_2cuy _3dgx _2vxa\">Artur Buszek \u2013 Nowoczesna<\/div>\n<\/div>\n<\/div>\n","protected":false},"excerpt":{"rendered":"<p>O\u015aWIADCZENIE Z DNIA 01.03.2017 r. w sprawie krakowskiego marszu pami\u0119ci \u017bo\u0142nierzy Wykl\u0119tych w dniu 26.02.2017 r. My, ni\u017cej podpisani stajemy [&#8230;]<\/p>\n","protected":false},"author":1,"featured_media":6244,"comment_status":"closed","ping_status":"open","sticky":false,"template":"","format":"standard","meta":{"_EventAllDay":false,"_EventTimezone":"","_EventStartDate":"","_EventEndDate":"","_EventStartDateUTC":"","_EventEndDateUTC":"","_EventShowMap":false,"_EventShowMapLink":false,"_EventURL":"","_EventCost":"","_EventCostDescription":"","_EventCurrencySymbol":"","_EventCurrencyCode":"","_EventCurrencyPosition":"","_EventDateTimeSeparator":"","_EventTimeRangeSeparator":"","_EventOrganizerID":[],"_EventVenueID":[],"_OrganizerEmail":"","_OrganizerPhone":"","_OrganizerWebsite":"","_VenueAddress":"","_VenueCity":"","_VenueCountry":"","_VenueProvince":"","_VenueState":"","_VenueZip":"","_VenuePhone":"","_VenueURL":"","_VenueStateProvince":"","_VenueLat":"","_VenueLng":"","_VenueShowMap":false,"_VenueShowMapLink":false,"footnotes":""},"categories":[1],"tags":[],"class_list":["post-6242","post","type-post","status-publish","format-standard","has-post-thumbnail","hentry","category-bez-kategorii","bez-kategorii"],"_links":{"self":[{"href":"https:\/\/kodmalopolska.pl\/index.php?rest_route=\/wp\/v2\/posts\/6242","targetHints":{"allow":["GET"]}}],"collection":[{"href":"https:\/\/kodmalopolska.pl\/index.php?rest_route=\/wp\/v2\/posts"}],"about":[{"href":"https:\/\/kodmalopolska.pl\/index.php?rest_route=\/wp\/v2\/types\/post"}],"author":[{"embeddable":true,"href":"https:\/\/kodmalopolska.pl\/index.php?rest_route=\/wp\/v2\/users\/1"}],"replies":[{"embeddable":true,"href":"https:\/\/kodmalopolska.pl\/index.php?rest_route=%2Fwp%2Fv2%2Fcomments&post=6242"}],"version-history":[{"count":0,"href":"https:\/\/kodmalopolska.pl\/index.php?rest_route=\/wp\/v2\/posts\/6242\/revisions"}],"wp:featuredmedia":[{"embeddable":true,"href":"https:\/\/kodmalopolska.pl\/index.php?rest_route=\/wp\/v2\/media\/6244"}],"wp:attachment":[{"href":"https:\/\/kodmalopolska.pl\/index.php?rest_route=%2Fwp%2Fv2%2Fmedia&parent=6242"}],"wp:term":[{"taxonomy":"category","embeddable":true,"href":"https:\/\/kodmalopolska.pl\/index.php?rest_route=%2Fwp%2Fv2%2Fcategories&post=6242"},{"taxonomy":"post_tag","embeddable":true,"href":"https:\/\/kodmalopolska.pl\/index.php?rest_route=%2Fwp%2Fv2%2Ftags&post=6242"}],"curies":[{"name":"wp","href":"https:\/\/api.w.org\/{rel}","templated":true}]}}