{"id":6219,"date":"2017-03-01T18:14:26","date_gmt":"2017-03-01T17:14:26","guid":{"rendered":"http:\/\/kodmalopolska.pl\/?p=6219"},"modified":"2017-03-20T18:34:58","modified_gmt":"2017-03-20T17:34:58","slug":"komunikat-zarzadu-regionu-komitetu-obrony-demokracji-w-sprawie-poparcia-protestu-miedzynarodowy-strajk-kobiet","status":"publish","type":"post","link":"https:\/\/kodmalopolska.pl\/?p=6219","title":{"rendered":"Komunikat Zarz\u0105du Regionu Komitetu Obrony Demokracji w sprawie poparcia protestu \u201eMi\u0119dzynarodowy Strajk Kobiet\u201d"},"content":{"rendered":"<p>KOD_MA\u0141OPOLSKIE\u00b728 LUTEGO 2017Odczytano 108 razy<\/p>\n<p style=\"text-align: left;\">Obrona demokracji, to r\u00f3wnie\u017c obrona praw cz\u0142owieka. 8 Marca miejsce b\u0119dzie mia\u0142 Mi\u0119dzynarodowy Strajk Kobiet. W przesz\u0142o 40 krajach na ca\u0142ym \u015bwiecie i w wielu miejscowo\u015bciach w ca\u0142ej Polsce, kobiety b\u0119d\u0105 strajkowa\u0107 by sprzeciwi\u0107 si\u0119 \u0142amaniu ich praw. Nie p\u00f3jd\u0105 do pracy, b\u0119d\u0105 protestowa\u0107 te\u017c na ulicach wsp\u00f3lnie ze wszystkimi. Protestowa\u0107 b\u0119d\u0105 nie tylko kobiety. Coraz wi\u0119ksza cz\u0119\u015b\u0107 spo\u0142ecze\u0144stwa polskiego nie zgadza si\u0119 na uprzedmiotowienie kobiet, na pozbawienie ich podstawowych praw do decydowania o swoim zdrowiu, o tym, kiedy i czy w og\u00f3le, chc\u0105 zosta\u0107 matkami. Nie zgadza si\u0119 te\u017c na brak r\u00f3wno\u015bci p\u0142ac kobiet i m\u0119\u017cczyzn, jako prowadz\u0105cej do przemocy ekonomicznej. Nie ma naszej zgody na \u0142amanie praw kobiet, na \u0142amanie praw cz\u0142owieka.<\/p>\n<p>Dlatego te\u017c Zarz\u0105d KOD Ma\u0142opolskie wyra\u017ca swoje poparcie dla Mi\u0119dzynarodowego Strajku Kobiet.<\/p>\n<p><strong>Wzywamy KODerki i KODer\u00f3w do uczestnictwa, nie tylko w Krakowie, ale w innych miejscowo\u015bciach Ma\u0142opolski.<\/strong><\/p>\n<p><a href=\"https:\/\/www.facebook.com\/events\/1176464795772655\/\">https:\/\/www.facebook.com\/events\/1176464795772655\/<\/a><\/p>\n","protected":false},"excerpt":{"rendered":"<p>KOD_MA\u0141OPOLSKIE\u00b728 LUTEGO 2017Odczytano 108 razy Obrona demokracji, to r\u00f3wnie\u017c obrona praw cz\u0142owieka. 8 Marca miejsce b\u0119dzie mia\u0142 Mi\u0119dzynarodowy Strajk Kobiet. [&#8230;]<\/p>\n","protected":false},"author":1,"featured_media":4825,"comment_status":"closed","ping_status":"open","sticky":false,"template":"","format":"standard","meta":{"_EventAllDay":false,"_EventTimezone":"","_EventStartDate":"","_EventEndDate":"","_EventStartDateUTC":"","_EventEndDateUTC":"","_EventShowMap":false,"_EventShowMapLink":false,"_EventURL":"","_EventCost":"","_EventCostDescription":"","_EventCurrencySymbol":"","_EventCurrencyCode":"","_EventCurrencyPosition":"","_EventDateTimeSeparator":"","_EventTimeRangeSeparator":"","_EventOrganizerID":[],"_EventVenueID":[],"_OrganizerEmail":"","_OrganizerPhone":"","_OrganizerWebsite":"","_VenueAddress":"","_VenueCity":"","_VenueCountry":"","_VenueProvince":"","_VenueState":"","_VenueZip":"","_VenuePhone":"","_VenueURL":"","_VenueStateProvince":"","_VenueLat":"","_VenueLng":"","_VenueShowMap":false,"_VenueShowMapLink":false,"footnotes":""},"categories":[294,293],"tags":[],"class_list":["post-6219","post","type-post","status-publish","format-standard","has-post-thumbnail","hentry","category-komunikaty","category-zarzad","komunikaty","zarzad"],"_links":{"self":[{"href":"https:\/\/kodmalopolska.pl\/index.php?rest_route=\/wp\/v2\/posts\/6219","targetHints":{"allow":["GET"]}}],"collection":[{"href":"https:\/\/kodmalopolska.pl\/index.php?rest_route=\/wp\/v2\/posts"}],"about":[{"href":"https:\/\/kodmalopolska.pl\/index.php?rest_route=\/wp\/v2\/types\/post"}],"author":[{"embeddable":true,"href":"https:\/\/kodmalopolska.pl\/index.php?rest_route=\/wp\/v2\/users\/1"}],"replies":[{"embeddable":true,"href":"https:\/\/kodmalopolska.pl\/index.php?rest_route=%2Fwp%2Fv2%2Fcomments&post=6219"}],"version-history":[{"count":0,"href":"https:\/\/kodmalopolska.pl\/index.php?rest_route=\/wp\/v2\/posts\/6219\/revisions"}],"wp:featuredmedia":[{"embeddable":true,"href":"https:\/\/kodmalopolska.pl\/index.php?rest_route=\/wp\/v2\/media\/4825"}],"wp:attachment":[{"href":"https:\/\/kodmalopolska.pl\/index.php?rest_route=%2Fwp%2Fv2%2Fmedia&parent=6219"}],"wp:term":[{"taxonomy":"category","embeddable":true,"href":"https:\/\/kodmalopolska.pl\/index.php?rest_route=%2Fwp%2Fv2%2Fcategories&post=6219"},{"taxonomy":"post_tag","embeddable":true,"href":"https:\/\/kodmalopolska.pl\/index.php?rest_route=%2Fwp%2Fv2%2Ftags&post=6219"}],"curies":[{"name":"wp","href":"https:\/\/api.w.org\/{rel}","templated":true}]}}