{"id":6168,"date":"2017-02-19T14:47:44","date_gmt":"2017-02-19T13:47:44","guid":{"rendered":"http:\/\/kodmalopolska.pl\/?p=6168"},"modified":"2017-02-19T15:26:25","modified_gmt":"2017-02-19T14:26:25","slug":"18-luty-2017-opozycja-pod-wawelem","status":"publish","type":"post","link":"https:\/\/kodmalopolska.pl\/?p=6168","title":{"rendered":"18 Luty 2017 &#8211; Opozycja pod Wawelem."},"content":{"rendered":"<p>Mieszka\u0144cy Krakowa pod Wawelem protestowali kolejny raz 18 lutego br. Powodem by\u0142y przyjazdy do Krakowa prezesa PiS Jaros\u0142awa Kaczy\u0144skiego, kt\u00f3ry w rocznic\u0119 pogrzebu pary prezydenckiej odwiedza ich gr\u00f3b w towarzystwie przedstawicieli rz\u0105du. Wawel zosta\u0142 w ten spos\u00f3b zaw\u0142aszczony przez parti\u0119 polityczn\u0105, kt\u00f3ra traktuje to miejsce jak swoj\u0105 przestrze\u0144.<\/p>\n<p>&#8222;Jeste\u015bmy tu dzisiaj, aby zaprotestowa\u0107 przeciwko upolitycznieniu i upartyjnieniu Wawelu. Nie zgadzamy si\u0119 na wykorzystywanie tego miejsca do dzielenia Polak\u00f3w. Pan Kaczy\u0144ski pozbawia cz\u0119\u015b\u0107 polskiego spo\u0142ecze\u0144stwa prawa do bycia Polakami, prawa do symboli narodowych, do \u015bwi\u0105t, do tradycji i do historii. Odmawia te\u017c sporej grupie Polak\u00f3w prawa do patriotyzmu. To wszystko s\u0142u\u017cy tworzeniu i pog\u0142\u0119bianiu podzia\u0142u mi\u0119dzy rodakami. Pan Kaczy\u0144ski lubi obra\u017ca\u0107 i okazywa\u0107 pogard\u0119. Robi to regularnie i celowo, by sk\u0142\u00f3ci\u0107 spo\u0142ecze\u0144stwo.<br \/>\nS\u0105 symbole, kt\u00f3re s\u0105 naszym wsp\u00f3lnym dobrem, i to na nich powinni\u015bmy dzisiaj odbudowywa\u0107 polsk\u0105 jedno\u015b\u0107 i wsp\u00f3lnot\u0119. Tymczasem pan Kaczy\u0144ski i jego partia pr\u00f3buj\u0105 zagarn\u0105\u0107 dla siebie kolejny taki wsp\u00f3lny symbol, jakim jest Wawel. Nie odmawiamy mu prawa do modlitwy przy grobie pary prezydenckiej. Szanujemy jego uczucia po \u015bmierci zmar\u0142ego brata. Niech on te\u017c uszanuje nasze i nie robi z Wawelu Nowogrodzkiej. Nie zgadzamy si\u0119 na wykorzystywanie siedmioletniej \u017ca\u0142oby, by pod pretekstem odwiedzin grobu na Wawelu urz\u0105dzano miesi\u0105c w miesi\u0105c partyjne zebrania. MODLI SI\u0118 CZ\u0141OWIEK, NIE PARTIA!<br \/>\nWawel musi pozosta\u0107 miejscem wolnym od polityki i bezpartyjnym. Zaw\u0142aszczanie go jest kolejnym aktem pogardy dla cz\u0119\u015bci spo\u0142ecze\u0144stwa. To pan, panie Kaczy\u0144ski, obra\u017ca uczucia swoich rodak\u00f3w, ci\u0105gn\u0105c ze sob\u0105 na Wawelskie Wzg\u00f3rze partyjnych koleg\u00f3w i ochroniarzy. To nie jest pana prywatny folwark, a krypta te\u017c do pana nie nale\u017cy. Pan jest tam go\u015bciem, nie gospodarzem, i tak prosz\u0119 si\u0119 zachowywa\u0107. Godnie i z szacunkiem. Szacunkiem do wszystkich Polak\u00f3w, bo Wawel nale\u017cy do nas wszystkich. Jest takim samym wsp\u00f3lnym dobrem jak god\u0142o, barwy narodowe i hymn. Nigdy go nie oddamy w r\u0119ce \u017cadnej partii i \u017cadnego uzurpatora. Wawelowi tak jak spo\u0142ecze\u0144stwu nale\u017cy si\u0119 szacunek. To my, polscy obywatele, bronimy godno\u015bci Wawelu, a nie policja, nie borowcy i nie pisowscy ochroniarze. WAWEL POLSKI \u2013 NIE PISOWSKI!&#8221;<\/p>\n<p>(Bogna Blankenberg)<\/p>\n<p><iframe loading=\"lazy\" width=\"1180\" height=\"664\" src=\"https:\/\/www.youtube.com\/embed\/jbC7Gc7xKUU?feature=oembed\" frameborder=\"0\" allowfullscreen><\/iframe><\/p>\n","protected":false},"excerpt":{"rendered":"<p>Mieszka\u0144cy Krakowa pod Wawelem protestowali kolejny raz 18 lutego br. Powodem by\u0142y przyjazdy do Krakowa prezesa PiS Jaros\u0142awa Kaczy\u0144skiego, kt\u00f3ry [&#8230;]<\/p>\n","protected":false},"author":1,"featured_media":6169,"comment_status":"closed","ping_status":"open","sticky":false,"template":"","format":"standard","meta":{"_EventAllDay":false,"_EventTimezone":"","_EventStartDate":"","_EventEndDate":"","_EventStartDateUTC":"","_EventEndDateUTC":"","_EventShowMap":false,"_EventShowMapLink":false,"_EventURL":"","_EventCost":"","_EventCostDescription":"","_EventCurrencySymbol":"","_EventCurrencyCode":"","_EventCurrencyPosition":"","_EventDateTimeSeparator":"","_EventTimeRangeSeparator":"","_EventOrganizerID":[],"_EventVenueID":[],"_OrganizerEmail":"","_OrganizerPhone":"","_OrganizerWebsite":"","_VenueAddress":"","_VenueCity":"","_VenueCountry":"","_VenueProvince":"","_VenueState":"","_VenueZip":"","_VenuePhone":"","_VenueURL":"","_VenueStateProvince":"","_VenueLat":"","_VenueLng":"","_VenueShowMap":false,"_VenueShowMapLink":false,"footnotes":""},"categories":[1],"tags":[],"class_list":["post-6168","post","type-post","status-publish","format-standard","has-post-thumbnail","hentry","category-bez-kategorii","bez-kategorii"],"_links":{"self":[{"href":"https:\/\/kodmalopolska.pl\/index.php?rest_route=\/wp\/v2\/posts\/6168","targetHints":{"allow":["GET"]}}],"collection":[{"href":"https:\/\/kodmalopolska.pl\/index.php?rest_route=\/wp\/v2\/posts"}],"about":[{"href":"https:\/\/kodmalopolska.pl\/index.php?rest_route=\/wp\/v2\/types\/post"}],"author":[{"embeddable":true,"href":"https:\/\/kodmalopolska.pl\/index.php?rest_route=\/wp\/v2\/users\/1"}],"replies":[{"embeddable":true,"href":"https:\/\/kodmalopolska.pl\/index.php?rest_route=%2Fwp%2Fv2%2Fcomments&post=6168"}],"version-history":[{"count":0,"href":"https:\/\/kodmalopolska.pl\/index.php?rest_route=\/wp\/v2\/posts\/6168\/revisions"}],"wp:featuredmedia":[{"embeddable":true,"href":"https:\/\/kodmalopolska.pl\/index.php?rest_route=\/wp\/v2\/media\/6169"}],"wp:attachment":[{"href":"https:\/\/kodmalopolska.pl\/index.php?rest_route=%2Fwp%2Fv2%2Fmedia&parent=6168"}],"wp:term":[{"taxonomy":"category","embeddable":true,"href":"https:\/\/kodmalopolska.pl\/index.php?rest_route=%2Fwp%2Fv2%2Fcategories&post=6168"},{"taxonomy":"post_tag","embeddable":true,"href":"https:\/\/kodmalopolska.pl\/index.php?rest_route=%2Fwp%2Fv2%2Ftags&post=6168"}],"curies":[{"name":"wp","href":"https:\/\/api.w.org\/{rel}","templated":true}]}}