{"id":5564,"date":"2017-01-14T09:00:32","date_gmt":"2017-01-14T08:00:32","guid":{"rendered":"http:\/\/kodmalopolska.pl\/?p=5564"},"modified":"2017-01-14T09:00:32","modified_gmt":"2017-01-14T08:00:32","slug":"titanik","status":"publish","type":"post","link":"https:\/\/kodmalopolska.pl\/?p=5564","title":{"rendered":"Inflacja w g\u00f3r\u0119, a my na Titanicu\u2026"},"content":{"rendered":"<h6>\u017ar\u00f3d\u0142o (<a href=\"https:\/\/www.kod-mazowsze.pl\/inflacja-gore-a-titanicu\/\" target=\"_blank\">kod-mazowsze<\/a>)<\/h6>\n<h2>Jak poda\u0142 GUS w ci\u0105gu miesi\u0105ca ceny wzros\u0142y a\u017c o 0,7 proc. A tymczasem prezydent Andrzej Duda podpisa\u0142 bezrefleksyjnie ustaw\u0119 bud\u017cetow\u0105 na 2017 rok. Co nas czeka?<\/h2>\n<p><em><strong>Leszek \u017barnowski<\/strong><\/em><\/p>\n<p>Podsumujmy rok w ekonomii. Jak rz\u0105d radzi sobie w tym obszarze? Co obieca\u0142 PiS, a co spe\u0142ni\u0142? Jakie s\u0105 koszta tych zmian, ju\u017c zaczynamy widzie\u0107 po wska\u017anikach ekonomicznych, cho\u0107 to nie koniec. Nie na wszystkie pytania zdo\u0142am odpowiedzie\u0107, ale pytania trzeba stawia\u0107.<\/p>\n<p>Wzrost o 0,7 proc to najwi\u0119ksza podwy\u017cka od 2011 roku. Tym samym roczny wska\u017anik inflacji wzr\u00f3s\u0142 z zera do 0,8 proc. Wp\u0142ynie to na programy ekonomiczne rz\u0105du, do\u015b\u0107 kosztowne zreszt\u0105. Za\u0142o\u017cenia na pierwsze sto dni rz\u0105du to m.in. wprowadzenie programu 500 z\u0142otych na dziecko, obni\u017cenie wieku emerytalnego, podniesienie do 8 tys. z\u0142otych kwoty wolnej od podatku, bezp\u0142atne leki dla os\u00f3b po 75. roku \u017cycia.<\/p>\n<p><strong>Ostry skr\u0119t, a g\u00f3r\u0119 lodow\u0105 ju\u017c wida\u0107<\/strong><\/p>\n<p><strong>Cho\u0107 Beata Szyd\u0142o twierdzi, \u017ce ju\u017c wida\u0107 efekty wprowadzonego w lutym (a w\u0142a\u015bciwie nieco p\u00f3\u017aniej) programu 500 +, to przypominam, \u017ce ci\u0105\u017ca trwa 9 miesi\u0119cy. Prawnik, jak pani premier, mo\u017ce tego nie wiedzie\u0107, cho\u0107 powinna jako polityk, \u017ce tak naprawd\u0119 po latach mo\u017cna oceni\u0107 tak du\u017cy projekt rz\u0105dowy, a nie ju\u017c teraz chwali\u0107 si\u0119 sukcesami.<\/strong><\/p>\n<p>W 2016 roku na wyp\u0142aty posz\u0142o ponad 17 mld z\u0142. Pieni\u0105dze dostali wszyscy bez wzgl\u0119du na dochody, a to troch\u0119 dziwne w przypadku, kiedy mamy dziur\u0119 bud\u017cetow\u0105. Kosztowna jest obs\u0142uga programu (pracownicy, programy, op\u0142aty itp.). I troch\u0119 \u017cal, \u017ce po prostu nie podniesiono kwoty wolnej od podatku, bo wtedy za\u0142atwi\u0142o by to oba problemy (wyp\u0142at\u0119 \u015bwiadcze\u0144 rodzinom bogatym i koszty obs\u0142ugi). Ale przecie\u017c by\u0142 to program polityczny, a nie tworzony przez ekonomist\u00f3w czy nawet zwyk\u0142e gospodynie domowe, kt\u00f3re wiedz\u0105, \u017ce od przek\u0142adania pieni\u0119dzy z jednej kieszeni do drugiej nie przybywa ich. Racj\u0119 ma DGP Sergiusz Prokurat, ekonomista i prezes think tanku SCCD (artyku\u0142 w \u201edziennik.pl\u201d), \u017ce \u201eprogram 500+ przypomina troch\u0119 sytuacj\u0119, w kt\u00f3rej ma\u0142o rozs\u0105dny rodzic nieustannie obdarowuje cukierkami dziecko, kt\u00f3re tego si\u0119 oczywi\u015bcie bardzo domaga. Pociecha nie rozumie, \u017ce konsekwencje takiej przyjemno\u015bci w d\u0142u\u017cszym terminie to np. pr\u00f3chnica i cukrzyca. A s\u0142odycze kosztuj\u0105! Tymczasem rz\u0105dz\u0105cym zawsze si\u0119 ko\u0144cz\u0105 cudze pieni\u0105dze.\u201d A praktyk, prezydent Nowej Soli, Wadim Tyszkiewicz stwierdzi\u0142 kr\u00f3tko:\u00a0 \u201eTo najg\u0142upszy system pomocy, jaki tylko mo\u017cna by\u0142o wymy\u015bli\u0107. R\u00f3wno, nie znaczy sprawiedliwie.\u201d<\/p>\n<p>Odp\u0142yw z rynku pracy kobiet, ale tak\u017ce m\u0119\u017cczyzn jest ju\u017c odczuwalny przez pracodawc\u00f3w. Z pracy rezygnuj\u0105 matki, kt\u00f3re nie zdaj\u0105 sobie teraz sprawy, jak ci\u0119\u017cko b\u0119dzie im wr\u00f3ci\u0107 po d\u0142ugiej przerwie. Rezygnuj\u0105 te\u017c niekt\u00f3rzy m\u0119\u017cczy\u017ani, kt\u00f3rzy maj\u0105 zagwarantowany dop\u0142yw got\u00f3wki na dzieci, dlatego za chwil\u0119 oka\u017ce si\u0119, \u017ce firmy nie b\u0119d\u0105 w stanie sprosta\u0107 zam\u00f3wieniom, bo nie ma pracownik\u00f3w. Mo\u017cliwe, \u017ce hydraulicy czy budowla\u0144cy przejd\u0105 do \u201eszarej strefy\u201d, ale czy o to chodzi\u0142o rz\u0105dowi? (&#8230;)<\/p>\n<p>wi\u0119cej na &lt;<a href=\"https:\/\/www.kod-mazowsze.pl\/inflacja-gore-a-titanicu\/\" target=\"_blank\">klik<\/a>&gt;<\/p>\n","protected":false},"excerpt":{"rendered":"<p>\u017ar\u00f3d\u0142o (kod-mazowsze) Jak poda\u0142 GUS w ci\u0105gu miesi\u0105ca ceny wzros\u0142y a\u017c o 0,7 proc. A tymczasem prezydent Andrzej Duda podpisa\u0142 [&#8230;]<\/p>\n","protected":false},"author":1,"featured_media":5565,"comment_status":"closed","ping_status":"open","sticky":false,"template":"","format":"standard","meta":{"_EventAllDay":false,"_EventTimezone":"","_EventStartDate":"","_EventEndDate":"","_EventStartDateUTC":"","_EventEndDateUTC":"","_EventShowMap":false,"_EventShowMapLink":false,"_EventURL":"","_EventCost":"","_EventCostDescription":"","_EventCurrencySymbol":"","_EventCurrencyCode":"","_EventCurrencyPosition":"","_EventDateTimeSeparator":"","_EventTimeRangeSeparator":"","_EventOrganizerID":[],"_EventVenueID":[],"_OrganizerEmail":"","_OrganizerPhone":"","_OrganizerWebsite":"","_VenueAddress":"","_VenueCity":"","_VenueCountry":"","_VenueProvince":"","_VenueState":"","_VenueZip":"","_VenuePhone":"","_VenueURL":"","_VenueStateProvince":"","_VenueLat":"","_VenueLng":"","_VenueShowMap":false,"_VenueShowMapLink":false,"footnotes":""},"categories":[49],"tags":[],"class_list":["post-5564","post","type-post","status-publish","format-standard","has-post-thumbnail","hentry","category-inne-regiony-i-miasta","inne-regiony-i-miasta"],"_links":{"self":[{"href":"https:\/\/kodmalopolska.pl\/index.php?rest_route=\/wp\/v2\/posts\/5564","targetHints":{"allow":["GET"]}}],"collection":[{"href":"https:\/\/kodmalopolska.pl\/index.php?rest_route=\/wp\/v2\/posts"}],"about":[{"href":"https:\/\/kodmalopolska.pl\/index.php?rest_route=\/wp\/v2\/types\/post"}],"author":[{"embeddable":true,"href":"https:\/\/kodmalopolska.pl\/index.php?rest_route=\/wp\/v2\/users\/1"}],"replies":[{"embeddable":true,"href":"https:\/\/kodmalopolska.pl\/index.php?rest_route=%2Fwp%2Fv2%2Fcomments&post=5564"}],"version-history":[{"count":0,"href":"https:\/\/kodmalopolska.pl\/index.php?rest_route=\/wp\/v2\/posts\/5564\/revisions"}],"wp:featuredmedia":[{"embeddable":true,"href":"https:\/\/kodmalopolska.pl\/index.php?rest_route=\/wp\/v2\/media\/5565"}],"wp:attachment":[{"href":"https:\/\/kodmalopolska.pl\/index.php?rest_route=%2Fwp%2Fv2%2Fmedia&parent=5564"}],"wp:term":[{"taxonomy":"category","embeddable":true,"href":"https:\/\/kodmalopolska.pl\/index.php?rest_route=%2Fwp%2Fv2%2Fcategories&post=5564"},{"taxonomy":"post_tag","embeddable":true,"href":"https:\/\/kodmalopolska.pl\/index.php?rest_route=%2Fwp%2Fv2%2Ftags&post=5564"}],"curies":[{"name":"wp","href":"https:\/\/api.w.org\/{rel}","templated":true}]}}