{"id":5380,"date":"2017-01-09T13:53:43","date_gmt":"2017-01-09T12:53:43","guid":{"rendered":"http:\/\/kodmalopolska.pl\/?p=5380"},"modified":"2017-01-09T14:13:23","modified_gmt":"2017-01-09T13:13:23","slug":"oswiadczenie-komisji-rewizyjnej-stowarzyszenia-komitet-obrony-demokracji-komitet-obrony-demokracji","status":"publish","type":"post","link":"https:\/\/kodmalopolska.pl\/?p=5380","title":{"rendered":"O\u015bwiadczenie Komisji Rewizyjnej Stowarzyszenia Komitet Obrony Demokracji &#8211; Komitet Obrony Demokracji"},"content":{"rendered":"<blockquote><p><em>6 stycznia 2017 r.<\/em><\/p>\n<p>Szanowni Pa\u0144stwo,<\/p>\n<p>Maj\u0105c na uwadze dobro Stowarzyszenia KOD, w odpowiedzi na publiczne wezwanie Zarz\u0105du, b\u0119d\u0105ce reakcj\u0105 na zaistnia\u0142\u0105 sytuacj\u0119, Komisja Rewizyjna zobowi\u0105zuje si\u0119 do:<\/p>\n<ol>\n<li>zlecenia audytu finans\u00f3w oraz procedur przez profesjonalnych audytor\u00f3w, w celu zagwarantowania transparentno\u015bci funkcjonowania Stowarzyszenia;<\/li>\n<li>niezw\u0142ocznego przedstawienia wynik\u00f3w audytu;<\/li>\n<li>niezw\u0142ocznego przedstawienia sprawozdania z dotychczasowej dzia\u0142alno\u015bci Komisji.<\/li>\n<\/ol>\n<p>Prosimy o cierpliwo\u015b\u0107. Wyb\u00f3r firmy i post\u0119powanie audytowe zajmie \u2013 w naszej ocenie \u2013 oko\u0142o 6 tygodni, od chwili podpisania umowy do czasu opublikowania raportu. W przypadku op\u00f3\u017anienia z przyczyn od nas niezale\u017cnych \u2013 a takie mog\u0105 si\u0119 pojawi\u0107 \u2013 uwa\u017camy za zasadne przesuni\u0119cie terminu obrad Krajowego Zjazdu Delegat\u00f3w SKOD, do czasu opublikowania wynik\u00f3w raportu z post\u0119powania audytowego.<\/p>\n<p>Jak wynika ze statutu, Komisja Rewizyjna m. in. jest zobowi\u0105zana do przedstawienia sprawozdania ze swojej dzia\u0142alno\u015bci Krajowemu Zjazdowi Delegat\u00f3w SKOD. Od pocz\u0105tku roku przygotowujemy takie sprawozdanie \u2013 szacujemy, \u017ce opracowanie wszystkich zestawie\u0144 zajmie nam jeszcze co najmniej tydzie\u0144. Zobowi\u0105zujemy si\u0119 przedstawi\u0107 je Pa\u0144stwu za po\u015brednictwem dopuszczonych przez Zarz\u0105d kana\u0142\u00f3w komunikacyjnych oraz poprzez nowo wybranych przewodnicz\u0105cych zarz\u0105d\u00f3w regionalnych lub koordynator\u00f3w tymczasowych.<\/p>\n<p>Komisja Rewizyjna powstrzymuje si\u0119 od wydawania jakichkolwiek o\u015bwiadcze\u0144 w mediach do czasu zako\u0144czenia audytu. W przypadku zapyta\u0144 b\u0119dziemy odsy\u0142a\u0107 zainteresowanych do Zarz\u0105du, jako cia\u0142a statutowo w\u0142adnego do reprezentowania Stowarzyszenia. Prosimy Zarz\u0105d o wskazanie osoby odpowiedzialnej za kontakty z mediami w tym zakresie<\/p>\n<p>Sugerujemy, aby osoby bezpo\u015brednio zainteresowane, ze wzgl\u0119du na potencjalny konflikt interes\u00f3w, zawiesi\u0142y wykonywanie swoich obowi\u0105zk\u00f3w w Zarz\u0105dzie SKOD do chwili opublikowania wynik\u00f3w audytu.<\/p>\n<p>Komisja Rewizyjna o\u015bwiadcza r\u00f3wnie\u017c, \u017ce:<\/p>\n<ul>\n<li>w swoim dzia\u0142aniu przestrzega wypracowanych przez doktryn\u0119 zasad wewn\u0119trznej demokracji, praworz\u0105dno\u015bci, r\u00f3wno\u015bci cz\u0142onk\u00f3w i transparentno\u015bci procedur.<\/li>\n<li>opieraj\u0105c si\u0119 na obowi\u0105zuj\u0105cej w polskim prawie zasadzie domniemania niewinno\u015bci, powstrzymuje si\u0119 od zaj\u0119cia w\u0142asnego stanowiska, do czasu otrzymania rzetelnej informacji od Zarz\u0105du SKOD, w tym raportu audytor\u00f3w;<\/li>\n<li>w ca\u0142o\u015bci nie mia\u0142a dost\u0119pu do rachunk\u00f3w Komitetu Spo\u0142ecznego KOD, kt\u00f3ry \u2013 jako cia\u0142o odr\u0119bne \u2013 nie podlega jej kontroli.<\/li>\n<\/ul>\n<p>Pawe\u0142 Wimmer o\u015bwiadczy\u0142, \u017ce w celu zachowania transparentno\u015bci wy\u0142\u0105czy si\u0119 z prac Komisji w zakresie audytu SKOD.<\/p>\n<p><em>El\u017cbieta Pytlarz, przewodnicz\u0105ca<br \/>\nPawe\u0142 Wimmer, sekretarz<br \/>\nMicha\u0142 Klementowski, cz\u0142onek Komisji<\/em><\/p><\/blockquote>\n<p>\u0179r\u00f3d\u0142o: <em><a href=\"https:\/\/www.ruchkod.pl\/oswiadczenie-komisji-rewizyjnej-stowarzyszenia-komitet-obrony-demokracji\/\">O\u015bwiadczenie Komisji Rewizyjnej Stowarzyszenia Komitet Obrony Demokracji &#8211; Komitet Obrony Demokracji<\/a><\/em><\/p>\n","protected":false},"excerpt":{"rendered":"<p>6 stycznia 2017 r. Szanowni Pa\u0144stwo, Maj\u0105c na uwadze dobro Stowarzyszenia KOD, w odpowiedzi na publiczne wezwanie Zarz\u0105du, b\u0119d\u0105ce reakcj\u0105 [&#8230;]<\/p>\n","protected":false},"author":1,"featured_media":5382,"comment_status":"closed","ping_status":"open","sticky":false,"template":"","format":"standard","meta":{"_EventAllDay":false,"_EventTimezone":"","_EventStartDate":"","_EventEndDate":"","_EventStartDateUTC":"","_EventEndDateUTC":"","_EventShowMap":false,"_EventShowMapLink":false,"_EventURL":"","_EventCost":"","_EventCostDescription":"","_EventCurrencySymbol":"","_EventCurrencyCode":"","_EventCurrencyPosition":"","_EventDateTimeSeparator":"","_EventTimeRangeSeparator":"","_EventOrganizerID":[],"_EventVenueID":[],"_OrganizerEmail":"","_OrganizerPhone":"","_OrganizerWebsite":"","_VenueAddress":"","_VenueCity":"","_VenueCountry":"","_VenueProvince":"","_VenueState":"","_VenueZip":"","_VenuePhone":"","_VenueURL":"","_VenueStateProvince":"","_VenueLat":"","_VenueLng":"","_VenueShowMap":false,"_VenueShowMapLink":false,"footnotes":""},"categories":[1,48],"tags":[],"class_list":["post-5380","post","type-post","status-publish","format-standard","has-post-thumbnail","hentry","category-bez-kategorii","category-kod-centrala","bez-kategorii","kod-centrala"],"_links":{"self":[{"href":"https:\/\/kodmalopolska.pl\/index.php?rest_route=\/wp\/v2\/posts\/5380","targetHints":{"allow":["GET"]}}],"collection":[{"href":"https:\/\/kodmalopolska.pl\/index.php?rest_route=\/wp\/v2\/posts"}],"about":[{"href":"https:\/\/kodmalopolska.pl\/index.php?rest_route=\/wp\/v2\/types\/post"}],"author":[{"embeddable":true,"href":"https:\/\/kodmalopolska.pl\/index.php?rest_route=\/wp\/v2\/users\/1"}],"replies":[{"embeddable":true,"href":"https:\/\/kodmalopolska.pl\/index.php?rest_route=%2Fwp%2Fv2%2Fcomments&post=5380"}],"version-history":[{"count":0,"href":"https:\/\/kodmalopolska.pl\/index.php?rest_route=\/wp\/v2\/posts\/5380\/revisions"}],"wp:featuredmedia":[{"embeddable":true,"href":"https:\/\/kodmalopolska.pl\/index.php?rest_route=\/wp\/v2\/media\/5382"}],"wp:attachment":[{"href":"https:\/\/kodmalopolska.pl\/index.php?rest_route=%2Fwp%2Fv2%2Fmedia&parent=5380"}],"wp:term":[{"taxonomy":"category","embeddable":true,"href":"https:\/\/kodmalopolska.pl\/index.php?rest_route=%2Fwp%2Fv2%2Fcategories&post=5380"},{"taxonomy":"post_tag","embeddable":true,"href":"https:\/\/kodmalopolska.pl\/index.php?rest_route=%2Fwp%2Fv2%2Ftags&post=5380"}],"curies":[{"name":"wp","href":"https:\/\/api.w.org\/{rel}","templated":true}]}}