{"id":4588,"date":"2016-10-26T09:37:38","date_gmt":"2016-10-26T07:37:38","guid":{"rendered":"http:\/\/kodmalopolska.pl\/?p=4588"},"modified":"2016-10-26T09:41:27","modified_gmt":"2016-10-26T07:41:27","slug":"gorlice-czarny-protest-24-pazdziernika-2016","status":"publish","type":"post","link":"https:\/\/kodmalopolska.pl\/?p=4588","title":{"rendered":"Gorlice czarny protest 24 pa\u017adziernika 2016"},"content":{"rendered":"<p>Dzi\u015b w Gorlicach protestowa\u0142y nasze Dziewuchy!!! Protestowa\u0142y w obronie Godno\u015bci. W\u0142asnej, swoich c\u00f3rek, matek, przyjaci\u00f3\u0142ek, godno\u015bci nas wszystkich. A tak\u017ce godno\u015bci tych, kt\u00f3re na protest nie przysz\u0142y. Z r\u00f3\u017cnych powod\u00f3w. One te\u017c podj\u0119\u0142y w\u0142asn\u0105 suwerenna decyzj\u0119. I dobrze. Bo przecie\u017c o to toczy si\u0119 sp\u00f3r, kt\u00f3ry zala\u0142 ca\u0142y kraj, a nawet wyszed\u0142 daleko poza granic\u0119. B\u0119dziemy si\u0119 przeciwstawia\u0107 ka\u017cdemu cynizmowi w\u0142adzy i ch\u0119ci deptania naszych praw w imi\u0119 w\u0105skiej partykularnej grupy interes\u00f3w.<br \/>\nDziewuchy, gratuluj\u0119 Wam. Jeste\u015bmy razem.<\/p>\n<p>&nbsp;<\/p>\n[peg-image src=&#8221;https:\/\/lh3.googleusercontent.com\/-N5lVG6t0w0c\/WBBb6rBdNmI\/AAAAAAAAGW4\/6q9UbRkDVtEzWAIg_h3ujpIuv_GYi-OowCCo\/s144-o\/14753863_536790986511784_4606187018275018160_o.jpg&#8221; href=&#8221;https:\/\/picasaweb.google.com\/108738875898604508650\/6345672936285303249?locked=true#6345672938504402530&#8243; caption=&#8221;&#8221; type=&#8221;image&#8221; alt=&#8221;14753863_536790986511784_4606187018275018160_o.jpg&#8221; image_size=&#8221;2048&#215;1536&#8243; ] [peg-image src=&#8221;https:\/\/lh3.googleusercontent.com\/-_wJN331gwbM\/WBBb6mGLJFI\/AAAAAAAAGW4\/8PvDEh9oSks4O7ALDhfvO18OnmHCjf2UwCCo\/s144-o\/14715630_536791013178448_2174751890104358769_o.jpg&#8221; href=&#8221;https:\/\/picasaweb.google.com\/108738875898604508650\/6345672936285303249?locked=true#6345672937182012498&#8243; caption=&#8221;&#8221; type=&#8221;image&#8221; alt=&#8221;14715630_536791013178448_2174751890104358769_o.jpg&#8221; image_size=&#8221;2048&#215;1536&#8243; ] [peg-image src=&#8221;https:\/\/lh3.googleusercontent.com\/-jGVfHD02Pfw\/WBBb6hgov-I\/AAAAAAAAGW4\/9eJuQNjOGMkfDomzi5nEdQxbT6aLRWwbQCCo\/s144-o\/14691150_536790799845136_1139320444833161935_o.jpg&#8221; href=&#8221;https:\/\/picasaweb.google.com\/108738875898604508650\/6345672936285303249?locked=true#6345672935950827490&#8243; caption=&#8221;&#8221; type=&#8221;image&#8221; alt=&#8221;14691150_536790799845136_1139320444833161935_o.jpg&#8221; image_size=&#8221;2048&#215;1536&#8243; ] [peg-image src=&#8221;https:\/\/lh3.googleusercontent.com\/-eDvYDuflNzU\/WBBb6jWsuXI\/AAAAAAAAGW4\/OIoGKLjmq7gDogtsIzhpcJoWx_m2NXC3gCCo\/s144-o\/14753442_536790653178484_1106012899260426415_o.jpg&#8221; href=&#8221;https:\/\/picasaweb.google.com\/108738875898604508650\/6345672936285303249?locked=true#6345672936446015858&#8243; caption=&#8221;&#8221; type=&#8221;image&#8221; alt=&#8221;14753442_536790653178484_1106012899260426415_o.jpg&#8221; image_size=&#8221;2048&#215;1536&#8243; ] [peg-image src=&#8221;https:\/\/lh3.googleusercontent.com\/-btqEf-Nbe5c\/WBBb6oO7qeI\/AAAAAAAAGW4\/Y4RXhp3r0Gcgy1-atQXxcmidpXwrX83dQCCo\/s144-o\/14708039_536790379845178_4476509656586236704_o.jpg&#8221; href=&#8221;https:\/\/picasaweb.google.com\/108738875898604508650\/6345672936285303249?locked=true#6345672937755617762&#8243; caption=&#8221;&#8221; type=&#8221;image&#8221; alt=&#8221;14708039_536790379845178_4476509656586236704_o.jpg&#8221; image_size=&#8221;2048&#215;1536&#8243; ] [peg-image src=&#8221;https:\/\/lh3.googleusercontent.com\/-DpAlnn3X8u4\/WBBb6pe0x_I\/AAAAAAAAGW4\/WPbwbvpu7IwAi6mxOak8ZPov03gHevw3wCCo\/s144-o\/14566484_536790319845184_5672566827444020850_o.jpg&#8221; href=&#8221;https:\/\/picasaweb.google.com\/108738875898604508650\/6345672936285303249?locked=true#6345672938090711026&#8243; caption=&#8221;&#8221; type=&#8221;image&#8221; alt=&#8221;14566484_536790319845184_5672566827444020850_o.jpg&#8221; image_size=&#8221;2048&#215;1536&#8243; ] [peg-image src=&#8221;https:\/\/lh3.googleusercontent.com\/-SZwtbhns6UE\/WBBb6oK1VBI\/AAAAAAAAGW4\/pC7ImtnTrl0VOE1C7pSUbIkTltJeU6oMwCCo\/s144-o\/14853063_536790366511846_1388764572245868673_o.jpg&#8221; href=&#8221;https:\/\/picasaweb.google.com\/108738875898604508650\/6345672936285303249?locked=true#6345672937738425362&#8243; caption=&#8221;&#8221; type=&#8221;image&#8221; alt=&#8221;14853063_536790366511846_1388764572245868673_o.jpg&#8221; image_size=&#8221;2048&#215;1536&#8243; ]\n<p>y razem.<\/p>\n","protected":false},"excerpt":{"rendered":"<p>Dzi\u015b w Gorlicach protestowa\u0142y nasze Dziewuchy!!! Protestowa\u0142y w obronie Godno\u015bci. W\u0142asnej, swoich c\u00f3rek, matek, przyjaci\u00f3\u0142ek, godno\u015bci nas wszystkich. A tak\u017ce [&#8230;]<\/p>\n","protected":false},"author":1,"featured_media":4589,"comment_status":"closed","ping_status":"open","sticky":false,"template":"","format":"standard","meta":{"_EventAllDay":false,"_EventTimezone":"","_EventStartDate":"","_EventEndDate":"","_EventStartDateUTC":"","_EventEndDateUTC":"","_EventShowMap":false,"_EventShowMapLink":false,"_EventURL":"","_EventCost":"","_EventCostDescription":"","_EventCurrencySymbol":"","_EventCurrencyCode":"","_EventCurrencyPosition":"","_EventDateTimeSeparator":"","_EventTimeRangeSeparator":"","_EventOrganizerID":[],"_EventVenueID":[],"_OrganizerEmail":"","_OrganizerPhone":"","_OrganizerWebsite":"","_VenueAddress":"","_VenueCity":"","_VenueCountry":"","_VenueProvince":"","_VenueState":"","_VenueZip":"","_VenuePhone":"","_VenueURL":"","_VenueStateProvince":"","_VenueLat":"","_VenueLng":"","_VenueShowMap":false,"_VenueShowMapLink":false,"footnotes":""},"categories":[86],"tags":[],"class_list":["post-4588","post","type-post","status-publish","format-standard","has-post-thumbnail","hentry","category-relacje-nowosadecki-i-gorlicki","relacje-nowosadecki-i-gorlicki"],"_links":{"self":[{"href":"https:\/\/kodmalopolska.pl\/index.php?rest_route=\/wp\/v2\/posts\/4588","targetHints":{"allow":["GET"]}}],"collection":[{"href":"https:\/\/kodmalopolska.pl\/index.php?rest_route=\/wp\/v2\/posts"}],"about":[{"href":"https:\/\/kodmalopolska.pl\/index.php?rest_route=\/wp\/v2\/types\/post"}],"author":[{"embeddable":true,"href":"https:\/\/kodmalopolska.pl\/index.php?rest_route=\/wp\/v2\/users\/1"}],"replies":[{"embeddable":true,"href":"https:\/\/kodmalopolska.pl\/index.php?rest_route=%2Fwp%2Fv2%2Fcomments&post=4588"}],"version-history":[{"count":0,"href":"https:\/\/kodmalopolska.pl\/index.php?rest_route=\/wp\/v2\/posts\/4588\/revisions"}],"wp:featuredmedia":[{"embeddable":true,"href":"https:\/\/kodmalopolska.pl\/index.php?rest_route=\/wp\/v2\/media\/4589"}],"wp:attachment":[{"href":"https:\/\/kodmalopolska.pl\/index.php?rest_route=%2Fwp%2Fv2%2Fmedia&parent=4588"}],"wp:term":[{"taxonomy":"category","embeddable":true,"href":"https:\/\/kodmalopolska.pl\/index.php?rest_route=%2Fwp%2Fv2%2Fcategories&post=4588"},{"taxonomy":"post_tag","embeddable":true,"href":"https:\/\/kodmalopolska.pl\/index.php?rest_route=%2Fwp%2Fv2%2Ftags&post=4588"}],"curies":[{"name":"wp","href":"https:\/\/api.w.org\/{rel}","templated":true}]}}