{"id":4531,"date":"2016-10-22T22:08:36","date_gmt":"2016-10-22T20:08:36","guid":{"rendered":"http:\/\/kodmalopolska.pl\/?p=4531"},"modified":"2016-10-22T22:17:39","modified_gmt":"2016-10-22T20:17:39","slug":"stop-nienawisc","status":"publish","type":"post","link":"https:\/\/kodmalopolska.pl\/?p=4531","title":{"rendered":"STOP &#8211; Nienawi\u015bci !"},"content":{"rendered":"<p>Grupka kilku m\u0142odych ludzi, w ca\u0142odobowej knajpie na toru\u0144skiej star\u00f3wce, przez czterdzie\u015bci pi\u0119\u0107 minut zn\u0119ca\u0142a si\u0119 nad studentami z Turcji. Zmuszali ich do kl\u0119kania, przepraszania za swoj\u0105 narodowo\u015b\u0107, rzucali w nich jedzeniem. Poproszona o telefon na policj\u0119 ekspedientka odpar\u0142a, \u017ce nie chce i nie zadzwoni. Dopiero, kiedy bandyci zacz\u0119li demolowa\u0107 jej bar uzna\u0142a, \u017ce policja si\u0119 przyda.<\/p>\n<p>Nie wiem, co napisa\u0107. Gdzie ja si\u0119 urodzi\u0142em? Kiedy\u015b, w XVI, XVII wieku, Polska by\u0142a najbardziej tolerancyjnym krajem Europy. Wszyscy europejscy wygna\u0144cy znajdowali tu ciep\u0142y dom. \u017bydzi wygnani z Hiszpanii, arianie i wyznawcy innych religii czuli si\u0119 w\u015br\u00f3d Polak\u00f3w swojsko. Arianie zak\u0142adali drukarnie, \u017bydzi zajmowali si\u0119 g\u0142\u00f3wnie handlem. Praktycznie wcale nie zajmowali si\u0119 tym Polacy, poza wi\u0119kszymi o\u015brodkami miejskimi. Szlachta by\u0142a zbyt dumna by pracowa\u0107, za\u015b ch\u0142opi zbyt zniewoleni i niewykszta\u0142ceni. W Kr\u00f3lestwie Polskim nadanie ch\u0142opom ziemi na w\u0142asno\u015b\u0107, przeprowadzono na podstawie &#8222;Ukazu o uw\u0142aszczeniu w\u0142o\u015bcian w Kr\u00f3lestwie Polskim&#8221;, z dnia 2 marca 1864 r. wydanego przez cara Aleksandra II Romanowa. Uw\u0142aszczenie przeprowadzono za odszkodowaniem pieni\u0119\u017cnym przyznanym by\u0142ym w\u0142a\u015bcicielom, g\u0142\u00f3wnie szlachcie i klerowi. W zaborze austriackim mia\u0142o to miejsce w roku 1848, za\u015b w pruskim proces trwa\u0142 od 1808 do 1872 roku.<\/p>\n<p>I sta\u0142o si\u0119 tak, \u017ce w ciagu jednej chwili pojawi\u0142y si\u0119 miliony wolnych ludzi, kompletnie do wolno\u015bci nieprzygotowanych. T\u0119pota, ksenofobia i nienawi\u015b\u0107 do innych, kt\u00f3rzy czego\u015b w \u017cyciu dokonali i czego\u015b si\u0119 dorobili, rozprzestrzeni\u0142a si\u0119 po kraju jak d\u017cuma. Tak narodzi\u0142 si\u0119 antysemityzm. &#8222;Oni maj\u0105, a my &#8211; Polacy &#8211; nie&#8221;. I jeszcze Chrystusa ukrzy\u017cowali&#8230; Tak narodzi\u0142a si\u0119 nienawi\u015b\u0107 do wszystkich &#8222;innych&#8221;. To twory ludzi najprymitywniejszych, kt\u00f3rzy w\u0142asne braki rekompensowali sobie nienawi\u015bci\u0105 i krzywd\u0105 innych.<\/p>\n<p>Pisz\u0119 tu wprawdzie o historii, ale to nie jest tylko historia. Ten sam mechanizm i te same ksenofobiczne frustracje i nienawi\u015b\u0107 panosz\u0105 si\u0119 po naszym kraju i dzisiaj. Podobnie zreszt\u0105 jest z lud\u017ami u kt\u00f3rych ziarno pada na podatny grunt. To tacy sami niedouczeni, prymitywni hipokryci, jak ci sprzed wiek\u00f3w. Poszerzy\u0142a si\u0119 jedynie skala nienawi\u015bci. Opr\u00f3cz &#8222;innych&#8221; nienawidz\u0105 te\u017c wszystkich, kt\u00f3rzy rozumem i ci\u0119\u017ck\u0105 prac\u0105 zdobyli co\u015b, stworzyli w swoim \u017cyciu. To dla nich mit &#8222;postkomuch\u00f3w&#8221;, bo jako\u015b to sobie trzeba wyt\u0142umaczy\u0107. Wi\u0119c t\u0142umacz\u0105 to sobie tak: To nie &#8222;my&#8221; jeste\u015bmy prymitywni i niezdolni do kierowania swoim \u017cyciem &#8211; to &#8222;oni&#8221; s\u0105 z\u0142odziejami, kt\u00f3rzy nas okradaj\u0105. Teraz podnosz\u0105 g\u0142owy stare demony nacjonalizmu, nienawi\u015bci i agresji. Dlaczego jednak teraz, a nie wcze\u015bniej w czasach powojennych?<\/p>\n<p>To retoryka obecnych rz\u0105dz\u0105cych, kierowana do najprymitywniejszych, w najprymitywniejszy spos\u00f3b, bazuj\u0105cy na nienawi\u015bci do innych, w tym rodak\u00f3w, daje takie efekty. Ale to nie po raz pierwszy w historii. Pozwol\u0119 sobie przytoczy\u0107 tutaj cytat z Winstona Churchila. Nie ten s\u0142ynny &#8222;nigdy tak nieliczni&#8230;.&#8221;, o kt\u00f3rym nies\u0142usznie w Polsce m\u00f3wi si\u0119, \u017ce by\u0142 adresowany do polskich lotnik\u00f3w. By\u0142 adresowany do wszystkich lotnik\u00f3w Bitwy o Angli\u0119. Ten kt\u00f3ry mam na my\u015bli by\u0142 zdecydowanie adresowany do Polak\u00f3w:<\/p>\n<p>&#8222;Historia Europy ma swoj\u0105 tragiczn\u0105 tajemnic\u0119, w\u0142a\u015bnie Polak\u00f3w, kt\u00f3rzy indywidualnie s\u0105 zdolni do heroizmu i posiadaj\u0105 cnoty waleczno\u015bci i wdzi\u0119ku, a kt\u00f3rzy wykazuj\u0105 w swoim \u017cyciu pa\u0144stwowym niedostatki nieuleczalne. Wspaniali w rewolcie i w czasie kl\u0119ski, staj\u0105 si\u0119 nikczemni i n\u0119dzni w chwili zwyci\u0119stwa. Odwa\u017cni z odwa\u017cnych s\u0105 cz\u0119stokro\u0107 kierowani przez pod\u0142ych pomi\u0119dzy najpodlejszymi. Ci\u0119\u017cko m\u00f3wi\u0107 o arogancji i b\u0142\u0119dach ich polityki, o strasznych rzeziach i nieszcz\u0119\u015bciach, na kt\u00f3re zostali skazani przez wariactwa swej polityki.&#8221;<\/p>\n<p>M\u00f3g\u0142bym przytoczy\u0107 tutaj r\u00f3wnie\u017c znany cytat z Norwida, kt\u00f3ry wyg\u0142osi\u0142 opini\u0119 podobn\u0105 jak ta Churchilla, i\u017c jako jednostki i nar\u00f3d bywamy wybitni, a jako spo\u0142ecze\u0144stwo n\u0119dzni, czy Mickiewicza: &#8222;nasz nar\u00f3d jak lawa, z wierzchu zimna i plugawa&#8221;, ale mno\u017cenie cytat\u00f3w na wiele si\u0119 nie zda. Nale\u017ca\u0142oby si\u0119 zastanowi\u0107, co w tym jest, na co nale\u017ca\u0142oby zwr\u00f3ci\u0107 uwag\u0119, czy jest szansa cokolwiek poprawi\u0107. Niestety na razie takiej szansy nie widz\u0119. Tego nie da si\u0119 zmieni\u0107 ukazem. Nawet boskim. Tu nieodzowny jest d\u0142ugi, pokoleniowy proces edukacji, na kt\u00f3r\u0105 niestety ci najbardziej jej potrzebuj\u0105cy s\u0105 odporni jak stal Kruppa. Trzeba pokole\u0144 rozs\u0105dnych rz\u0105d\u00f3w, wielkiej delikatno\u015bci i wielu zach\u0119t, by co\u015b si\u0119 w mentalno\u015bci wsp\u00f3\u0142czesnych &#8222;pa\u0144szczy\u017anianych&#8221; zmieni\u0142o.<\/p>\n<p>Niestety, pan Kaczy\u0144ski dobrze zna i rozumie te zale\u017cno\u015bci i takich ludzi. Otacza si\u0119 nimi. Zach\u0119ca ich do nienawi\u015bci i ksenofobii. Toleruje nazizm i faszyzm na polsk\u0105 mod\u0142\u0119. Tak bowiem naj\u0142atwiej pozyska\u0107 rz\u0105d dusz. Tak by\u0142o zawsze w Polsce i tak jest teraz.<\/p>\n<p>W tym zbo\u017cnym dziele nienawi\u015bci sekunduje mu inna ostoja wstecznictwa i ciemnogrodu. Wsp\u00f3\u0142czesny polski ko\u015bci\u00f3l powszechny. G\u0142\u00f3wnie w osobach obecnych hierarch\u00f3w. Nie ma ju\u017c kardyna\u0142\u00f3w Wyszy\u0144skich. Nie mog\u0119 wymieni\u0107 cho\u0107 jednego takiego \u015bwiat\u0142ego, m\u0105drego i uczciwego hierarchy. S\u0105 za to grubi, pe\u0142ni zach\u0142anno\u015bci i nienawi\u015bci Dziwisze, kt\u00f3rzy nie zawahaj\u0105 si\u0119 dla w\u0142asnych partykularnych interes\u00f3w zdradzi\u0107 nawet kogo\u015b takiego, jak rzekomo uwielbiany przez nich Jan Pawe\u0142 II. Dziwisz wbrew Jego woli opublikowa\u0142 Jego listy i pisma, kt\u00f3re zgodnie z ostatni\u0105 wol\u0105 mia\u0142y by\u0107 zniszczone. Z tych samych powod\u00f3w, z kt\u00f3rych ks. Jankowski kupowa\u0142 z\u0142ote dekle do swojego Bentleya. Ci ludzie, a raczej ich chore z nienawi\u015bci projekcje emitowane s\u0105 co niedziel\u0119, przez jeszcze wi\u0119kszych g\u0142upc\u00f3w na ambonach w ca\u0142ym kraju. A przecie\u017c ko\u015bci\u00f3\u0142 mia\u0142 nie tak dawno &#8211; za komuny &#8211; wysokie notowania, jako ostoja wolno\u015bci. M\u00f3g\u0142 wybra\u0107 drog\u0119 rozumu i nauczania dobra, wybra\u0142 drog\u0119 nienawi\u015bci i nauczania takiej samej nienawistnej polityki.<\/p>\n<p>Z tych w\u0142a\u015bnie powod\u00f3w trudno mi o optymizm, co do przysz\u0142o\u015bci intelektualnej i moralnej Polski. Niezale\u017cnie, czy upadn\u0105 kolejne rz\u0105dy, czy nast\u0119pne b\u0119d\u0105 lepsze, czy gorsze. Ten problem wr\u00f3s\u0142 w serca niewykszta\u0142conych, g\u0142upich, ale pe\u0142nych samozachwytu Polak\u00f3w i nie wiem, czy nawet \u017celazem da si\u0119 go wypali\u0107. Wypowiedzie\u0107 konkordat? Zmieni\u0107 rz\u0105d? To tylko kroczki d\u0142ugiej, wyboistej drogi, kt\u00f3ra nie wiadomo gdzie si\u0119 ko\u0144czy i jakim urwiskiem&#8230;<\/p>\n<p>Witek Zadziorko<\/p>\n","protected":false},"excerpt":{"rendered":"<p>Grupka kilku m\u0142odych ludzi, w ca\u0142odobowej knajpie na toru\u0144skiej star\u00f3wce, przez czterdzie\u015bci pi\u0119\u0107 minut zn\u0119ca\u0142a si\u0119 nad studentami z Turcji. [&#8230;]<\/p>\n","protected":false},"author":1,"featured_media":4533,"comment_status":"closed","ping_status":"open","sticky":false,"template":"","format":"standard","meta":{"_EventAllDay":false,"_EventTimezone":"","_EventStartDate":"","_EventEndDate":"","_EventStartDateUTC":"","_EventEndDateUTC":"","_EventShowMap":false,"_EventShowMapLink":false,"_EventURL":"","_EventCost":"","_EventCostDescription":"","_EventCurrencySymbol":"","_EventCurrencyCode":"","_EventCurrencyPosition":"","_EventDateTimeSeparator":"","_EventTimeRangeSeparator":"","_EventOrganizerID":[],"_EventVenueID":[],"_OrganizerEmail":"","_OrganizerPhone":"","_OrganizerWebsite":"","_VenueAddress":"","_VenueCity":"","_VenueCountry":"","_VenueProvince":"","_VenueState":"","_VenueZip":"","_VenuePhone":"","_VenueURL":"","_VenueStateProvince":"","_VenueLat":"","_VenueLng":"","_VenueShowMap":false,"_VenueShowMapLink":false,"footnotes":""},"categories":[49],"tags":[],"class_list":["post-4531","post","type-post","status-publish","format-standard","has-post-thumbnail","hentry","category-inne-regiony-i-miasta","inne-regiony-i-miasta"],"_links":{"self":[{"href":"https:\/\/kodmalopolska.pl\/index.php?rest_route=\/wp\/v2\/posts\/4531","targetHints":{"allow":["GET"]}}],"collection":[{"href":"https:\/\/kodmalopolska.pl\/index.php?rest_route=\/wp\/v2\/posts"}],"about":[{"href":"https:\/\/kodmalopolska.pl\/index.php?rest_route=\/wp\/v2\/types\/post"}],"author":[{"embeddable":true,"href":"https:\/\/kodmalopolska.pl\/index.php?rest_route=\/wp\/v2\/users\/1"}],"replies":[{"embeddable":true,"href":"https:\/\/kodmalopolska.pl\/index.php?rest_route=%2Fwp%2Fv2%2Fcomments&post=4531"}],"version-history":[{"count":0,"href":"https:\/\/kodmalopolska.pl\/index.php?rest_route=\/wp\/v2\/posts\/4531\/revisions"}],"wp:featuredmedia":[{"embeddable":true,"href":"https:\/\/kodmalopolska.pl\/index.php?rest_route=\/wp\/v2\/media\/4533"}],"wp:attachment":[{"href":"https:\/\/kodmalopolska.pl\/index.php?rest_route=%2Fwp%2Fv2%2Fmedia&parent=4531"}],"wp:term":[{"taxonomy":"category","embeddable":true,"href":"https:\/\/kodmalopolska.pl\/index.php?rest_route=%2Fwp%2Fv2%2Fcategories&post=4531"},{"taxonomy":"post_tag","embeddable":true,"href":"https:\/\/kodmalopolska.pl\/index.php?rest_route=%2Fwp%2Fv2%2Ftags&post=4531"}],"curies":[{"name":"wp","href":"https:\/\/api.w.org\/{rel}","templated":true}]}}