{"id":4474,"date":"2016-10-15T23:09:52","date_gmt":"2016-10-15T21:09:52","guid":{"rendered":"http:\/\/kodmalopolska.pl\/?p=4474"},"modified":"2016-10-15T23:19:53","modified_gmt":"2016-10-15T21:19:53","slug":"namiot-kod-w-szczucinie","status":"publish","type":"post","link":"https:\/\/kodmalopolska.pl\/?p=4474","title":{"rendered":"Namiot KOD w Szczucinie"},"content":{"rendered":"<p style=\"text-align: center;\"><strong>Namiot KOD w Szczucinie 15.10.2016<\/strong><\/p>\n<p style=\"text-align: left;\">Za nami kolejny namiot. Tym razem byli\u015bmy w Szczucinie, mie\u015bcie w prawym g\u00f3rnym naro\u017cniku wojew\u00f3dztwa<br \/>\nMa\u0142opolskiego. \u015awi\u0119tokrzyskie i podkarpackie na wyci\u0105gni\u0119cie r\u0119ki. Na ogromnym placu targowym prowadz\u0105<br \/>\nhandel i tubylcy i przyjezdni z obu s\u0105siednich wojew\u00f3dztw oraz obywatele r\u00f3\u017cnych kraj\u00f3w Europy. W\u015br\u00f3d<br \/>\nkupuj\u0105cych podobnie. Rozmowy trudne, ale podstawy z jakim spotykali\u015bmy si\u0119 mo\u017cna okre\u015bli\u0107 w granicach, od<br \/>\nradosnej akceptacji, poprzez oboj\u0119tno\u015b\u0107, do raczej \u0142agodnej wrogo\u015bci. Pracy by\u0142o mn\u00f3stwo. Pod koniec<br \/>\nzabrak\u0142o nam niekt\u00f3rych ulotek. Kolejny raz pokazali\u015bmy, \u017ce istniejemy, dzia\u0142amy i jeste\u015bmy przyja\u017anie<br \/>\nnastawieni do spo\u0142ecze\u0144stwa, a naszym celem jest obrona zdobyczy demokracji i tworzenie spo\u0142ecze\u0144stwa<br \/>\nobywatelskiego, kt\u00f3re potrafi m\u0105drze podejmowa\u0107 decyzje.<br \/>\nPod namiotem \u2013 jak zwykle \u2013 stawi\u0142a si\u0119 du\u017ca grupa ochotnik\u00f3w. To grupa ludzi, kt\u00f3rzy nie tylko \u015bwietnie i z<br \/>\npasj\u0105 pracuj\u0105 i nadaj\u0105 na tej samej fali, ale maj\u0105 z tego dzia\u0142ania autentyczn\u0105 frajd\u0119 \u2013 przynajmniej ja mam<br \/>\ntakie wra\u017cenie.<\/p>\n<p style=\"text-align: right;\"><em>Wszystkim nale\u017c\u0105 si\u0119 wielkie podzi\u0119kowania.<\/em><br \/>\n<em>JK<\/em><\/p>\n<hr \/>\n<p style=\"text-align: left;\">kilka fotek &lt; <a href=\"https:\/\/goo.gl\/photos\/YtGo32SBXgEPc9q26\"><strong>KLIK<\/strong><\/a> &gt;<\/p>\n","protected":false},"excerpt":{"rendered":"<p>Namiot KOD w Szczucinie 15.10.2016 Za nami kolejny namiot. Tym razem byli\u015bmy w Szczucinie, mie\u015bcie w prawym g\u00f3rnym naro\u017cniku wojew\u00f3dztwa [&#8230;]<\/p>\n","protected":false},"author":11,"featured_media":4475,"comment_status":"closed","ping_status":"open","sticky":false,"template":"","format":"standard","meta":{"_EventAllDay":false,"_EventTimezone":"","_EventStartDate":"","_EventEndDate":"","_EventStartDateUTC":"","_EventEndDateUTC":"","_EventShowMap":false,"_EventShowMapLink":false,"_EventURL":"","_EventCost":"","_EventCostDescription":"","_EventCurrencySymbol":"","_EventCurrencyCode":"","_EventCurrencyPosition":"","_EventDateTimeSeparator":"","_EventTimeRangeSeparator":"","_EventOrganizerID":[],"_EventVenueID":[],"_OrganizerEmail":"","_OrganizerPhone":"","_OrganizerWebsite":"","_VenueAddress":"","_VenueCity":"","_VenueCountry":"","_VenueProvince":"","_VenueState":"","_VenueZip":"","_VenuePhone":"","_VenueURL":"","_VenueStateProvince":"","_VenueLat":"","_VenueLng":"","_VenueShowMap":false,"_VenueShowMapLink":false,"footnotes":""},"categories":[36],"tags":[246,171,251,192],"class_list":["post-4474","post","type-post","status-publish","format-standard","has-post-thumbnail","hentry","category-relacje-tarnow","tag-akcja-namiotowa","tag-kod","tag-namiot","tag-tarnow","relacje-tarnow"],"_links":{"self":[{"href":"https:\/\/kodmalopolska.pl\/index.php?rest_route=\/wp\/v2\/posts\/4474","targetHints":{"allow":["GET"]}}],"collection":[{"href":"https:\/\/kodmalopolska.pl\/index.php?rest_route=\/wp\/v2\/posts"}],"about":[{"href":"https:\/\/kodmalopolska.pl\/index.php?rest_route=\/wp\/v2\/types\/post"}],"author":[{"embeddable":true,"href":"https:\/\/kodmalopolska.pl\/index.php?rest_route=\/wp\/v2\/users\/11"}],"replies":[{"embeddable":true,"href":"https:\/\/kodmalopolska.pl\/index.php?rest_route=%2Fwp%2Fv2%2Fcomments&post=4474"}],"version-history":[{"count":0,"href":"https:\/\/kodmalopolska.pl\/index.php?rest_route=\/wp\/v2\/posts\/4474\/revisions"}],"wp:featuredmedia":[{"embeddable":true,"href":"https:\/\/kodmalopolska.pl\/index.php?rest_route=\/wp\/v2\/media\/4475"}],"wp:attachment":[{"href":"https:\/\/kodmalopolska.pl\/index.php?rest_route=%2Fwp%2Fv2%2Fmedia&parent=4474"}],"wp:term":[{"taxonomy":"category","embeddable":true,"href":"https:\/\/kodmalopolska.pl\/index.php?rest_route=%2Fwp%2Fv2%2Fcategories&post=4474"},{"taxonomy":"post_tag","embeddable":true,"href":"https:\/\/kodmalopolska.pl\/index.php?rest_route=%2Fwp%2Fv2%2Ftags&post=4474"}],"curies":[{"name":"wp","href":"https:\/\/api.w.org\/{rel}","templated":true}]}}